{"id":2455,"date":"2012-10-17T21:01:49","date_gmt":"2012-10-18T00:01:49","guid":{"rendered":"http:\/\/www.24baires.com\/?p=2455"},"modified":"2012-10-17T21:01:49","modified_gmt":"2012-10-18T00:01:49","slug":"aumento-indirecto-para-efectivos-de-la-policia-bonaerense","status":"publish","type":"post","link":"https:\/\/www.24baires.com\/?p=2455","title":{"rendered":"Aumento indirecto para efectivos de la Polic\u00eda Bonaerense"},"content":{"rendered":"<p><img data-recalc-dims=\"1\" loading=\"lazy\" decoding=\"async\" class=\"alignleft size-medium wp-image-2456\" title=\"policiabonaerense\" src=\"https:\/\/i0.wp.com\/www.24baires.com\/wp-content\/uploads\/2012\/10\/policiabonaerense.jpg?resize=300%2C208\" alt=\"\" width=\"300\" height=\"208\" srcset=\"https:\/\/i0.wp.com\/www.24baires.com\/wp-content\/uploads\/2012\/10\/policiabonaerense.jpg?resize=300%2C208&amp;ssl=1 300w, https:\/\/i0.wp.com\/www.24baires.com\/wp-content\/uploads\/2012\/10\/policiabonaerense.jpg?w=560&amp;ssl=1 560w\" sizes=\"auto, (max-width: 300px) 100vw, 300px\" \/>La medida regir\u00e1 desde noviembre s\u00f3lo para los servicios adicionales que prestan los efectivos por custodia en espect\u00e1culos p\u00fablicos, bancos e instituciones. El incremento ser\u00e1 de entre el 14 y el 20 por ciento.<!--more--><\/p>\n<p>El gobierno bonaerense decidi\u00f3 aumentar de manera indirecta los salarios de los efectivos de la Bonaerense a trav\u00e9s de una resoluci\u00f3n interna del Ministerio de Justicia y Seguridad, publicada hoy en el Bolet\u00edn Oficial.<\/p>\n<p>Este incremento, de entre 14 y 20 por ciento, comenzar\u00e1 a regir a partir del 1 de noviembre para los servicios adicionales (POLAD).<\/p>\n<p>De acuerdo a la resoluci\u00f3n, la categor\u00eda 1, que corresponde a custodia de espect\u00e1culos o reuniones p\u00fablicas, pasar\u00e1 de 15 a 18 pesos por hora. La misma suba tendr\u00e1 la custodia en hospitales y organismos centralizados o descentralizados de la Administraci\u00f3n P\u00fablica.<\/p>\n<p>En tanto, la categor\u00eda 2 (servicios en bancos, instituciones de cr\u00e9ditos o locales que guarden valores) pasar\u00e1 de 18 a 21 pesos y la categor\u00eda 3 (acompa\u00f1amiento de pagadores, recaudadores, traslado de valores y seguridad de personas o bienes) pasar\u00e1 de 21 a 24 pesos.<\/p>\n<p>La medida dispone adem\u00e1s que el monto por horas adicionales no debe superar \u00ablos porcentajes m\u00e1ximos con relaci\u00f3n al sueldo b\u00e1sico del oficial de polic\u00eda de las Polic\u00edas\u00bb, siendo para la categor\u00eda 1 el 29 por ciento del total de la remuneraci\u00f3n mensual, para la categor\u00eda 2 el 34 por ciento y, finalmente, para la categor\u00eda 3 el 40 por ciento.<\/p>\n","protected":false},"excerpt":{"rendered":"<p>La medida regir\u00e1 desde noviembre s\u00f3lo para los servicios adicionales que prestan los efectivos por custodia en espect\u00e1culos p\u00fablicos, bancos e instituciones. El incremento ser\u00e1 de entre el 14 y el 20 por ciento.<\/p>\n","protected":false},"author":4,"featured_media":0,"comment_status":"open","ping_status":"open","sticky":false,"template":"","format":"standard","meta":{"_jetpack_newsletter_access":"","_jetpack_dont_email_post_to_subs":false,"_jetpack_newsletter_tier_id":0,"_jetpack_memberships_contains_paywalled_content":false,"_jetpack_memberships_contains_paid_content":false,"footnotes":""},"categories":[40],"tags":[],"class_list":["post-2455","post","type-post","status-publish","format-standard","hentry","category-provincia"],"jetpack_featured_media_url":"","jetpack_shortlink":"https:\/\/wp.me\/p2JWE0-DB","jetpack-related-posts":[{"id":112836,"url":"https:\/\/www.24baires.com\/?p=112836","url_meta":{"origin":2455,"position":0},"title":"Piden a Vidal que \u201crecapacite\u201d para dejar sin efecto el tarifazo de luz","author":"GB","date":"04\/11\/2019","format":false,"excerpt":"La ONG Asociaci\u00f3n de Consumidores Responsables le exigi\u00f3 a la gobernadora bonaerense que no lleve a cabo la medida. La gobernadora, Mar\u00eda Eugenia Vidal, suma m\u00e1s rechazos tras autorizar el incremento de la tarifa de energ\u00eda el\u00e9ctrica. Ahora la ONG Asociaci\u00f3n Consumidores Responsables le realiz\u00f3 cr\u00edticas y le exigi\u00f3 que\u2026","rel":"","context":"En \u00abProvincia\u00bb","block_context":{"text":"Provincia","link":"https:\/\/www.24baires.com\/?cat=40"},"img":{"alt_text":"","src":"https:\/\/i0.wp.com\/www.24baires.com\/wp-content\/uploads\/2019\/10\/voto-vidal.jpg?resize=350%2C200","width":350,"height":200,"srcset":"https:\/\/i0.wp.com\/www.24baires.com\/wp-content\/uploads\/2019\/10\/voto-vidal.jpg?resize=350%2C200 1x, https:\/\/i0.wp.com\/www.24baires.com\/wp-content\/uploads\/2019\/10\/voto-vidal.jpg?resize=525%2C300 1.5x"},"classes":[]},{"id":111251,"url":"https:\/\/www.24baires.com\/?p=111251","url_meta":{"origin":2455,"position":1},"title":"El gobierno bonaerense ofreci\u00f3 34% de aumento salarial para los m\u00e9dicos","author":"GB","date":"19\/07\/2019","format":false,"excerpt":"El Poder Ejecutivo mantuvo una reuni\u00f3n con representantes de Cicop y les propuso el incremento hasta noviembre. El jueves a la tarde el gobierno bonaerense recibi\u00f3 por primera vez en lo que va del a\u00f1o al gremio que nuclea a los m\u00e9dicos y profesionales de la salud. Luego de varios\u2026","rel":"","context":"En \u00abProvincia\u00bb","block_context":{"text":"Provincia","link":"https:\/\/www.24baires.com\/?cat=40"},"img":{"alt_text":"","src":"https:\/\/i0.wp.com\/www.24baires.com\/wp-content\/uploads\/2014\/11\/cicop-paro.jpg?resize=350%2C200","width":350,"height":200,"srcset":"https:\/\/i0.wp.com\/www.24baires.com\/wp-content\/uploads\/2014\/11\/cicop-paro.jpg?resize=350%2C200 1x, https:\/\/i0.wp.com\/www.24baires.com\/wp-content\/uploads\/2014\/11\/cicop-paro.jpg?resize=525%2C300 1.5x"},"classes":[]},{"id":100024,"url":"https:\/\/www.24baires.com\/?p=100024","url_meta":{"origin":2455,"position":2},"title":"Autorizan un nuevo aumento en la tarifa de luz del 32% en la provincia","author":"GB","date":"18\/01\/2018","format":false,"excerpt":"La resoluci\u00f3n fue publicada en el bolet\u00edn oficial y consta de dos subas: una del 20% para lo que se consuma hasta el 31 de enero y otra de alrededor del 10% a partir de febrero. Tras la suba del precio mayorista dispuesto por la Secretaria de Energ\u00eda El\u00e9ctrica de\u2026","rel":"","context":"En \u00abProvincia\u00bb","block_context":{"text":"Provincia","link":"https:\/\/www.24baires.com\/?cat=40"},"img":{"alt_text":"","src":"https:\/\/i0.wp.com\/www.24baires.com\/wp-content\/uploads\/2016\/09\/boletas-de-luz.jpg?resize=350%2C200","width":350,"height":200,"srcset":"https:\/\/i0.wp.com\/www.24baires.com\/wp-content\/uploads\/2016\/09\/boletas-de-luz.jpg?resize=350%2C200 1x, https:\/\/i0.wp.com\/www.24baires.com\/wp-content\/uploads\/2016\/09\/boletas-de-luz.jpg?resize=525%2C300 1.5x"},"classes":[]},{"id":94635,"url":"https:\/\/www.24baires.com\/?p=94635","url_meta":{"origin":2455,"position":3},"title":"La Justicia suspendi\u00f3 el tarifazo en la Provincia tras un pedido del Defensor del Pueblo","author":"GB","date":"19\/05\/2017","format":false,"excerpt":"Un juez hizo lugar a una medida precautelar y suspendi\u00f3 los efectos de la resoluci\u00f3n que habilita el tarifazo en Buenos Aires. Alcanza a las distribuidoras EDELAP, EDEA, EDEN, EDES y a las Cooperativas. El juez en lo contencioso administrativo Luis Arias concedi\u00f3 hoy una medida precautelar presentada por el\u2026","rel":"","context":"En \u00abProvincia\u00bb","block_context":{"text":"Provincia","link":"https:\/\/www.24baires.com\/?cat=40"},"img":{"alt_text":"","src":"https:\/\/i0.wp.com\/www.24baires.com\/wp-content\/uploads\/2016\/09\/boletas-de-luz.jpg?resize=350%2C200","width":350,"height":200,"srcset":"https:\/\/i0.wp.com\/www.24baires.com\/wp-content\/uploads\/2016\/09\/boletas-de-luz.jpg?resize=350%2C200 1x, https:\/\/i0.wp.com\/www.24baires.com\/wp-content\/uploads\/2016\/09\/boletas-de-luz.jpg?resize=525%2C300 1.5x"},"classes":[]},{"id":112774,"url":"https:\/\/www.24baires.com\/?p=112774","url_meta":{"origin":2455,"position":4},"title":"Vidal autoriz\u00f3 un nuevo tarifazo de luz para toda la Provincia","author":"GB","date":"30\/10\/2019","format":false,"excerpt":"Promedia un 25 por ciento y alcanza a los usuarios de EDELAP, EDEA, EDEN, EDES y las 200 cooperativas bonaerenses. La resoluci\u00f3n se firm\u00f3 el d\u00eda despu\u00e9s de la derrota electoral. No hab\u00edan transcurrido 24 horas desde que se confirmara la derrota en las urnas, frente a Axel Kicillof, cuando\u2026","rel":"","context":"En \u00abProvincia\u00bb","block_context":{"text":"Provincia","link":"https:\/\/www.24baires.com\/?cat=40"},"img":{"alt_text":"","src":"https:\/\/i0.wp.com\/www.24baires.com\/wp-content\/uploads\/2019\/08\/vidal.jpg?resize=350%2C200","width":350,"height":200,"srcset":"https:\/\/i0.wp.com\/www.24baires.com\/wp-content\/uploads\/2019\/08\/vidal.jpg?resize=350%2C200 1x, https:\/\/i0.wp.com\/www.24baires.com\/wp-content\/uploads\/2019\/08\/vidal.jpg?resize=525%2C300 1.5x"},"classes":[]},{"id":122052,"url":"https:\/\/www.24baires.com\/?p=122052","url_meta":{"origin":2455,"position":5},"title":"Kicillof anunci\u00f3 un aumento salarial para Polic\u00eda y Fuerzas de Seguridad","author":"GB","date":"12\/02\/2025","format":false,"excerpt":"El Gobierno bonaerense dispuso un incremento del 9%, en sinton\u00eda con el otorgado a los trabajadores estatales. El Gobierno provincial anunci\u00f3 un incremento salarial escalonado del 9% para el personal policial, con subas del 7% en febrero y 2% en marzo; suma similar a la acordada con los trabajadores de\u2026","rel":"","context":"En \u00abProvincia\u00bb","block_context":{"text":"Provincia","link":"https:\/\/www.24baires.com\/?cat=40"},"img":{"alt_text":"","src":"https:\/\/i0.wp.com\/www.24baires.com\/wp-content\/uploads\/2025\/02\/policia-bonaerense.webp?resize=350%2C200","width":350,"height":200,"srcset":"https:\/\/i0.wp.com\/www.24baires.com\/wp-content\/uploads\/2025\/02\/policia-bonaerense.webp?resize=350%2C200 1x, https:\/\/i0.wp.com\/www.24baires.com\/wp-content\/uploads\/2025\/02\/policia-bonaerense.webp?resize=525%2C300 1.5x, https:\/\/i0.wp.com\/www.24baires.com\/wp-content\/uploads\/2025\/02\/policia-bonaerense.webp?resize=700%2C400 2x"},"classes":[]}],"jetpack_sharing_enabled":true,"jetpack_likes_enabled":true,"_links":{"self":[{"href":"https:\/\/www.24baires.com\/index.php?rest_route=\/wp\/v2\/posts\/2455","targetHints":{"allow":["GET"]}}],"collection":[{"href":"https:\/\/www.24baires.com\/index.php?rest_route=\/wp\/v2\/posts"}],"about":[{"href":"https:\/\/www.24baires.com\/index.php?rest_route=\/wp\/v2\/types\/post"}],"author":[{"embeddable":true,"href":"https:\/\/www.24baires.com\/index.php?rest_route=\/wp\/v2\/users\/4"}],"replies":[{"embeddable":true,"href":"https:\/\/www.24baires.com\/index.php?rest_route=%2Fwp%2Fv2%2Fcomments&post=2455"}],"version-history":[{"count":0,"href":"https:\/\/www.24baires.com\/index.php?rest_route=\/wp\/v2\/posts\/2455\/revisions"}],"wp:attachment":[{"href":"https:\/\/www.24baires.com\/index.php?rest_route=%2Fwp%2Fv2%2Fmedia&parent=2455"}],"wp:term":[{"taxonomy":"category","embeddable":true,"href":"https:\/\/www.24baires.com\/index.php?rest_route=%2Fwp%2Fv2%2Fcategories&post=2455"},{"taxonomy":"post_tag","embeddable":true,"href":"https:\/\/www.24baires.com\/index.php?rest_route=%2Fwp%2Fv2%2Ftags&post=2455"}],"curies":[{"name":"wp","href":"https:\/\/api.w.org\/{rel}","templated":true}]}}