{"id":24419,"date":"2013-05-26T17:00:32","date_gmt":"2013-05-26T20:00:32","guid":{"rendered":"http:\/\/www.24baires.com\/?p=24419"},"modified":"2013-05-26T15:25:41","modified_gmt":"2013-05-26T18:25:41","slug":"el-senado-bonaerense-apoyo-el-reclamo-contra-cablevision-por-el-precio-del-abono","status":"publish","type":"post","link":"https:\/\/www.24baires.com\/?p=24419","title":{"rendered":"El Senado bonaerense apoy\u00f3 el reclamo contra Cablevisi\u00f3n por el precio del abono"},"content":{"rendered":"<p><img data-recalc-dims=\"1\" loading=\"lazy\" decoding=\"async\" class=\"aligncenter size-full wp-image-23981\" alt=\"senadobonaerense2-679x350\" src=\"https:\/\/i0.wp.com\/www.24baires.com\/wp-content\/uploads\/2013\/05\/senadobonaerense2-679x350.jpg?resize=560%2C288\" width=\"560\" height=\"288\" srcset=\"https:\/\/i0.wp.com\/www.24baires.com\/wp-content\/uploads\/2013\/05\/senadobonaerense2-679x350.jpg?w=560&amp;ssl=1 560w, https:\/\/i0.wp.com\/www.24baires.com\/wp-content\/uploads\/2013\/05\/senadobonaerense2-679x350.jpg?resize=300%2C154&amp;ssl=1 300w\" sizes=\"auto, (max-width: 560px) 100vw, 560px\" \/><\/p>\n<p>La C\u00e1mara de Senadores bonaerense respald\u00f3 la presentaci\u00f3n judicial de la Defensor\u00eda del Pueblo provincial contra la empresa Cablevisi\u00f3n S.A., por el valor del servicio, y solicit\u00f3 que la firma adecue el costo del abono b\u00e1sico del cable.<!--more--><\/p>\n<p>La C\u00e1mara Alta acompa\u00f1\u00f3 el proyecto elevado por el senador del Frente para la Victoria, Luciano Martini, y dio su \u00abbenepl\u00e1cito\u00bb por \u00abel accionar de la Defensor\u00eda del Pueblo de la Provincia de Buenos Aires al impulsar un reclamo ante la Justicia Federal en defensa de los usuarios de Cablevisi\u00f3n, con el fin de que la empresa adecue el monto que debe cobrarse como abono\u00bb.<\/p>\n<p>A su vez, el Senado solicit\u00f3 a la empresa que \u00abde forma inmediata\u00bb adecue el valor del abono b\u00e1sico del cable en $130, tal como lo establece una resoluci\u00f3n de la Secretar\u00eda de Comercio Interior de la Naci\u00f3n.<\/p>\n<p>Al respecto, Martini explic\u00f3 que \u00abla intervenci\u00f3n del Defensor del Pueblo Carlos Bonicatto en relaci\u00f3n a la empresa prestadora de servicios de televisi\u00f3n por cable, Cablevisi\u00f3n, responde a las numerosas quejas de abonados del servicio que se han recibido desde numerosos municipios de toda la Provincia y en virtud de que la empresa, adem\u00e1s de no cumplir con la determinaci\u00f3n de la Justicia, anunci\u00f3 inminentes aumentos en la tarifa\u00bb.<\/p>\n<p>\u00abDe esta manera, tanto el fallo del Juzgado Federal 2 de La Plata a cargo del juez Adolfo Ziulu como el fallo confirmatorio del 5 de de Marzo del corriente a\u00f1o de la Sala I de la C\u00e1mara Federal de Apelaciones de La Plata, dispuso que la empresa Cablevisi\u00f3n adecue su facturaci\u00f3n seg\u00fan lo establecido por la Secretar\u00eda de Comercio Interior de la Naci\u00f3n, fijando un abono mensual de 130 pesos\u00bb, aclar\u00f3.<\/p>\n<p>El senador kirchnerista expres\u00f3 que \u00abes necesario destacar entonces, la funci\u00f3n de garant\u00eda del Defensor del Pueblo de la Provincia de Buenos Aires, que a trav\u00e9s de su accionar directo, comprometido y eficaz promueve la democracia y trabaja para que el Estado responda por los derechos y garant\u00edas de los habitantes del territorio provincial\u00bb.<\/p>\n<p>La presentaci\u00f3n, que lleva las firmas de los senadores Gustavo Oliva y Emilio L\u00f3pez Muntaner, se da en simult\u00e1neo con una iniciativa similar, que es impulsada por el presidente del Bloque de concejales del FpV-Nacional y Popular, Sebasti\u00e1n Tangorra, en el Concejo Deliberante de la capital provincial.<\/p>\n<p>El Juzgado Federal N\u00b02 de La Plata, hizo lugar el pasado 19 de abril al pedido de la Defensor\u00eda del Pueblo de la provincia de Buenos Aires y fij\u00f3 una multa diaria de $100.000 contra la empresa, ante la negativa de acatar la medida cautelar dispuesta sobre el valor de las tarifas.<\/p>\n<p>&nbsp;<\/p>\n<p>&nbsp;<\/p>\n<p>&nbsp;<\/p>\n","protected":false},"excerpt":{"rendered":"<p>La C\u00e1mara de Senadores bonaerense respald\u00f3 la presentaci\u00f3n judicial de la Defensor\u00eda del Pueblo provincial contra la empresa Cablevisi\u00f3n S.A., por el valor del servicio, y solicit\u00f3 que la firma adecue el costo del abono b\u00e1sico del cable.<\/p>\n","protected":false},"author":11,"featured_media":0,"comment_status":"open","ping_status":"open","sticky":false,"template":"","format":"standard","meta":{"_jetpack_newsletter_access":"","_jetpack_dont_email_post_to_subs":false,"_jetpack_newsletter_tier_id":0,"_jetpack_memberships_contains_paywalled_content":false,"_jetpack_memberships_contains_paid_content":false,"footnotes":""},"categories":[54],"tags":[],"class_list":["post-24419","post","type-post","status-publish","format-standard","hentry","category-medios"],"jetpack_featured_media_url":"","jetpack_shortlink":"https:\/\/wp.me\/p2JWE0-6lR","jetpack-related-posts":[{"id":18766,"url":"https:\/\/www.24baires.com\/?p=18766","url_meta":{"origin":24419,"position":0},"title":"Senadores bonaerenses apoyan las acciones judiciales contra Cablevisi\u00f3n","author":"AF","date":"18\/03\/2013","format":false,"excerpt":"Un proyecto impulsado en la C\u00e1mara alta respalda la presentaci\u00f3n judicial de la Defensor\u00eda del Pueblo provincial contra la empresa del Grupo Clar\u00edn por el cobro indebido de su servicio y solicita que la firma adecue el costo del abono b\u00e1sico del cable. \u201cEsta acci\u00f3n judicial logr\u00f3 ponerle un l\u00edmite\u2026","rel":"","context":"En \u00abMedios\u00bb","block_context":{"text":"Medios","link":"https:\/\/www.24baires.com\/?cat=54"},"img":{"alt_text":"","src":"","width":0,"height":0},"classes":[]},{"id":19085,"url":"https:\/\/www.24baires.com\/?p=19085","url_meta":{"origin":24419,"position":1},"title":"\u201cCablevisi\u00f3n no vende caramelos, es un servicio de inter\u00e9s p\u00fablico\u201d","author":"AF","date":"22\/03\/2013","format":false,"excerpt":"Lo dijo el senador Luciano Martini, tras el apoyo de la C\u00e1mara Alta a la presentaci\u00f3n judicial de la Defensor\u00eda del Pueblo contra Cablevisi\u00f3n por el cobro indebido de su servicio. \u201cEstas empresas tienen que entender que dejaron de ser servicios privados y ajustarse al Estado de derecho\u201d, se\u00f1al\u00f3. La\u2026","rel":"","context":"En \u00abMedios\u00bb","block_context":{"text":"Medios","link":"https:\/\/www.24baires.com\/?cat=54"},"img":{"alt_text":"","src":"","width":0,"height":0},"classes":[]},{"id":13638,"url":"https:\/\/www.24baires.com\/?p=13638","url_meta":{"origin":24419,"position":2},"title":"Cablevisi\u00f3n deber\u00e1 bajar la tarifa b\u00e1sica por una medida cautelar","author":"AF","date":"26\/01\/2013","format":false,"excerpt":"La justicia convalid\u00f3 la medida cautelar contra Cablevisi\u00f3n que present\u00f3 la Defensor\u00eda del Pueblo bonaerense y confirm\u00f3 que la empresa debe cobrar su abono de TV por cable a 130 pesos. El tratamiento de este caso en feria judicial surge del pedido del Defensor del Pueblo, Carlos Bonicatto, quien solicit\u00f3\u2026","rel":"","context":"En \u00abMedios\u00bb","block_context":{"text":"Medios","link":"https:\/\/www.24baires.com\/?cat=54"},"img":{"alt_text":"cablevisi\u00f3n","src":"https:\/\/i0.wp.com\/www.24baires.com\/wp-content\/uploads\/2013\/01\/cablevisi%C3%B3n-300x199.jpg?resize=350%2C200","width":350,"height":200},"classes":[]},{"id":20756,"url":"https:\/\/www.24baires.com\/?p=20756","url_meta":{"origin":24419,"position":3},"title":"Rechazan la presentaci\u00f3n de Cablevisi\u00f3n y fijan el abono en $130","author":"AF","date":"11\/04\/2013","format":false,"excerpt":"La C\u00e1mara Federal de Apelaciones de La Plata rechaz\u00f3 el planteo realizado por la empresa Cablevisi\u00f3n S.A. y aval\u00f3 la presentaci\u00f3n realizada por la Defensor\u00eda del Pueblo de la provincia de Buenos Aires que fija en 130 pesos el abono b\u00e1sico de cable. La C\u00e1mara Federal rechaz\u00f3 un recurso extraordinario\u2026","rel":"","context":"En \u00abMedios\u00bb","block_context":{"text":"Medios","link":"https:\/\/www.24baires.com\/?cat=54"},"img":{"alt_text":"","src":"","width":0,"height":0},"classes":[]},{"id":21482,"url":"https:\/\/www.24baires.com\/?p=21482","url_meta":{"origin":24419,"position":4},"title":"Cablevisi\u00f3n deber\u00e1 pagar $100 mil por d\u00eda hasta que baje su tarifa a $130","author":"AF","date":"20\/04\/2013","format":false,"excerpt":"La sanci\u00f3n fue resuelta por el magistrado platense Adolfo Ziulu, tras hacer lugar a un pedido de la Defensor\u00eda del Pueblo bonaerense. A pesar de las sucesivas \u00f3rdenes judiciales, la cableoperadora del Grupo Clar\u00edn se ha negado hasta el momento a adecuar el su abono b\u00e1sico mensual a los 130\u2026","rel":"","context":"En \u00abMedios\u00bb","block_context":{"text":"Medios","link":"https:\/\/www.24baires.com\/?cat=54"},"img":{"alt_text":"cablevisi\u00f3n","src":"https:\/\/i0.wp.com\/www.24baires.com\/wp-content\/uploads\/2013\/01\/cablevisi%C3%B3n-300x199.jpg?resize=350%2C200","width":350,"height":200},"classes":[]},{"id":7260,"url":"https:\/\/www.24baires.com\/?p=7260","url_meta":{"origin":24419,"position":5},"title":"La Defensor\u00eda Bonaerense present\u00f3 una acci\u00f3n judicial para adecuar las tarifas de Cablevisi\u00f3n","author":"Grupo Sierra","date":"29\/11\/2012","format":false,"excerpt":"La Defensor\u00eda del Pueblo de la Provincia de Buenos Aires present\u00f3 un amparo para exigir la nulidad del aumento del servicio que aplic\u00f3 Cablevisi\u00f3n en enero de 2011 y la devoluci\u00f3n de los montos cobrados en exceso desde entonces. En el marco de una conferencia de prensa, el onmbusman bonaerense,\u2026","rel":"","context":"En \u00abEconom\u00eda\u00bb","block_context":{"text":"Econom\u00eda","link":"https:\/\/www.24baires.com\/?cat=45"},"img":{"alt_text":"","src":"","width":0,"height":0},"classes":[]}],"jetpack_sharing_enabled":true,"jetpack_likes_enabled":true,"_links":{"self":[{"href":"https:\/\/www.24baires.com\/index.php?rest_route=\/wp\/v2\/posts\/24419","targetHints":{"allow":["GET"]}}],"collection":[{"href":"https:\/\/www.24baires.com\/index.php?rest_route=\/wp\/v2\/posts"}],"about":[{"href":"https:\/\/www.24baires.com\/index.php?rest_route=\/wp\/v2\/types\/post"}],"author":[{"embeddable":true,"href":"https:\/\/www.24baires.com\/index.php?rest_route=\/wp\/v2\/users\/11"}],"replies":[{"embeddable":true,"href":"https:\/\/www.24baires.com\/index.php?rest_route=%2Fwp%2Fv2%2Fcomments&post=24419"}],"version-history":[{"count":2,"href":"https:\/\/www.24baires.com\/index.php?rest_route=\/wp\/v2\/posts\/24419\/revisions"}],"predecessor-version":[{"id":24421,"href":"https:\/\/www.24baires.com\/index.php?rest_route=\/wp\/v2\/posts\/24419\/revisions\/24421"}],"wp:attachment":[{"href":"https:\/\/www.24baires.com\/index.php?rest_route=%2Fwp%2Fv2%2Fmedia&parent=24419"}],"wp:term":[{"taxonomy":"category","embeddable":true,"href":"https:\/\/www.24baires.com\/index.php?rest_route=%2Fwp%2Fv2%2Fcategories&post=24419"},{"taxonomy":"post_tag","embeddable":true,"href":"https:\/\/www.24baires.com\/index.php?rest_route=%2Fwp%2Fv2%2Ftags&post=24419"}],"curies":[{"name":"wp","href":"https:\/\/api.w.org\/{rel}","templated":true}]}}