{"id":2419,"date":"2012-10-17T10:04:32","date_gmt":"2012-10-17T13:04:32","guid":{"rendered":"http:\/\/www.24baires.com\/?p=2419"},"modified":"2012-10-17T10:04:32","modified_gmt":"2012-10-17T13:04:32","slug":"radio-provincia-festejo-75-anos-de-aire","status":"publish","type":"post","link":"https:\/\/www.24baires.com\/?p=2419","title":{"rendered":"Radio Provincia festej\u00f3 75 a\u00f1os de aire"},"content":{"rendered":"<p><img data-recalc-dims=\"1\" loading=\"lazy\" decoding=\"async\" class=\"alignleft size-medium wp-image-2420\" title=\"irmaroy75Rprov\" src=\"https:\/\/i0.wp.com\/www.24baires.com\/wp-content\/uploads\/2012\/10\/irmaroy75Rprov.jpg?resize=300%2C181\" alt=\"\" width=\"300\" height=\"181\" srcset=\"https:\/\/i0.wp.com\/www.24baires.com\/wp-content\/uploads\/2012\/10\/irmaroy75Rprov.jpg?resize=300%2C181&amp;ssl=1 300w, https:\/\/i0.wp.com\/www.24baires.com\/wp-content\/uploads\/2012\/10\/irmaroy75Rprov.jpg?w=480&amp;ssl=1 480w\" sizes=\"auto, (max-width: 300px) 100vw, 300px\" \/>Con la presentaci\u00f3n del radioteatro \u201cTal como somos\u201d, de Alberto Migr\u00e9 y V\u00edctor Ag\u00fa, en la sala Astor Piazzolla del Teatro Argentino de La Plata, LS 11 Radio Provincia celebr\u00f3 este martes sus 75 a\u00f1os al aire. De la funci\u00f3n, participaron las c\u00e9lebres actrices Nora C\u00e1rpena e Irma Roy, quienes adem\u00e1s fueron homenajeadas por su trayectoria.<!--more--><\/p>\n<p>La presentaci\u00f3n en vivo de \u201cTal como somos\u201d reuni\u00f3 a diversos radioteatros en un solo cap\u00edtulo con efectos especiales que apelaron a la nostalgia y la emoci\u00f3n del p\u00fablico, que disfrut\u00f3 del espect\u00e1culo a sala llena.<\/p>\n<p>Las voces de la obra estuvieron a cargo de Nora C\u00e1rpena, Carolina Papaleo, Aldo Barbero, Claudia Medic, M\u00f3nica Lerner, Sebasti\u00e1n Pozzi, Luciana Ulrich, Claudia C\u00e1rpena y Mat\u00edas Al\u00e9.<\/p>\n<p>Previo a la funci\u00f3n, el secretario de Comunicaci\u00f3n P\u00fablica, Juan Courel, afirm\u00f3 que desde el gobierno provincial \u201cbuscamos que Radio Provincia sea un factor decisivo en la ampliaci\u00f3n de las voces\u201d y agreg\u00f3 que, por pedido del gobernador (Daniel) Scioli, \u201cesto lo estamos llevando adelante en todas las disciplinas de la comunicaci\u00f3n\u201d.<\/p>\n<p>En este sentido, se\u00f1al\u00f3 que \u201cen los 75 a\u00f1os de la Radio tenemos que proyectar el futuro de los medios p\u00fablicos y de la cultura como instrumentos de inclusi\u00f3n social\u201d. \u201cQueremos que sean una herramienta de participaci\u00f3n para los j\u00f3venes\u201d, apunt\u00f3.<\/p>\n<p>El presidente del Instituto Cultural, Jorge T\u00e9lerman, en tanto, destac\u00f3 \u201cla capacidad de Radio Provincia de interpretar los distintos sentires y pareceres que anidan en el pueblo de la provincia de Buenos Aires.\u201d<\/p>\n<p>Subray\u00f3 adem\u00e1s la labor \u201cde sus trabajadores, que hacen posible que los habitantes de la Provincia no solamente se informen, sino tambi\u00e9n tengan all\u00ed representadas las formas culturales y comunicacionales que hacen a nuestra identidad\u201d.<\/p>\n<p>\u201cTal como somos\u201d, con textos de Alberto Migr\u00e9 y V\u00edctor Ag\u00fa, se podr\u00e1 escuchar en el programa \u201cLa Radio en el Teatro\u201d, que se transmite todos los s\u00e1bados a las 22 por AM 1270 Radio Provincia.<\/p>\n<p>&nbsp;<\/p>\n","protected":false},"excerpt":{"rendered":"<p>Con la presentaci\u00f3n del radioteatro \u201cTal como somos\u201d, de Alberto Migr\u00e9 y V\u00edctor Ag\u00fa, en la sala Astor Piazzolla del Teatro Argentino de La Plata, LS 11 Radio Provincia celebr\u00f3 este martes sus 75 a\u00f1os al aire. De la funci\u00f3n, participaron las c\u00e9lebres actrices Nora C\u00e1rpena e Irma Roy, quienes adem\u00e1s fueron homenajeadas por su trayectoria.<\/p>\n","protected":false},"author":4,"featured_media":0,"comment_status":"open","ping_status":"open","sticky":false,"template":"","format":"standard","meta":{"_jetpack_newsletter_access":"","_jetpack_dont_email_post_to_subs":false,"_jetpack_newsletter_tier_id":0,"_jetpack_memberships_contains_paywalled_content":false,"_jetpack_memberships_contains_paid_content":false,"footnotes":""},"categories":[40],"tags":[],"class_list":["post-2419","post","type-post","status-publish","format-standard","hentry","category-provincia"],"jetpack_featured_media_url":"","jetpack_shortlink":"https:\/\/wp.me\/p2JWE0-D1","jetpack-related-posts":[{"id":37988,"url":"https:\/\/www.24baires.com\/?p=37988","url_meta":{"origin":2419,"position":0},"title":"De Luc\u00eda contest\u00f3 a los docentes: \u00abCada vez que los convocamos, acordamos\u00bb","author":"Grupo Sierra","date":"06\/01\/2014","format":false,"excerpt":"La Directora General de Cultura y Educaci\u00f3n de la Provincia de Buenos Aires aclar\u00f3 adem\u00e1s que \"No hay que hacer demagogia con la educaci\u00f3n\". La Directora General de Cultura y Educaci\u00f3n de la Provincia de Buenos Aires, Nora de Luc\u00eda cuestion\u00f3 el accionar de \u201calgunos sectores que quieren utilizar la\u2026","rel":"","context":"En \u00abProvincia\u00bb","block_context":{"text":"Provincia","link":"https:\/\/www.24baires.com\/?cat=40"},"img":{"alt_text":"Nora-de-Lucia","src":"https:\/\/i0.wp.com\/www.24baires.com\/wp-content\/uploads\/2014\/01\/Nora-de-Lucia.jpg?resize=350%2C200","width":350,"height":200,"srcset":"https:\/\/i0.wp.com\/www.24baires.com\/wp-content\/uploads\/2014\/01\/Nora-de-Lucia.jpg?resize=350%2C200 1x, https:\/\/i0.wp.com\/www.24baires.com\/wp-content\/uploads\/2014\/01\/Nora-de-Lucia.jpg?resize=525%2C300 1.5x"},"classes":[]},{"id":9977,"url":"https:\/\/www.24baires.com\/?p=9977","url_meta":{"origin":2419,"position":1},"title":"De Luc\u00eda cerr\u00f3 el ciclo lectivo de las escuelas que funcionan en el Servicio Penitenciario","author":"AF","date":"21\/12\/2012","format":false,"excerpt":"LA PLATA - La directora general de Cultura y Educaci\u00f3n, Nora De Lucia, cerr\u00f3 junto a la jefa del Servicio Penitenciario, Florencia Piermarini, el ciclo lectivo 2012 de las escuelas en contexto de encierro en la Unidad Penitenciaria N\u00famero 1 de Olmos. Durante el acto de clausura, la titular de\u2026","rel":"","context":"En \u00abSociedad\u00bb","block_context":{"text":"Sociedad","link":"https:\/\/www.24baires.com\/?cat=1"},"img":{"alt_text":"de luc\u00eda olmos","src":"https:\/\/i0.wp.com\/www.24baires.com\/wp-content\/uploads\/2012\/12\/de-luc%C3%ADa-olmos-300x199.jpg?resize=350%2C200","width":350,"height":200},"classes":[]},{"id":4275,"url":"https:\/\/www.24baires.com\/?p=4275","url_meta":{"origin":2419,"position":2},"title":"Convenio sobre Medios entre la Provincia y la FAM","author":"AF","date":"03\/11\/2012","format":false,"excerpt":"La Secretar\u00eda de Comunicaci\u00f3n P\u00fablica y la Federaci\u00f3n Argentina de Municipios (FAM) realizaron un acuerdo para abrir canales de participaci\u00f3n que permitan el acceso de los vecinos a los medios de comunicaci\u00f3n. El objetivo del convenio firmado por el Secretario de Comunicaci\u00f3n P\u00fablica Juan Courel, y los presidentes de la\u2026","rel":"","context":"En \u00abMedios\u00bb","block_context":{"text":"Medios","link":"https:\/\/www.24baires.com\/?cat=54"},"img":{"alt_text":"","src":"","width":0,"height":0},"classes":[]},{"id":11937,"url":"https:\/\/www.24baires.com\/?p=11937","url_meta":{"origin":2419,"position":3},"title":"Nuevo recorte en Educaci\u00f3n: topes a las asignaciones por hijo","author":"AF","date":"12\/01\/2013","format":false,"excerpt":"Apuntar\u00e1 a equiparar a la Provincia con la Naci\u00f3n: no podr\u00e1 cobrarla el grupo familiar que perciba m\u00e1s de 14 mil pesos mensuales o si alguno de sus integrantes tiene un salario mayor a 7 mil pesos, en todo concepto. Tambi\u00e9n alcanza a los c\u00f3nyuges, con similar modalidad. A horas\u2026","rel":"","context":"En \u00abSociedad\u00bb","block_context":{"text":"Sociedad","link":"https:\/\/www.24baires.com\/?cat=1"},"img":{"alt_text":"","src":"","width":0,"height":0},"classes":[]},{"id":108664,"url":"https:\/\/www.24baires.com\/?p=108664","url_meta":{"origin":2419,"position":4},"title":"Cristina cuestion\u00f3 a Bonadio y a los Tribunales superiores","author":"AF","date":"10\/06\/2019","format":false,"excerpt":"\"Ya es poco lo que espero. Los tribunales superiores no son diferentes a Bonadio\", asegur\u00f3. Record\u00f3 adem\u00e1s un pasaje de su libro en el que escribi\u00f3 \u201cClaudio Bonadio, el sicario\u201d. Cristina realizar\u00e1 su primer acto de campa\u00f1a en el interior. La senadora y precandidata a la vicepresidencia, Cristina Fern\u00e1ndez, volvi\u00f3\u2026","rel":"","context":"En \u00abPol\u00edtica\u00bb","block_context":{"text":"Pol\u00edtica","link":"https:\/\/www.24baires.com\/?cat=51"},"img":{"alt_text":"","src":"https:\/\/i0.wp.com\/www.24baires.com\/wp-content\/uploads\/2018\/11\/cristina.jpg?resize=350%2C200","width":350,"height":200,"srcset":"https:\/\/i0.wp.com\/www.24baires.com\/wp-content\/uploads\/2018\/11\/cristina.jpg?resize=350%2C200 1x, https:\/\/i0.wp.com\/www.24baires.com\/wp-content\/uploads\/2018\/11\/cristina.jpg?resize=525%2C300 1.5x"},"classes":[]},{"id":27058,"url":"https:\/\/www.24baires.com\/?p=27058","url_meta":{"origin":2419,"position":5},"title":"Denuncias que escuelas bonaerenses deben m\u00e1s de $3 millones por servicios","author":"AF","date":"28\/06\/2013","format":false,"excerpt":"Cooperativas de servicios p\u00fablicos intimaron a la Direcci\u00f3n General de Cultura y Educaci\u00f3n de la Provincia a cancelar a la deuda acumulada en todo el a\u00f1o 2013 por los servicios correspondientes a los establecimientos educativos del interior bonaerense. Seg\u00fan precisaron, el importe total superar\u00eda los $3.600.000. La Federaci\u00f3n de Cooperativas\u2026","rel":"","context":"En \u00abProvincia\u00bb","block_context":{"text":"Provincia","link":"https:\/\/www.24baires.com\/?cat=40"},"img":{"alt_text":"direcci\u00f3n general escuelas","src":"https:\/\/i0.wp.com\/www.24baires.com\/wp-content\/uploads\/2013\/06\/direcci%C3%B3n-general-escuelas.jpg?resize=350%2C200","width":350,"height":200,"srcset":"https:\/\/i0.wp.com\/www.24baires.com\/wp-content\/uploads\/2013\/06\/direcci%C3%B3n-general-escuelas.jpg?resize=350%2C200 1x, https:\/\/i0.wp.com\/www.24baires.com\/wp-content\/uploads\/2013\/06\/direcci%C3%B3n-general-escuelas.jpg?resize=525%2C300 1.5x"},"classes":[]}],"jetpack_sharing_enabled":true,"jetpack_likes_enabled":true,"_links":{"self":[{"href":"https:\/\/www.24baires.com\/index.php?rest_route=\/wp\/v2\/posts\/2419","targetHints":{"allow":["GET"]}}],"collection":[{"href":"https:\/\/www.24baires.com\/index.php?rest_route=\/wp\/v2\/posts"}],"about":[{"href":"https:\/\/www.24baires.com\/index.php?rest_route=\/wp\/v2\/types\/post"}],"author":[{"embeddable":true,"href":"https:\/\/www.24baires.com\/index.php?rest_route=\/wp\/v2\/users\/4"}],"replies":[{"embeddable":true,"href":"https:\/\/www.24baires.com\/index.php?rest_route=%2Fwp%2Fv2%2Fcomments&post=2419"}],"version-history":[{"count":0,"href":"https:\/\/www.24baires.com\/index.php?rest_route=\/wp\/v2\/posts\/2419\/revisions"}],"wp:attachment":[{"href":"https:\/\/www.24baires.com\/index.php?rest_route=%2Fwp%2Fv2%2Fmedia&parent=2419"}],"wp:term":[{"taxonomy":"category","embeddable":true,"href":"https:\/\/www.24baires.com\/index.php?rest_route=%2Fwp%2Fv2%2Fcategories&post=2419"},{"taxonomy":"post_tag","embeddable":true,"href":"https:\/\/www.24baires.com\/index.php?rest_route=%2Fwp%2Fv2%2Ftags&post=2419"}],"curies":[{"name":"wp","href":"https:\/\/api.w.org\/{rel}","templated":true}]}}