{"id":2416,"date":"2012-10-17T09:54:09","date_gmt":"2012-10-17T12:54:09","guid":{"rendered":"http:\/\/www.24baires.com\/?p=2416"},"modified":"2012-10-17T09:54:09","modified_gmt":"2012-10-17T12:54:09","slug":"concejal-del-pro-de-avellaneda-pidio-disculpas-por-polemico-twit-contra-cristina","status":"publish","type":"post","link":"https:\/\/www.24baires.com\/?p=2416","title":{"rendered":"Concejal del PRO de Avellaneda pidi\u00f3 disculpas por pol\u00e9mico twit contra Cristina"},"content":{"rendered":"<p>El jefe del bloque de concejales del Pro de Avellaneda, Daniel Garc\u00eda, escribi\u00f3 en su cuenta de Twitter: \u201cSe\u00f1or devolvenos a Pappo y te damos a Cristina\u201d. La pol\u00e9mica fue inmediata. La red social utilizada por Garc\u00eda se llen\u00f3 r\u00e1pidamente de mensajes de repudio contra su frase e, incluso, algunos usuarios hicieron comentarios agraviantes contra su familia.<!--more--><\/p>\n<p>Ante esta situaci\u00f3n, el edil decidi\u00f3 salir a responder las acusaciones. \u201cEl twit fue escrito sin la intenci\u00f3n de ofender ni de desearle la muerte a nadie, como cat\u00f3lico que soy. Sinceramente, yo rele\u00ed mi cuenta y no me pareci\u00f3 un twit amenazante. Y si para alguno lo fue, esa no fue mi intenci\u00f3n para nada; por eso pido disculpas\u201d, aclar\u00f3.<\/p>\n<p>Adem\u00e1s, lament\u00f3 los comentarios \u201cpidiendo que mis hijos mueran quemados o ahogados\u201d.<\/p>\n<p>Daniel Garc\u00eda, uno de los principales dirigentes del espacio macrista en la Tercera Secci\u00f3n electoral, carg\u00f3 tambi\u00e9n contra el periodista Dante L\u00f3pez Foresi quien en su medio, Agencia El Vig\u00eda, tuvo la primicia sobre las declaraciones twitteras del concejal.<\/p>\n<p>\u201cEsto fue obra de un periodista militante K que tiene una animosidad manifiesta hacia nuestro espacio. Con esto, este periodista, la prensa o los twitteros K quieren tapar el sol con las manos\u201d, afirm\u00f3.<\/p>\n<p>En ese sentido, Garc\u00eda comenz\u00f3 a enumerar los que, para \u00e9l, son los hechos que el gobierno nacional intenta ocultar: \u201c\u00bfPor qu\u00e9 no hablamos de los 52 muertos en el accidente de Once, de la inflaci\u00f3n del 30 por ciento, de la inseguridad, de la persecuci\u00f3n pol\u00edtica donde el que piensa distinto no es un adversario sino un enemigo, de la mordaza a la prensa donde se persigue a todos los medios que no hablan a favor del gobierno, o de la presi\u00f3n del ministro de Justicia, Julio Alak, a la Corte Suprema para que esta nombre jueces que dictaminen a favor del gobierno? Estos son los temas de los que tenemos que hablar\u201d.<\/p>\n<p>El presidente del bloque del Pro en Avellaneda acus\u00f3 tambi\u00e9n al gobierno nacional de tener \u201cuna animosidad manifiesta contra el jefe de gobierno de la ciudad de Buenos Aires, Mauricio Macri\u201d, y de estar convirtiendo al pa\u00eds en una \u201crep\u00fablica chavista\u201d. En ese sentido asegur\u00f3: \u201cA los que no pensamos como el Gobierno nos pasan este tipo de cosas\u201d.<\/p>\n","protected":false},"excerpt":{"rendered":"<p>El jefe del bloque de concejales del Pro de Avellaneda, Daniel Garc\u00eda, escribi\u00f3 en su cuenta de Twitter: \u201cSe\u00f1or devolvenos a Pappo y te damos a Cristina\u201d. La pol\u00e9mica fue inmediata. La red social utilizada por Garc\u00eda se llen\u00f3 r\u00e1pidamente de mensajes de repudio contra su frase e, incluso, algunos usuarios hicieron comentarios agraviantes contra su familia.<\/p>\n","protected":false},"author":4,"featured_media":0,"comment_status":"open","ping_status":"open","sticky":false,"template":"","format":"standard","meta":{"_jetpack_newsletter_access":"","_jetpack_dont_email_post_to_subs":false,"_jetpack_newsletter_tier_id":0,"_jetpack_memberships_contains_paywalled_content":false,"_jetpack_memberships_contains_paid_content":false,"footnotes":""},"categories":[51],"tags":[],"class_list":["post-2416","post","type-post","status-publish","format-standard","hentry","category-politica"],"jetpack_featured_media_url":"","jetpack_shortlink":"https:\/\/wp.me\/p2JWE0-CY","jetpack-related-posts":[{"id":97017,"url":"https:\/\/www.24baires.com\/?p=97017","url_meta":{"origin":2416,"position":0},"title":"\u201cMe da escozor haber pertenecido al Pro\u201d","author":"AF","date":"28\/08\/2017","format":false,"excerpt":"Se trata de Daniel Garc\u00eda, quien abandon\u00f3 el macrismo. \"Si hablamos de la comunicaci\u00f3n, ten\u00edamos un 678 que se criticaba en el kirchnerismo, pero hoy tenemos seis 678\u201d. El concejal Daniel Garc\u00eda decidi\u00f3 renunciar al bloque Pro en Avellaneda. En una entrevista realizada por el sitio REALPOLITIK, expres\u00f3 que \"las\u2026","rel":"","context":"En \u00abPol\u00edtica\u00bb","block_context":{"text":"Pol\u00edtica","link":"https:\/\/www.24baires.com\/?cat=51"},"img":{"alt_text":"","src":"https:\/\/i0.wp.com\/www.24baires.com\/wp-content\/uploads\/2017\/08\/garc%C3%ADa-pro.jpg?resize=350%2C200","width":350,"height":200,"srcset":"https:\/\/i0.wp.com\/www.24baires.com\/wp-content\/uploads\/2017\/08\/garc%C3%ADa-pro.jpg?resize=350%2C200 1x, https:\/\/i0.wp.com\/www.24baires.com\/wp-content\/uploads\/2017\/08\/garc%C3%ADa-pro.jpg?resize=525%2C300 1.5x"},"classes":[]},{"id":82671,"url":"https:\/\/www.24baires.com\/?p=82671","url_meta":{"origin":2416,"position":1},"title":"Avellaneda: el Concejo aprob\u00f3 la rendici\u00f3n de cuentas","author":"AF","date":"13\/05\/2016","format":false,"excerpt":"Con el acompa\u00f1amiento de un sector del massismo y del macrista Daniel Garc\u00eda, el oficialismo logr\u00f3 convalidar los gastos efectuados por el Municipio en el ejercicio 2015, que ahora ser\u00e1n analizados por el Tribunal de Cuentas bonaerense. Por una mayor\u00eda de 16 votos contra 8, el Concejo Deliberante de Avellaneda\u2026","rel":"","context":"En \u00abLocales\u00bb","block_context":{"text":"Locales","link":"https:\/\/www.24baires.com\/?cat=38"},"img":{"alt_text":"avellaneda","src":"https:\/\/i0.wp.com\/www.24baires.com\/wp-content\/uploads\/2016\/05\/avellaneda.jpg?resize=350%2C200","width":350,"height":200,"srcset":"https:\/\/i0.wp.com\/www.24baires.com\/wp-content\/uploads\/2016\/05\/avellaneda.jpg?resize=350%2C200 1x, https:\/\/i0.wp.com\/www.24baires.com\/wp-content\/uploads\/2016\/05\/avellaneda.jpg?resize=525%2C300 1.5x"},"classes":[]},{"id":114502,"url":"https:\/\/www.24baires.com\/?p=114502","url_meta":{"origin":2416,"position":2},"title":"Cinco municipios bonaerenses recibir\u00e1n fondos para afrontar la pandemia","author":"GB","date":"25\/03\/2020","format":false,"excerpt":"Los beneficiados ser\u00e1n Florencio Varela, Lan\u00fas, Hurlingham, Mor\u00f3n y San Vicente. El ministro de Desarrollo Social de la Naci\u00f3n, Daniel Arroyo, sell\u00f3 un acuerdo de transferencia de fondos con intendentes de cinco municipios del conurbano bonaerense. A trav\u00e9s de su cuenta de Twiter, Arroyo expuso: \"Firmamos convenios con municipios del\u2026","rel":"","context":"En \u00abMunicipios\u00bb","block_context":{"text":"Municipios","link":"https:\/\/www.24baires.com\/?cat=44"},"img":{"alt_text":"","src":"https:\/\/i0.wp.com\/www.24baires.com\/wp-content\/uploads\/2020\/03\/desarrollo-social-prov.jpg?resize=350%2C200","width":350,"height":200,"srcset":"https:\/\/i0.wp.com\/www.24baires.com\/wp-content\/uploads\/2020\/03\/desarrollo-social-prov.jpg?resize=350%2C200 1x, https:\/\/i0.wp.com\/www.24baires.com\/wp-content\/uploads\/2020\/03\/desarrollo-social-prov.jpg?resize=525%2C300 1.5x"},"classes":[]},{"id":22347,"url":"https:\/\/www.24baires.com\/?p=22347","url_meta":{"origin":2416,"position":3},"title":"Avellaneda: \u201cLa ordenanza para regular el tr\u00e1nsito pesado roza lo inconstitucional\u201d","author":"Grupo Sierra","date":"01\/05\/2013","format":false,"excerpt":"Pese a que aprob\u00f3 la iniciativa, el concejal justicialista Benicio Guti\u00e9rrez critic\u00f3 la ordenanza para regular el tr\u00e1nsito pesado en Avellaneda. Justific\u00f3 su voto en la \u201clealtad\u201d al bloque y sostuvo que su espacio decidi\u00f3 avalar el proyecto para \u201cno poner trabas\u201d al gobierno de Jorge Ferraresi. El concejal del\u2026","rel":"","context":"En \u00abMunicipios\u00bb","block_context":{"text":"Municipios","link":"https:\/\/www.24baires.com\/?cat=44"},"img":{"alt_text":"gutierrez benicio avellaneda","src":"https:\/\/i0.wp.com\/www.24baires.com\/wp-content\/uploads\/2013\/05\/gutierrez-benicio-avellaneda-300x190.jpg?resize=350%2C200","width":350,"height":200},"classes":[]},{"id":112457,"url":"https:\/\/www.24baires.com\/?p=112457","url_meta":{"origin":2416,"position":4},"title":"Alberto Fern\u00e1ndez sobre Patricia Bullrich: \u00abDeja que la polic\u00eda mate por la espalda\u201d","author":"AF","date":"11\/10\/2019","format":false,"excerpt":"El candidato del Frente de Todos Alberto Fern\u00e1ndez le respondi\u00f3 a la ministra de Seguridad Patricia Bullrich, quien le hab\u00eda dicho que \u201cmentir est\u00e1 mal y es inmoral\u201d, luego de sus cuestionamientos a la \u201cley mentira\u201d que impulsa el oficialismo sobre el filo de las elecciones. El representante del partido\u2026","rel":"","context":"En \u00abPol\u00edtica\u00bb","block_context":{"text":"Pol\u00edtica","link":"https:\/\/www.24baires.com\/?cat=51"},"img":{"alt_text":"","src":"https:\/\/i0.wp.com\/www.24baires.com\/wp-content\/uploads\/2019\/10\/alberto-fernandez.jpg?resize=350%2C200","width":350,"height":200,"srcset":"https:\/\/i0.wp.com\/www.24baires.com\/wp-content\/uploads\/2019\/10\/alberto-fernandez.jpg?resize=350%2C200 1x, https:\/\/i0.wp.com\/www.24baires.com\/wp-content\/uploads\/2019\/10\/alberto-fernandez.jpg?resize=525%2C300 1.5x"},"classes":[]},{"id":113795,"url":"https:\/\/www.24baires.com\/?p=113795","url_meta":{"origin":2416,"position":5},"title":"\u00abLo que Vidal dej\u00f3 es insuficiente para afrontar los vencimientos de deuda\u00bb","author":"AF","date":"14\/01\/2020","format":false,"excerpt":"El gobernador bonaerense ratific\u00f3 la voluntad de pago de la Provincia y adhiri\u00f3 a la estrategia de Naci\u00f3n de reperfilar los vencimientos de capital sin quita de intereses. El gobernador de la provincia de Buenos Aires, Axel Kicillof, explic\u00f3 el alcance de la propuesta que presentaron a los tenedores del\u2026","rel":"","context":"En \u00abProvincia\u00bb","block_context":{"text":"Provincia","link":"https:\/\/www.24baires.com\/?cat=40"},"img":{"alt_text":"","src":"https:\/\/i0.wp.com\/www.24baires.com\/wp-content\/uploads\/2019\/11\/kicillof.jpg?resize=350%2C200","width":350,"height":200,"srcset":"https:\/\/i0.wp.com\/www.24baires.com\/wp-content\/uploads\/2019\/11\/kicillof.jpg?resize=350%2C200 1x, https:\/\/i0.wp.com\/www.24baires.com\/wp-content\/uploads\/2019\/11\/kicillof.jpg?resize=525%2C300 1.5x"},"classes":[]}],"jetpack_sharing_enabled":true,"jetpack_likes_enabled":true,"_links":{"self":[{"href":"https:\/\/www.24baires.com\/index.php?rest_route=\/wp\/v2\/posts\/2416","targetHints":{"allow":["GET"]}}],"collection":[{"href":"https:\/\/www.24baires.com\/index.php?rest_route=\/wp\/v2\/posts"}],"about":[{"href":"https:\/\/www.24baires.com\/index.php?rest_route=\/wp\/v2\/types\/post"}],"author":[{"embeddable":true,"href":"https:\/\/www.24baires.com\/index.php?rest_route=\/wp\/v2\/users\/4"}],"replies":[{"embeddable":true,"href":"https:\/\/www.24baires.com\/index.php?rest_route=%2Fwp%2Fv2%2Fcomments&post=2416"}],"version-history":[{"count":0,"href":"https:\/\/www.24baires.com\/index.php?rest_route=\/wp\/v2\/posts\/2416\/revisions"}],"wp:attachment":[{"href":"https:\/\/www.24baires.com\/index.php?rest_route=%2Fwp%2Fv2%2Fmedia&parent=2416"}],"wp:term":[{"taxonomy":"category","embeddable":true,"href":"https:\/\/www.24baires.com\/index.php?rest_route=%2Fwp%2Fv2%2Fcategories&post=2416"},{"taxonomy":"post_tag","embeddable":true,"href":"https:\/\/www.24baires.com\/index.php?rest_route=%2Fwp%2Fv2%2Ftags&post=2416"}],"curies":[{"name":"wp","href":"https:\/\/api.w.org\/{rel}","templated":true}]}}