{"id":24115,"date":"2013-05-22T12:48:18","date_gmt":"2013-05-22T15:48:18","guid":{"rendered":"http:\/\/www.24baires.com\/?p=24115"},"modified":"2013-05-22T12:48:18","modified_gmt":"2013-05-22T15:48:18","slug":"aldrey-pulti-y-la-doble-moral","status":"publish","type":"post","link":"https:\/\/www.24baires.com\/?p=24115","title":{"rendered":"Aldrey, Pulti y la doble moral"},"content":{"rendered":"<p><img data-recalc-dims=\"1\" loading=\"lazy\" decoding=\"async\" class=\"aligncenter size-full wp-image-24116\" alt=\"aldrey pulti\" src=\"https:\/\/i0.wp.com\/www.24baires.com\/wp-content\/uploads\/2013\/05\/aldrey-pulti.jpg?resize=560%2C360\" width=\"560\" height=\"360\" srcset=\"https:\/\/i0.wp.com\/www.24baires.com\/wp-content\/uploads\/2013\/05\/aldrey-pulti.jpg?w=560&amp;ssl=1 560w, https:\/\/i0.wp.com\/www.24baires.com\/wp-content\/uploads\/2013\/05\/aldrey-pulti.jpg?resize=300%2C192&amp;ssl=1 300w\" sizes=\"auto, (max-width: 560px) 100vw, 560px\" \/><\/p>\n<p><em>(Por Pablo Retamoza*)<\/em> El empresario multimedial Florencio Aldrey Iglesias ataca a la presidenta Cristina Fern\u00e1ndez de Kirchner. El intendente municipal, Gustavo Pulti, protege al empresario. El empresario lo protege a \u00e9l. Una historia sin fin del \u201choy por ti, ma\u00f1ana por m\u00ed\u201d, y en el medio una Mar del Plata bajo la l\u00f3gica corporativista del neoliberalismo.<!--more--><\/p>\n<p>\u201cUna lee todos los d\u00edas mentiras varias. Personajes variopintos. Inventando y difamando a sabiendas sin que se les mueva un pelo. Pero esto es demasiado\u201d.<\/p>\n<p>Mediante esta frase, que se pudo leer el pasado 16 de mayo en su cuenta oficial de la red social \u201cTwitter\u201d, la presidenta Cristina Fern\u00e1ndez de Kirchner, manifestaba su enojo por un art\u00edculo publicado en el diario La Prensa.<\/p>\n<p>En la nota en cuesti\u00f3n, se expresaba que el juez Guillermo Atencio hab\u00eda recibido la visita una secretaria privada de la presidenta con el objetivo de disculparse en nombre suyo por \u201cel entredicho que mantuvieron\u201d en relaci\u00f3n a la cantidad de v\u00edctimas fatales que dej\u00f3 la \u00faltima inundaci\u00f3n de la ciudad de La Plata. Situaci\u00f3n que la presidenta en persona desminti\u00f3 por completo.<\/p>\n<p>Cabe recordar que el diario La Prensa, de tirada nacional, es propiedad del empresario Florencio Aldrey Iglesias, el mismo que dirige en nuestra ciudad el multimedios La Capital. Y que a su vez es el mismo empresario que se ha visto beneficiado por innumerables decisiones tomadas por el intendente Gustavo Pulti y el ejecutivo municipal.<\/p>\n<p>A modo de ilustraci\u00f3n, algunas de estas decisiones de car\u00e1cter por lo menos dudoso fueron:<\/p>\n<p>-La adjudicaci\u00f3n a la firma de Aldrey Iglesias para la construcci\u00f3n de un Shopping \u2013emprendimiento privado y comercial- en el predio de la vieja terminal de colectivos, que el estado nacional hab\u00eda transferido al gobierno municipal con la indicaci\u00f3n espec\u00edfica de crear un proyecto de \u00edndole netamente p\u00fablica y cultural<br \/>\n-El permiso, por v\u00eda de excepci\u00f3n, para la construcci\u00f3n de las Torres Pelli a trav\u00e9s la inmobiliaria de su propiedad, que claramente viola todas las normas habidas y por haber. Y que adem\u00e1s en principio preve\u00eda una compensaci\u00f3n urban\u00edstica de u$s 600 mil, pero en el transcurso de un cuarto intermedio de media hora en la sesi\u00f3n del Concejo Deliberante donde se trataba su aprobaci\u00f3n, se pas\u00f3 a una compensaci\u00f3n de u$s 2.5 millones.<br \/>\n-La compra por parte del municipio del predio propiedad de \u201cDifusoras Austral\u201d \u2013tambi\u00e9n de Aldrey Iglesias- por la suma de $1.8 millones \u2013luego de que el contador municipal lo tasara en $900 mil- despu\u00e9s de que la firma iniciara un juicio aduciendo que el predio de la basura, vecino a su terreno, hab\u00eda provocado que se le pudriera la antena radial.<br \/>\n-El reciente permiso, nuevamente por v\u00eda de excepci\u00f3n, para la construcci\u00f3n de edificios en la zona de Punta Mogotes que no cumplen con los c\u00f3digos de ordenamiento territorial.<br \/>\n&#8211; La falta de adecuaci\u00f3n del canon que paga la firma \u201cHermitage S.A\u201d, tambi\u00e9n propiedad de Aldrey Iglesias, por los paseos Hermitage y Las Toscas luego de la instalaci\u00f3n del Casino del Mar. Por la explotaci\u00f3n de 1500 unidades de sombra, 248 cocheras cubiertas, 3070 m2 de locales comerciales y gastron\u00f3micos, 7500 m2 de anfiteatro y el casino, paga la m\u00f3dica suma de $300 diarios. Adem\u00e1s, la inversi\u00f3n que la empresa realiz\u00f3 en esos espacios desde que se le entreg\u00f3 la concesi\u00f3n \u2013por una suma de u$s 10.8 millones-, se le devolvi\u00f3 \u00edntegramente en desgravaci\u00f3n de impuestos de tasas municipales.<br \/>\n-La falta de exigencia a la firma Cablevisi\u00f3n, socia de La Capital Cable, de cumplir con la ordenanza que obliga a soterrar el cableado, as\u00ed como tampoco se le exige pagar las multas por no haberlo hecho desde la promulgaci\u00f3n de dicha ordenanza en el a\u00f1o 2007.<\/p>\n<p>Ahora bien, como ya lo dice el dicho, \u201cfavor con favor se paga\u201d, y con la sola lectura de algunos art\u00edculos publicados en el diario La Capital de Mar del Plata, queda a las claras de qu\u00e9 manera el empresario devuelve a la gesti\u00f3n municipal los beneficios que esta le otorga. Duras cr\u00edticas a las figuras opositoras del intendente Pulti, basadas en burdos inventos y exageraciones, adem\u00e1s de abundante propaganda pol\u00edtica disfrazada de \u201cnoticias\u201d, siempre por supuesto, a favor del ejecutivo municipal y sus medidas m\u00e1s pol\u00e9micas.<\/p>\n<p>\u00a1Qu\u00e9 f\u00e1cil distinguir la doble moral! Mediante el diario La Prensa, este empresario ataca a la presidenta, mientras que con el diario La Capital protege pol\u00edticamente al intendente para mantener su ventaja y seguir siendo la voz cantante, el verdadero jefe pol\u00edtico de la ciudad. Qu\u00e9 facil, tambi\u00e9n, distinguir la doble moral de Pulti, que por un lado se dice \u201ccompa\u00f1ero\u201d del kirchnerismo y de la presidenta, y por el otro sigue haciendo negocios con sus atacantes; negocios que adem\u00e1s perjudican a todos los marplatenses y los batanenses.<\/p>\n<p>En Mar del Plata seguimos viviendo bajo las consignas de los modelos neoliberales, donde las grandes corporaciones marcan el pulso y los intereses econ\u00f3micos son el principio y el fin de toda decisi\u00f3n pol\u00edtica.<\/p>\n<p>&nbsp;<\/p>\n<p>&nbsp;<\/p>\n<p>&nbsp;<\/p>\n","protected":false},"excerpt":{"rendered":"<p>(Por Pablo Retamoza*) El empresario multimedial Florencio Aldrey Iglesias ataca a la presidenta Cristina Fern\u00e1ndez de Kirchner. El intendente municipal, Gustavo Pulti, protege al empresario. El empresario lo protege a \u00e9l. Una historia sin fin del \u201choy por ti, ma\u00f1ana por m\u00ed\u201d, y en el medio una Mar del Plata bajo la l\u00f3gica corporativista del neoliberalismo.<\/p>\n","protected":false},"author":11,"featured_media":0,"comment_status":"open","ping_status":"open","sticky":false,"template":"","format":"standard","meta":{"_jetpack_newsletter_access":"","_jetpack_dont_email_post_to_subs":false,"_jetpack_newsletter_tier_id":0,"_jetpack_memberships_contains_paywalled_content":false,"_jetpack_memberships_contains_paid_content":false,"footnotes":""},"categories":[64],"tags":[],"class_list":["post-24115","post","type-post","status-publish","format-standard","hentry","category-opinion"],"jetpack_featured_media_url":"","jetpack_shortlink":"https:\/\/wp.me\/p2JWE0-6gX","jetpack-related-posts":[{"id":13090,"url":"https:\/\/www.24baires.com\/?p=13090","url_meta":{"origin":24115,"position":0},"title":"Otra vez &#8216;escracharon&#8217; a Pulti con afiches por sus negociados con Aldrey Iglesias","author":"Grupo Sierra","date":"21\/01\/2013","format":false,"excerpt":"MAR DEL PLATA.- El intendente Gustavo Pulti aparece en costosos afiches, que empapelan las empalizadas de la obra de la Vieja Terminal que fue adjudicada irregularmente al \"grupo\" que encabezaba el propietario del diario La Capital. Los ir\u00f3nicos murales aparecen justamente cuando en Espa\u00f1a se vive un esc\u00e1ndalo por el\u2026","rel":"","context":"En \u00abPol\u00edtica\u00bb","block_context":{"text":"Pol\u00edtica","link":"https:\/\/www.24baires.com\/?cat=51"},"img":{"alt_text":"pulti afiches terminal","src":"https:\/\/i0.wp.com\/www.24baires.com\/wp-content\/uploads\/2013\/01\/pulti-afiches-terminal.jpg?resize=350%2C200","width":350,"height":200,"srcset":"https:\/\/i0.wp.com\/www.24baires.com\/wp-content\/uploads\/2013\/01\/pulti-afiches-terminal.jpg?resize=350%2C200 1x, https:\/\/i0.wp.com\/www.24baires.com\/wp-content\/uploads\/2013\/01\/pulti-afiches-terminal.jpg?resize=525%2C300 1.5x"},"classes":[]},{"id":52108,"url":"https:\/\/www.24baires.com\/?p=52108","url_meta":{"origin":24115,"position":1},"title":"El complejo de la Vieja Terminal llevar\u00eda el nombre \u201cFlorencio Aldrey\u201d","author":"Grupo Sierra","date":"19\/08\/2014","format":false,"excerpt":"MAR DEL PLATA- Las obras avanzan cada d\u00eda m\u00e1s pero poco se sabe sobre c\u00f3mo funcionar\u00e1 el centro comercial y cultural. Pero hoy se conoci\u00f3 uno de los datos fundamentales: el proyecto llevar\u00eda el nombre del due\u00f1o del multimedio La Capital. Desde que en el diario La Capital sali\u00f3 publicada\u2026","rel":"","context":"En \u00abLocales\u00bb","block_context":{"text":"Locales","link":"https:\/\/www.24baires.com\/?cat=38"},"img":{"alt_text":"vieja terminal mar del plata","src":"https:\/\/i0.wp.com\/www.24baires.com\/wp-content\/uploads\/2014\/08\/vieja-terminal-mar-del-plata.jpg?resize=350%2C200","width":350,"height":200,"srcset":"https:\/\/i0.wp.com\/www.24baires.com\/wp-content\/uploads\/2014\/08\/vieja-terminal-mar-del-plata.jpg?resize=350%2C200 1x, https:\/\/i0.wp.com\/www.24baires.com\/wp-content\/uploads\/2014\/08\/vieja-terminal-mar-del-plata.jpg?resize=525%2C300 1.5x"},"classes":[]},{"id":21607,"url":"https:\/\/www.24baires.com\/?p=21607","url_meta":{"origin":24115,"position":2},"title":"Mar del Plata: otro proyecto del FpV cuestiona la relaci\u00f3n entre Pulti y Aldrey Iglesias","author":"AF","date":"22\/04\/2013","format":false,"excerpt":"El bloque de concejales del Frente para la Victoria marplatense\u2013integrado por Ver\u00f3nica Beresiarte, Fernando Maraude y Pablo Retamoza- present\u00f3 un proyecto de comunicaci\u00f3n para que el Departamento Ejecutivo informe sobre las desgravaciones impositivas concedidas a \u201cHermitage S.A.\u201d, firma del empresario Florencio Aldrey Iglesias, mediante la promulgaci\u00f3n de la ordenanza municipal\u2026","rel":"","context":"En \u00abLocales\u00bb","block_context":{"text":"Locales","link":"https:\/\/www.24baires.com\/?cat=38"},"img":{"alt_text":"","src":"","width":0,"height":0},"classes":[]},{"id":699,"url":"https:\/\/www.24baires.com\/?p=699","url_meta":{"origin":24115,"position":3},"title":"M\u00e1s cr\u00edticas a Pulti por la compra directa de un campo de Aldrey Iglesias con sobreprecio","author":"Grupo Sierra","date":"30\/09\/2012","format":false,"excerpt":"Despu\u00e9s de que el bloque de concejales de Acci\u00f3n Marplatense autorizara al intendente Pulti a comprar en forma directa un predio lindero al basural, propiedad de Florencio Aldrey Iglesias, con un sobreprecio del 60%, el concejal de la Agrupaci\u00f3n Atl\u00e1ntica, Carlos Arroyo, dijo desconocer \u201cqu\u00e9 justificaci\u00f3n razonable\u201d tienen los ediles\u2026","rel":"","context":"En \u00abMunicipios\u00bb","block_context":{"text":"Municipios","link":"https:\/\/www.24baires.com\/?cat=44"},"img":{"alt_text":"","src":"","width":0,"height":0},"classes":[]},{"id":894,"url":"https:\/\/www.24baires.com\/?p=894","url_meta":{"origin":24115,"position":4},"title":"\u201cLa expropiaci\u00f3n estaba encaminada hasta que Scioli vino a festejar su cumplea\u00f1os en el Hermitage\u201d","author":"Grupo Sierra","date":"03\/10\/2012","format":false,"excerpt":"MAR DEL PLATA - Luego de que el bloque de concejales de Acci\u00f3n Marplatense autorizara al intendente Pulti a comprar con sobreprecio un predio lindero al viejo basural, propiedad del empresario Aldrey Iglesias; la ex diputada provincial Julia Garc\u00eda, autora del proyecto de ley de expropiaci\u00f3n de esas tierras, subray\u00f3\u2026","rel":"","context":"En \u00abPol\u00edtica\u00bb","block_context":{"text":"Pol\u00edtica","link":"https:\/\/www.24baires.com\/?cat=51"},"img":{"alt_text":"","src":"https:\/\/i0.wp.com\/www.24baires.com\/wp-content\/uploads\/2012\/10\/scioli-aldrey-2.jpg?resize=350%2C200","width":350,"height":200,"srcset":"https:\/\/i0.wp.com\/www.24baires.com\/wp-content\/uploads\/2012\/10\/scioli-aldrey-2.jpg?resize=350%2C200 1x, https:\/\/i0.wp.com\/www.24baires.com\/wp-content\/uploads\/2012\/10\/scioli-aldrey-2.jpg?resize=525%2C300 1.5x"},"classes":[]},{"id":11149,"url":"https:\/\/www.24baires.com\/?p=11149","url_meta":{"origin":24115,"position":5},"title":"\u201cCuando dijeron que trasladaban la Municipalidad, pens\u00e9 que se mudaba del Hotel Hermitage\u00bb","author":"Grupo Sierra","date":"03\/01\/2013","format":false,"excerpt":"MAR DEL PLATA .- Diego Garciarena, Secretario Legislativo de la C\u00e1mara de Senadores de la Provincia de Buenos Aires, se refiri\u00f3 al posible traslado de la sede administrativa de la Municipalidad de Gral. Pueyrred\u00f3n al Barrio Libertad: \u201cPrimero deber\u00edamos ver el Proyecto, que hasta ahora no se ha mostrado. T\u00edtulos\u2026","rel":"","context":"En \u00abPol\u00edtica\u00bb","block_context":{"text":"Pol\u00edtica","link":"https:\/\/www.24baires.com\/?cat=51"},"img":{"alt_text":"garciarena","src":"https:\/\/i0.wp.com\/www.24baires.com\/wp-content\/uploads\/2013\/01\/garciarena-300x243.jpg?resize=350%2C200","width":350,"height":200},"classes":[]}],"jetpack_sharing_enabled":true,"jetpack_likes_enabled":true,"_links":{"self":[{"href":"https:\/\/www.24baires.com\/index.php?rest_route=\/wp\/v2\/posts\/24115","targetHints":{"allow":["GET"]}}],"collection":[{"href":"https:\/\/www.24baires.com\/index.php?rest_route=\/wp\/v2\/posts"}],"about":[{"href":"https:\/\/www.24baires.com\/index.php?rest_route=\/wp\/v2\/types\/post"}],"author":[{"embeddable":true,"href":"https:\/\/www.24baires.com\/index.php?rest_route=\/wp\/v2\/users\/11"}],"replies":[{"embeddable":true,"href":"https:\/\/www.24baires.com\/index.php?rest_route=%2Fwp%2Fv2%2Fcomments&post=24115"}],"version-history":[{"count":3,"href":"https:\/\/www.24baires.com\/index.php?rest_route=\/wp\/v2\/posts\/24115\/revisions"}],"predecessor-version":[{"id":24119,"href":"https:\/\/www.24baires.com\/index.php?rest_route=\/wp\/v2\/posts\/24115\/revisions\/24119"}],"wp:attachment":[{"href":"https:\/\/www.24baires.com\/index.php?rest_route=%2Fwp%2Fv2%2Fmedia&parent=24115"}],"wp:term":[{"taxonomy":"category","embeddable":true,"href":"https:\/\/www.24baires.com\/index.php?rest_route=%2Fwp%2Fv2%2Fcategories&post=24115"},{"taxonomy":"post_tag","embeddable":true,"href":"https:\/\/www.24baires.com\/index.php?rest_route=%2Fwp%2Fv2%2Ftags&post=24115"}],"curies":[{"name":"wp","href":"https:\/\/api.w.org\/{rel}","templated":true}]}}