{"id":24110,"date":"2013-05-22T13:00:51","date_gmt":"2013-05-22T16:00:51","guid":{"rendered":"http:\/\/www.24baires.com\/?p=24110"},"modified":"2013-05-22T12:31:33","modified_gmt":"2013-05-22T15:31:33","slug":"ottaviano-en-los-angeles-la-ley-de-medios-no-tiene-que-quedar-en-letras-de-molde","status":"publish","type":"post","link":"https:\/\/www.24baires.com\/?p=24110","title":{"rendered":"Ottaviano en Los \u00c1ngeles: \u00abLa Ley de Medios no tiene que quedar en letras de molde\u00bb"},"content":{"rendered":"<p><img data-recalc-dims=\"1\" loading=\"lazy\" decoding=\"async\" class=\"alignleft size-medium wp-image-10695\" alt=\"Ottaviano Cynthia\" src=\"https:\/\/i0.wp.com\/www.24baires.com\/wp-content\/uploads\/2012\/12\/Ottaviano-Cynthia.jpg?resize=300%2C225\" width=\"300\" height=\"225\" srcset=\"https:\/\/i0.wp.com\/www.24baires.com\/wp-content\/uploads\/2012\/12\/Ottaviano-Cynthia.jpg?resize=300%2C225&amp;ssl=1 300w, https:\/\/i0.wp.com\/www.24baires.com\/wp-content\/uploads\/2012\/12\/Ottaviano-Cynthia.jpg?w=560&amp;ssl=1 560w\" sizes=\"auto, (max-width: 300px) 100vw, 300px\" \/>La Defensora del P\u00fablico, en Los \u00c1ngeles, EEUU, form\u00f3 parte por primera vez de la asamblea anual de la Organization of News Ombudsmen (ONO) junto a defensores de medios audiovisuales y escritos de 25 pa\u00edses. Muchos elogios para el trabajo de la Defensor\u00eda en la Argentina. <!--more--><\/p>\n<p>Jeffrey Dvorkin, director ejecutivo de este organismo que fue creado en Estados Unidos en 1980, defini\u00f3 a Ottaviano como \u201cla primera\u201d defensora encargada de recibir y canalizar reclamos \u201csobre todas las estaciones de radio y televisi\u00f3n\u201d de un pa\u00eds, y destac\u00f3 el hecho de que haya sido designada \u201cpor el Parlamento argentino\u201d.<\/p>\n<p>Durante el plenario, realizado en la ciudad estadounidense de Los Angeles, Ottaviano abri\u00f3 el panel titulado \u201cLos Ombudsmen como promotores de la democracia en Am\u00e9rica Latina y el Medio Oriente\u201d, en el que destac\u00f3 el cambio de paradigma entre la vieja ley de radiodifusi\u00f3n impulsada por la dictadura militar y la vigente Ley de Servicios de Comunicaci\u00f3n Audiovisual. Explic\u00f3 detalles de la construcci\u00f3n colectiva que deriv\u00f3 en dicha norma y aclar\u00f3 que \u201cla Defensor\u00eda del P\u00fablico cumple un rol clave en la promoci\u00f3n de la democracia, porque sin participaci\u00f3n y sin inclusi\u00f3n, esa democracia no existe\u201d.<\/p>\n<p>Agreg\u00f3 que su tarea es \u201ctrabajar en la inclusi\u00f3n y en la participaci\u00f3n ciudadana para construir una comunicaci\u00f3n participativa y que respete derechos\u201d, porque \u201clos Defensores tenemos un desaf\u00edo com\u00fan: hacer que el p\u00fablico comprenda nuestra tarea, de cara a ese p\u00fablico y a toda la sociedad\u201d.<\/p>\n<p>Delante de representantes de varios pa\u00edses del mundo, sostuvo que el organismo argentino \u201cincentiva la participaci\u00f3n ciudadana para que \u00e9sta tenga un poder transformador\u201d. Y agreg\u00f3: \u201cNuestra labor como educadores es llegar a todos los actores sociales para promover una escucha activa de los medios. La ley no tiene que quedar en letras de molde, sino convertirse en una herramienta \u00fatil para transformar la sociedad y mejorarla, sobre todo buscando la equidad\u201d.<\/p>\n<p>Luego de su exposici\u00f3n, la Defensora respondi\u00f3 preguntas de los asistentes, y explic\u00f3 a los otros defensores la marcha de las Audiencias P\u00fablicas que se est\u00e1n realizando en todo el pa\u00eds, para debatir sobre el rol de los medios y crear canales de participaci\u00f3n directa de la gente en el funcionamiento de la radio y la televisi\u00f3n.<\/p>\n<p>Ottaviano expres\u00f3 que \u201ctenemos que hacer un trabajo muy profundo en la difusi\u00f3n para crear una cultura de participaci\u00f3n democr\u00e1tica en torno a los medios de comunicaci\u00f3n\u201d, y destac\u00f3 el rol de los defensores como \u201cmediadores entre los medios y la gente\u201d.<\/p>\n<p>Dvorkin, quien fuera el primer Ombudsman de la National Public Radio (NPR) -la radio p\u00fablica de Estados Unidos-, sostuvo que \u201ces muy impresionante y poderoso el rol de la Defensor\u00eda del p\u00fablico de Argentina\u201d, y que \u201cvemos esta experiencia in\u00e9dita como modelo a seguir en el futuro por otros pa\u00edses. Evidentemente, esta iniciativa est\u00e1 muy emparentada con los principios democr\u00e1ticos en ese pa\u00eds\u201d.<\/p>\n<p>Por su parte, Sally Begbie, Ombudsman de la SBS de Australia -la radio y televisi\u00f3n p\u00fablica nacional-, y vicepresidente de la ONO, finaliz\u00f3: \u201cEsta asamblea, adem\u00e1s de cumplir con los compromisos acostumbrados del organismo, nos sirve este a\u00f1o para conocer lo ocurrido en Argentina con el nacimiento de la Defensor\u00eda. La de Ottaviano fue una de las mejores presentaciones, me impact\u00f3 positivamente que tenga el foco puesto en la educaci\u00f3n\u201d.<\/p>\n<p>&nbsp;<\/p>\n<p>&nbsp;<\/p>\n<p>&nbsp;<\/p>\n","protected":false},"excerpt":{"rendered":"<p>La Defensora del P\u00fablico, en Los \u00c1ngeles, EEUU, form\u00f3 parte por primera vez de la asamblea anual de la Organization of News Ombudsmen (ONO) junto a defensores de medios audiovisuales y escritos de 25 pa\u00edses. Muchos elogios para el trabajo de la Defensor\u00eda en la Argentina.<\/p>\n","protected":false},"author":11,"featured_media":0,"comment_status":"open","ping_status":"open","sticky":false,"template":"","format":"standard","meta":{"_jetpack_newsletter_access":"","_jetpack_dont_email_post_to_subs":false,"_jetpack_newsletter_tier_id":0,"_jetpack_memberships_contains_paywalled_content":false,"_jetpack_memberships_contains_paid_content":false,"footnotes":""},"categories":[54],"tags":[],"class_list":["post-24110","post","type-post","status-publish","format-standard","hentry","category-medios"],"jetpack_featured_media_url":"","jetpack_shortlink":"https:\/\/wp.me\/p2JWE0-6gS","jetpack-related-posts":[{"id":24464,"url":"https:\/\/www.24baires.com\/?p=24464","url_meta":{"origin":24110,"position":0},"title":"La Defensor\u00eda del P\u00fablico es modelo en el mundo","author":"Grupo Sierra","date":"27\/05\/2013","format":false,"excerpt":"El organismo encabezado por Cynthia Ottaviano fue elogiado en la reciente asamblea anual de la Organization of News Ombudsmen (ONO), donde se incorpor\u00f3 como miembro regular. Frank La Rue, relator de Naciones Unidas, hab\u00eda destacado a la Defensor\u00eda como \u201cexperiencia \u00fanica a nivel internacional\u201d. Y el Parlamento uruguayo contempla la\u2026","rel":"","context":"En \u00abMedios\u00bb","block_context":{"text":"Medios","link":"https:\/\/www.24baires.com\/?cat=54"},"img":{"alt_text":"","src":"","width":0,"height":0},"classes":[]},{"id":21611,"url":"https:\/\/www.24baires.com\/?p=21611","url_meta":{"origin":24110,"position":1},"title":"Ottaviano inst\u00f3 a grandes grupos econ\u00f3micos a respetar la Ley de Medios","author":"AF","date":"22\/04\/2013","format":false,"excerpt":"La periodista Cynthia Ottaviano present\u00f3 el pasado jueves a la Defensor\u00eda del P\u00fablico en la Canciller\u00eda argentina. Invitada por el Consejo Consultivo de la Sociedad Civil, en un encuentro llevado a cabo en el marco de organizaci\u00f3n de la participaci\u00f3n argentina en la pr\u00f3xima cumbre social que se realizar\u00e1 a\u2026","rel":"","context":"En \u00abMedios\u00bb","block_context":{"text":"Medios","link":"https:\/\/www.24baires.com\/?cat=54"},"img":{"alt_text":"ottaviano","src":"https:\/\/i0.wp.com\/www.24baires.com\/wp-content\/uploads\/2013\/04\/ottaviano.jpg?resize=350%2C200","width":350,"height":200,"srcset":"https:\/\/i0.wp.com\/www.24baires.com\/wp-content\/uploads\/2013\/04\/ottaviano.jpg?resize=350%2C200 1x, https:\/\/i0.wp.com\/www.24baires.com\/wp-content\/uploads\/2013\/04\/ottaviano.jpg?resize=525%2C300 1.5x"},"classes":[]},{"id":5432,"url":"https:\/\/www.24baires.com\/?p=5432","url_meta":{"origin":24110,"position":2},"title":"Cynthia Ottaviano es la nueva Defensora del P\u00fablico que establece la Ley de Medios","author":"Grupo Sierra","date":"14\/11\/2012","format":false,"excerpt":"Tal como lo establece la Ley de Medios y casi sin apoyo opositor, el Frente para la Victoria en el Senado de la Naci\u00f3n, aval\u00f3 el cargo que debe ocupar la periodista Cynthia Ottaviano con 39 adhesiones y 22 rechazos. Ottaviano\u00a0recibi\u00f3 m\u00e1s de 800 adhesiones y s\u00f3lo una impugnaci\u00f3n por\u2026","rel":"","context":"En \u00abMedios\u00bb","block_context":{"text":"Medios","link":"https:\/\/www.24baires.com\/?cat=54"},"img":{"alt_text":"","src":"","width":0,"height":0},"classes":[]},{"id":38368,"url":"https:\/\/www.24baires.com\/?p=38368","url_meta":{"origin":24110,"position":3},"title":"\u00abArgentina es modelo en materia de derechos de la comunicaci\u00f3n\u00bb asegur\u00f3 Ottaviano","author":"GB","date":"12\/01\/2014","format":false,"excerpt":"La defensora del P\u00fablico de Servicios de Comunicaci\u00f3n Audiovisual, Cynthia Ottaviano, afirm\u00f3 que tras la sanci\u00f3n de la ley de medios \u201cArgentina se convirti\u00f3 en un modelo en materia de derechos sobre la comunicaci\u00f3n para los pa\u00edses de Latinoam\u00e9rica\u201d. \u201cLa Ley de Medios es un caso testigo en materia de\u2026","rel":"","context":"En \u00abMedios\u00bb","block_context":{"text":"Medios","link":"https:\/\/www.24baires.com\/?cat=54"},"img":{"alt_text":"ottaviano","src":"https:\/\/i0.wp.com\/www.24baires.com\/wp-content\/uploads\/2013\/04\/ottaviano.jpg?resize=350%2C200","width":350,"height":200,"srcset":"https:\/\/i0.wp.com\/www.24baires.com\/wp-content\/uploads\/2013\/04\/ottaviano.jpg?resize=350%2C200 1x, https:\/\/i0.wp.com\/www.24baires.com\/wp-content\/uploads\/2013\/04\/ottaviano.jpg?resize=525%2C300 1.5x"},"classes":[]},{"id":34461,"url":"https:\/\/www.24baires.com\/?p=34461","url_meta":{"origin":24110,"position":4},"title":"\u00abEl fallo de la Corte demuestra que fuimos escuchados\u00bb, asegur\u00f3 Ottaviano","author":"AF","date":"01\/11\/2013","format":false,"excerpt":"La Defensora del P\u00fablico de Servicios de Comunicaci\u00f3n Audiovisual manifest\u00f3 hoy en Bariloche su alegr\u00eda por la declaraci\u00f3n de constitucionalidad de la Corte Suprema de la Ley de Medios. \"El punto saliente del fallo apunta a que esto se trata de una mera cuesti\u00f3n patrimonial, y que la ley y\u2026","rel":"","context":"En \u00abMedios\u00bb","block_context":{"text":"Medios","link":"https:\/\/www.24baires.com\/?cat=54"},"img":{"alt_text":"Ottaviano Cynthia","src":"https:\/\/i0.wp.com\/www.24baires.com\/wp-content\/uploads\/2012\/12\/Ottaviano-Cynthia.jpg?resize=350%2C200","width":350,"height":200,"srcset":"https:\/\/i0.wp.com\/www.24baires.com\/wp-content\/uploads\/2012\/12\/Ottaviano-Cynthia.jpg?resize=350%2C200 1x, https:\/\/i0.wp.com\/www.24baires.com\/wp-content\/uploads\/2012\/12\/Ottaviano-Cynthia.jpg?resize=525%2C300 1.5x"},"classes":[]},{"id":37216,"url":"https:\/\/www.24baires.com\/?p=37216","url_meta":{"origin":24110,"position":5},"title":"Ottaviano asegur\u00f3 que el 54,3% de las noticias de televisi\u00f3n no presentan fuentes","author":"GB","date":"20\/12\/2013","format":false,"excerpt":"Con la organizaci\u00f3n de la Defensor\u00eda del P\u00fablico se presentaron los resultados de los monitoreos de televisi\u00f3n abierta, el cual advirti\u00f3 que el 54,3% de las noticias emitidas por los cinco canales de aire con base en la ciudad de Buenos Aires no presentan las fuentes. \"El a\u00f1o que viene\u2026","rel":"","context":"En \u00abMedios\u00bb","block_context":{"text":"Medios","link":"https:\/\/www.24baires.com\/?cat=54"},"img":{"alt_text":"ottaviano","src":"https:\/\/i0.wp.com\/www.24baires.com\/wp-content\/uploads\/2013\/04\/ottaviano.jpg?resize=350%2C200","width":350,"height":200,"srcset":"https:\/\/i0.wp.com\/www.24baires.com\/wp-content\/uploads\/2013\/04\/ottaviano.jpg?resize=350%2C200 1x, https:\/\/i0.wp.com\/www.24baires.com\/wp-content\/uploads\/2013\/04\/ottaviano.jpg?resize=525%2C300 1.5x"},"classes":[]}],"jetpack_sharing_enabled":true,"jetpack_likes_enabled":true,"_links":{"self":[{"href":"https:\/\/www.24baires.com\/index.php?rest_route=\/wp\/v2\/posts\/24110","targetHints":{"allow":["GET"]}}],"collection":[{"href":"https:\/\/www.24baires.com\/index.php?rest_route=\/wp\/v2\/posts"}],"about":[{"href":"https:\/\/www.24baires.com\/index.php?rest_route=\/wp\/v2\/types\/post"}],"author":[{"embeddable":true,"href":"https:\/\/www.24baires.com\/index.php?rest_route=\/wp\/v2\/users\/11"}],"replies":[{"embeddable":true,"href":"https:\/\/www.24baires.com\/index.php?rest_route=%2Fwp%2Fv2%2Fcomments&post=24110"}],"version-history":[{"count":3,"href":"https:\/\/www.24baires.com\/index.php?rest_route=\/wp\/v2\/posts\/24110\/revisions"}],"predecessor-version":[{"id":24114,"href":"https:\/\/www.24baires.com\/index.php?rest_route=\/wp\/v2\/posts\/24110\/revisions\/24114"}],"wp:attachment":[{"href":"https:\/\/www.24baires.com\/index.php?rest_route=%2Fwp%2Fv2%2Fmedia&parent=24110"}],"wp:term":[{"taxonomy":"category","embeddable":true,"href":"https:\/\/www.24baires.com\/index.php?rest_route=%2Fwp%2Fv2%2Fcategories&post=24110"},{"taxonomy":"post_tag","embeddable":true,"href":"https:\/\/www.24baires.com\/index.php?rest_route=%2Fwp%2Fv2%2Ftags&post=24110"}],"curies":[{"name":"wp","href":"https:\/\/api.w.org\/{rel}","templated":true}]}}