{"id":24098,"date":"2013-05-22T10:45:17","date_gmt":"2013-05-22T13:45:17","guid":{"rendered":"http:\/\/www.24baires.com\/?p=24098"},"modified":"2013-05-22T10:45:17","modified_gmt":"2013-05-22T13:45:17","slug":"para-sabbatella-el-decreto-de-macri-es-un-mamarracho-juridico","status":"publish","type":"post","link":"https:\/\/www.24baires.com\/?p=24098","title":{"rendered":"Para Sabbatella el Decreto de Macri es un \u00abmamarracho jur\u00eddico\u00bb"},"content":{"rendered":"<p>El titular de la Afsca, Mart\u00edn Sabbatella, se refiri\u00f3 hoy a la medida cautelar dectada ayer por la Justicia porte\u00f1a y que frena el DNU de Macri, del que reiter\u00f3 que \u201cdesde el punto de vista jur\u00eddico es un mamarracho\u00bb.<!--more--><\/p>\n<p>\u201cEl titular de la Autoridad Federal de Servicios de Comunicaci\u00f3n Audiovisual (Afsca), Mart\u00edn Sabbatella, consider\u00f3 hoy que \u00abes un mamarracho jur\u00eddico\u00bb el decreto de necesidad y urgencia (DNU) firmado por el jefe de gobierno porte\u00f1o, Mauricio Macri, para proteger en la ciudad la libertad de prensa y expresi\u00f3n.<\/p>\n<p>\u00abEs un mamarracho jur\u00eddico, es anticonstitucional. Aunque sea ratificado por la Legislatura porte\u00f1a, el DNU de Macri viola el art\u00edculo 31 de la Constitucional Nacional al pretender dar supremac\u00eda a una ley local por sobre la nacional\u00bb, dijo el funcionario en declaraciones formuladas esta ma\u00f1ana a radio Del Plata.<\/p>\n<p>Macri firm\u00f3 un DNU para proteger la libertad de expresi\u00f3n y prensa en la ciudad, pero mientras la Legislatura se prepara para tratarlo, un juez porte\u00f1o suspendi\u00f3 parcialmente dos art\u00edculos de la norma, tras una presentaci\u00f3n realizada por los legisladores Gabriela Cerruti, Delia Bisutti y Edgardo Form.<\/p>\n<p>Seg\u00fan Sabbatella, el DNU \u00abno tiene sustento jur\u00eddico\u00bb porque \u00abno puede pasar por sobre una ley nacional federal, como es la ley de Comunicaci\u00f3n Audiovisual, de aplicaci\u00f3n en todo el territorio argentino\u00bb.<\/p>\n<p>El funcionario tambi\u00e9n advirti\u00f3 que el DNU \u00abtampoco puede ser tratado en la Legislatura porque est\u00e1 cuestionado por la Justicia (a trav\u00e9s de una medida cautelar)\u00bb.<\/p>\n<p>\u00abDesde el 25 de mayo del 2003, cuando N\u00e9stor Kirchner asumi\u00f3 la presidencia de la Naci\u00f3n, se recuper\u00f3 la soberan\u00eda de las decisiones, y ya no son las corporaciones las que deciden el rumbo del pa\u00eds, sino el pueblo a trav\u00e9s del gobierno y el Parlamento que ellos mismo eligieron democr\u00e1ticamente\u00bb, consign\u00f3 Sabbatella.<\/p>\n<p>El titular de la Afsca advirti\u00f3 que el DNU de Macri \u00abno es a favor de la libertad de expresi\u00f3n ni para garantizar el funcionamiento democr\u00e1tico de los medios, sino una herramienta al servicio de los intereses del Grupo Clar\u00edn\u00bb.<\/p>\n<p>\u00abEl DNU de Macri no tiene m\u00e1s objetivo que cumplir con el mandato del Grupo Clar\u00edn, que lo que busca es embarrar la cancha para seguir dilatando el cumplimiento de la ley de Servicios Audiovisuales\u00bb, dijo Sabbatella, que a\u00f1adi\u00f3 que \u00ablo que se busca es crear un cerco de impunidad en la Ciudad de Buenos Aires\u00bb para el grupo monop\u00f3lico.<\/p>\n<p>&nbsp;<\/p>\n<p>&nbsp;<\/p>\n<p>&nbsp;<\/p>\n<p>&nbsp;<\/p>\n","protected":false},"excerpt":{"rendered":"<p>El titular de la Afsca, Mart\u00edn Sabbatella, se refiri\u00f3 hoy a la medida cautelar dectada ayer por la Justicia porte\u00f1a y que frena el DNU de Macri, del que reiter\u00f3 que \u201cdesde el punto de vista jur\u00eddico es un mamarracho\u00bb.<\/p>\n","protected":false},"author":11,"featured_media":0,"comment_status":"open","ping_status":"open","sticky":false,"template":"","format":"standard","meta":{"_jetpack_newsletter_access":"","_jetpack_dont_email_post_to_subs":false,"_jetpack_newsletter_tier_id":0,"_jetpack_memberships_contains_paywalled_content":false,"_jetpack_memberships_contains_paid_content":false,"footnotes":""},"categories":[54],"tags":[],"class_list":["post-24098","post","type-post","status-publish","format-standard","hentry","category-medios"],"jetpack_featured_media_url":"","jetpack_shortlink":"https:\/\/wp.me\/p2JWE0-6gG","jetpack-related-posts":[{"id":23553,"url":"https:\/\/www.24baires.com\/?p=23553","url_meta":{"origin":24098,"position":0},"title":"\u00abMacri escribe y firma lo que le dicta Magnetto\u00bb, afirm\u00f3 Sabbatella","author":"AF","date":"14\/05\/2013","format":false,"excerpt":"El presidente de la Autoridad Federal de Servicios de Comunicaci\u00f3n Audiovisual manifest\u00f3 que el \"decreto de Macri no es a favor de la libertad de prensa sino a favor de Clar\u00edn\" porque \"le quiere crear un cerco de impunidad a la corporaci\u00f3n medi\u00e1tica\u201d. Luego de la conferencia de prensa en\u2026","rel":"","context":"En \u00abMedios\u00bb","block_context":{"text":"Medios","link":"https:\/\/www.24baires.com\/?cat=54"},"img":{"alt_text":"","src":"","width":0,"height":0},"classes":[]},{"id":77453,"url":"https:\/\/www.24baires.com\/?p=77453","url_meta":{"origin":24098,"position":1},"title":"Jueces Federales aceptaron amparo contra los DNU de Macri por la Ley de Medios y la AFSCA","author":"GB","date":"11\/01\/2016","format":false,"excerpt":"Dos jueces federales de Ciudad de Buenos Aires y San Mart\u00edn aceptaron, respectivamente, los amparos presentados por una asociaci\u00f3n de consumidores y una organizaci\u00f3n de comunicaci\u00f3n popular, dejando interinamente sin efecto los decretos 13\/15, 236\/15 y 267\/15 mediante los cuales el presidente Mauricio Macri intervino la AFSCA, desplaz\u00f3 a su\u2026","rel":"","context":"En \u00abPol\u00edtica\u00bb","block_context":{"text":"Pol\u00edtica","link":"https:\/\/www.24baires.com\/?cat=51"},"img":{"alt_text":"","src":"","width":0,"height":0},"classes":[]},{"id":76829,"url":"https:\/\/www.24baires.com\/?p=76829","url_meta":{"origin":24098,"position":2},"title":"El Gobierno de Macri denunci\u00f3 a Sabbatella por no aceptar la intervenci\u00f3n de AFSCA","author":"GB","date":"23\/12\/2015","format":false,"excerpt":"La denuncia fue presentada por el interventor designado parea el AFSCA, Agust\u00edn Garz\u00f3n, luego de que el actual director del organismo se resistiera a dejar su cargo. El Gobierno denunci\u00f3 penalmente esta tarde al director de la AFSCA, Mart\u00edn Sabbatella, por los presuntos delitos de \"incumplimiento del deber de funcionario\u2026","rel":"","context":"En \u00abPol\u00edtica\u00bb","block_context":{"text":"Pol\u00edtica","link":"https:\/\/www.24baires.com\/?cat=51"},"img":{"alt_text":"sabbatella post fallo","src":"https:\/\/i0.wp.com\/www.24baires.com\/wp-content\/uploads\/2012\/12\/sabbatella-post-fallo.jpg?resize=350%2C200","width":350,"height":200,"srcset":"https:\/\/i0.wp.com\/www.24baires.com\/wp-content\/uploads\/2012\/12\/sabbatella-post-fallo.jpg?resize=350%2C200 1x, https:\/\/i0.wp.com\/www.24baires.com\/wp-content\/uploads\/2012\/12\/sabbatella-post-fallo.jpg?resize=525%2C300 1.5x"},"classes":[]},{"id":77506,"url":"https:\/\/www.24baires.com\/?p=77506","url_meta":{"origin":24098,"position":3},"title":"El macrismo proh\u00edbe la entrada de Sabbatella a la AFSCA","author":"AF","date":"12\/01\/2016","format":false,"excerpt":"El titular de la Autoridad Federal de Servicios de Comunicaci\u00f3n Audiovisual intent\u00f3 regresar a su oficina luego de que dos jueces aceptaran los amparos presentados contra el decreto presidencial que modifica la norma. La infanter\u00eda, apostada frente al edificio, aleg\u00f3 que ten\u00eda \u00f3rdenes del nuevo interventor de no dejarlo entrar.\u2026","rel":"","context":"En \u00abJUDICIALES\u00bb","block_context":{"text":"JUDICIALES","link":"https:\/\/www.24baires.com\/?cat=68"},"img":{"alt_text":"sabbatella media empresa","src":"https:\/\/i0.wp.com\/www.24baires.com\/wp-content\/uploads\/2012\/12\/sabbatella-media-empresa.jpg?resize=350%2C200","width":350,"height":200,"srcset":"https:\/\/i0.wp.com\/www.24baires.com\/wp-content\/uploads\/2012\/12\/sabbatella-media-empresa.jpg?resize=350%2C200 1x, https:\/\/i0.wp.com\/www.24baires.com\/wp-content\/uploads\/2012\/12\/sabbatella-media-empresa.jpg?resize=525%2C300 1.5x"},"classes":[]},{"id":55732,"url":"https:\/\/www.24baires.com\/?p=55732","url_meta":{"origin":24098,"position":4},"title":"Para Sabbatella, los argumentos de Clar\u00edn \u00abson rid\u00edculos\u00bb","author":"Grupo Sierra","date":"20\/10\/2014","format":false,"excerpt":"El presidente de la Afsca, Mart\u00edn Sabbatella, afirm\u00f3 que los argumentos que esgrimi\u00f3 el grupo Clar\u00edn para recusar la actuaci\u00f3n de cinco funcionarios del organismo en el proceso de adecuaci\u00f3n a la Ley de Medios \"son rid\u00edculos\", y exhort\u00f3 al multimedios que encabeza H\u00e9ctor Magnetto \"a dar explicaciones sobre las\u2026","rel":"","context":"En \u00abMedios\u00bb","block_context":{"text":"Medios","link":"https:\/\/www.24baires.com\/?cat=54"},"img":{"alt_text":"sababtella propuestas","src":"https:\/\/i0.wp.com\/www.24baires.com\/wp-content\/uploads\/2012\/12\/sababtella-propuestas.jpg?resize=350%2C200","width":350,"height":200,"srcset":"https:\/\/i0.wp.com\/www.24baires.com\/wp-content\/uploads\/2012\/12\/sababtella-propuestas.jpg?resize=350%2C200 1x, https:\/\/i0.wp.com\/www.24baires.com\/wp-content\/uploads\/2012\/12\/sababtella-propuestas.jpg?resize=525%2C300 1.5x"},"classes":[]},{"id":77052,"url":"https:\/\/www.24baires.com\/?p=77052","url_meta":{"origin":24098,"position":5},"title":"Sabbatella: \u00abLe da un poco de sensatez a una situaci\u00f3n ilegal\u00bb","author":"GB","date":"30\/12\/2015","format":false,"excerpt":"El desplazado titular de Afsca lo dijo desde la sede del organismo tras la decisi\u00f3n del juez Luis Arias de ordenar al Ejecutivo nacional que \"se abstenga de suprimir o afectar derechos adquiridos\". Desde la puerta de ese organismo, Sabbatella expres\u00f3 que \"la cautelar del juez le otorga un poco\u2026","rel":"","context":"En \u00abPol\u00edtica\u00bb","block_context":{"text":"Pol\u00edtica","link":"https:\/\/www.24baires.com\/?cat=51"},"img":{"alt_text":"sabbatella","src":"https:\/\/i0.wp.com\/www.24baires.com\/wp-content\/uploads\/2013\/10\/sabbatella.jpg?resize=350%2C200","width":350,"height":200,"srcset":"https:\/\/i0.wp.com\/www.24baires.com\/wp-content\/uploads\/2013\/10\/sabbatella.jpg?resize=350%2C200 1x, https:\/\/i0.wp.com\/www.24baires.com\/wp-content\/uploads\/2013\/10\/sabbatella.jpg?resize=525%2C300 1.5x"},"classes":[]}],"jetpack_sharing_enabled":true,"jetpack_likes_enabled":true,"_links":{"self":[{"href":"https:\/\/www.24baires.com\/index.php?rest_route=\/wp\/v2\/posts\/24098","targetHints":{"allow":["GET"]}}],"collection":[{"href":"https:\/\/www.24baires.com\/index.php?rest_route=\/wp\/v2\/posts"}],"about":[{"href":"https:\/\/www.24baires.com\/index.php?rest_route=\/wp\/v2\/types\/post"}],"author":[{"embeddable":true,"href":"https:\/\/www.24baires.com\/index.php?rest_route=\/wp\/v2\/users\/11"}],"replies":[{"embeddable":true,"href":"https:\/\/www.24baires.com\/index.php?rest_route=%2Fwp%2Fv2%2Fcomments&post=24098"}],"version-history":[{"count":1,"href":"https:\/\/www.24baires.com\/index.php?rest_route=\/wp\/v2\/posts\/24098\/revisions"}],"predecessor-version":[{"id":24099,"href":"https:\/\/www.24baires.com\/index.php?rest_route=\/wp\/v2\/posts\/24098\/revisions\/24099"}],"wp:attachment":[{"href":"https:\/\/www.24baires.com\/index.php?rest_route=%2Fwp%2Fv2%2Fmedia&parent=24098"}],"wp:term":[{"taxonomy":"category","embeddable":true,"href":"https:\/\/www.24baires.com\/index.php?rest_route=%2Fwp%2Fv2%2Fcategories&post=24098"},{"taxonomy":"post_tag","embeddable":true,"href":"https:\/\/www.24baires.com\/index.php?rest_route=%2Fwp%2Fv2%2Ftags&post=24098"}],"curies":[{"name":"wp","href":"https:\/\/api.w.org\/{rel}","templated":true}]}}