{"id":24080,"date":"2013-05-21T19:40:01","date_gmt":"2013-05-21T22:40:01","guid":{"rendered":"http:\/\/www.24baires.com\/?p=24080"},"modified":"2013-05-21T19:40:44","modified_gmt":"2013-05-21T22:40:44","slug":"pepe-mujica-envio-al-parlamento-un-proyecto-de-ley-de-medios-que-limite-los-monopolios","status":"publish","type":"post","link":"https:\/\/www.24baires.com\/?p=24080","title":{"rendered":"&#8216;Pepe&#8217; Mujica envi\u00f3 al parlamento un proyecto de Ley de Medios que \u00ablimite los monopolios\u00bb"},"content":{"rendered":"<p>El presidente uruguayo, Jos\u00e9 Mujica, envi\u00f3 al Parlamento el proyecto de ley de Servicios de Comunicaci\u00f3n Audiovisual, que pretende regular el sector, por considerarlo de inter\u00e9s p\u00fablico, mediante nuevas reglas que permitan un sistema con competencia equilibrada, pluralista y de acceso universal.\u00a0 \u00abEs deber del Estado instrumentar medidas adecuadas para impedir o limitar la formaci\u00f3n de monopolios y oligopolios privados, as\u00ed como establecer mecanismos para su control\u00bb, se\u00f1ala el texto.<!--more--><\/p>\n<p>Mujica resalt\u00f3 que el proyecto \u00abtiene mucha importancia para el pa\u00eds\u00bb, al presentar este martes durante una reuni\u00f3n con sus ministros en la residencia presidencial de Su\u00e1rez los detalles de la iniciativa de 13 cap\u00edtulos y 183 art\u00edculos.<\/p>\n<p>Con este proyecto, el Ejecutivo busca \u00abregular los servicios de radio, televisi\u00f3n y otros servicios de comunicaci\u00f3n audiovisual\u00bb con \u00abreglas claras que permitan generar un sistema de medios audiovisuales arm\u00f3nico, con una competencia equilibrada y justa entre los operadores\u00bb, seg\u00fan el texto enviado al Parlamento y que deber\u00e1 debatir primero la C\u00e1mara de Diputados.<\/p>\n<p>El Gobierno define en este texto a los Servicios de Comunicaci\u00f3n Audiovisual (SCA) como \u00abservicios culturales, de \u00edndole tanto econ\u00f3mica como cultural y de car\u00e1cter estrat\u00e9gico para el desarrollo nacional\u00bb y, por lo tanto, de \u00abinter\u00e9s p\u00fablico\u00bb.<\/p>\n<p>Por ello, sostiene que \u00abes deber del Estado asegurar el acceso universal\u00bb a los SCA para contribuir \u00aba la libertad de informaci\u00f3n, la inclusi\u00f3n social, la no discriminaci\u00f3n, la promoci\u00f3n de la diversidad cultural, la educaci\u00f3n y el esparcimiento\u00bb.<\/p>\n<p>Uno de los pilares de la ley es la definici\u00f3n sobre monopolios y oligopolios en la propiedad y control de los servicios de comunicaci\u00f3n audiovisual que \u00abconspiran contra la democracia al restringir la pluralidad y diversidad que asegura el pleno ejercicio del derecho a la informaci\u00f3n de las personas\u00bb.<\/p>\n<p>Por ello, \u00abes deber del Estado instrumentar medidas adecuadas para impedir o limitar la formaci\u00f3n de monopolios y oligopolios privados, as\u00ed como establecer mecanismos para su control\u00bb, se\u00f1ala el texto.<\/p>\n<p>Otro importante cambio propuesto es \u00abla plena transparencia en el proceso de concesi\u00f3n de autorizaciones y licencias para ejercer la titularidad de los SCA\u00bb que propone el proyecto, por el que tambi\u00e9n se busca limitar la concentraci\u00f3n de estos medios.<\/p>\n<p>Al respecto, se busca pasar de la \u00absituaci\u00f3n precaria y revocable\u00bb de la actualidad a un sistema de concesiones de uso y autorizaciones \u00abcon plazos determinados y renovables\u00bb.<\/p>\n<p>Para la aplicaci\u00f3n de las medidas regulatorias, el proyecto prev\u00e9 la creaci\u00f3n de una autoridad de aplicaci\u00f3n, el Consejo de Comunicaci\u00f3n Audiovisual (CCA), que tendr\u00e1 como tarea \u00abproponer, implementar, monitorear y fiscalizar el cumplimiento de las pol\u00edticas\u00bb del sistema y contempla la figura del ombudsman espec\u00edfico para este sector.<\/p>\n<p>La iniciativa propone el establecimiento de cuotas m\u00ednimas de producci\u00f3n nacional, disposiciones para regular los contenidos en horarios de protecci\u00f3n al menor y garantizar la libertad editorial, de expresi\u00f3n e informaci\u00f3n y la independencia de los medios, adem\u00e1s de postular la prohibici\u00f3n de la censura previa.<\/p>\n<p>Tambi\u00e9n pretende la regulaci\u00f3n de los mensajes publicitarios, la obligatoriedad de que los canales cedan espacios gratuitos en \u00e9pocas electorales para propaganda proselitista, el uso compartido de canales radioel\u00e9ctricos y la prohibici\u00f3n a las empresas telef\u00f3nicas de explotar ondas de radio y televisi\u00f3n.<\/p>\n<p>El proyecto incluye un cap\u00edtulo sobre \u00abautorregulaci\u00f3n \u00e9tica\u00bb para los titulares de SCA a partir de un c\u00f3digo \u00abdeterminado libremente por cada prestador, teniendo como base los principios y derechos que reconoce y promueve\u00bb la eventual futura ley.<\/p>\n<p>Tambi\u00e9n contempla los derechos de los periodistas, quienes podr\u00e1n \u00abnegarse a acompa\u00f1ar con su imagen, voz o nombre contenidos de su autor\u00eda que hayan sido sustancialmente modificados sin su consentimiento\u00bb, seg\u00fan el texto girado al Parlamento.<\/p>\n<p>La propuesta incluye la obligatoriedad de emitir a trav\u00e9s del servicio de radiodifusi\u00f3n de televisi\u00f3n abierta, en directo y simult\u00e1neo, los partidos en instancias definitorias de torneos internacionales de las selecciones nacionales de f\u00fatbol y b\u00e1squet.<\/p>\n<p>&nbsp;<\/p>\n<p>&nbsp;<\/p>\n<p>&nbsp;<\/p>\n","protected":false},"excerpt":{"rendered":"<p>El presidente uruguayo, Jos\u00e9 Mujica, envi\u00f3 al Parlamento el proyecto de ley de Servicios de Comunicaci\u00f3n Audiovisual, que pretende regular el sector, por considerarlo de inter\u00e9s p\u00fablico, mediante nuevas reglas que permitan un sistema con competencia equilibrada, pluralista y de acceso universal.\u00a0 \u00abEs deber del Estado instrumentar medidas adecuadas para impedir o limitar la formaci\u00f3n de monopolios y oligopolios privados, [&#8230;]<\/p>\n","protected":false},"author":11,"featured_media":0,"comment_status":"open","ping_status":"open","sticky":false,"template":"","format":"standard","meta":{"_jetpack_newsletter_access":"","_jetpack_dont_email_post_to_subs":false,"_jetpack_newsletter_tier_id":0,"_jetpack_memberships_contains_paywalled_content":false,"_jetpack_memberships_contains_paid_content":false,"footnotes":""},"categories":[54],"tags":[],"class_list":["post-24080","post","type-post","status-publish","format-standard","hentry","category-medios"],"jetpack_featured_media_url":"","jetpack_shortlink":"https:\/\/wp.me\/p2JWE0-6go","jetpack-related-posts":[{"id":58718,"url":"https:\/\/www.24baires.com\/?p=58718","url_meta":{"origin":24080,"position":0},"title":"Mujica: \u00abNo quiero que Clar\u00edn o Globo sean los due\u00f1os de las comunicaciones\u00bb","author":"GB","date":"16\/12\/2014","format":false,"excerpt":"El presidente uruguayo, Jos\u00e9 Mujica, asegur\u00f3 hoy que no quiere que esos grupos de medios sean \"due\u00f1os de la comunicaci\u00f3n\" en su pa\u00eds. El Senado uruguayo trata la ley de Servicios de Comunicaci\u00f3n Audiovisual que de aprobarse esta noche, podr\u00eda ser convertida en ley la semana pr\u00f3xima. \"La peor amenaza\u2026","rel":"","context":"En \u00abInternacionales\u00bb","block_context":{"text":"Internacionales","link":"https:\/\/www.24baires.com\/?cat=73"},"img":{"alt_text":"mujica","src":"https:\/\/i0.wp.com\/www.24baires.com\/wp-content\/uploads\/2012\/10\/mujica.jpg?resize=350%2C200","width":350,"height":200,"srcset":"https:\/\/i0.wp.com\/www.24baires.com\/wp-content\/uploads\/2012\/10\/mujica.jpg?resize=350%2C200 1x, https:\/\/i0.wp.com\/www.24baires.com\/wp-content\/uploads\/2012\/10\/mujica.jpg?resize=525%2C300 1.5x"},"classes":[]},{"id":29405,"url":"https:\/\/www.24baires.com\/?p=29405","url_meta":{"origin":24080,"position":1},"title":"Uruguay defender\u00e1 ante la ONU la reciente ley de regulaci\u00f3n de la marihuana","author":"AF","date":"02\/08\/2013","format":false,"excerpt":"Seg\u00fan asever\u00f3 a la prensa uruguaya el presidente de la Junta Nacional de Drogas, Diego C\u00e1nepa, el presidente uruguayo, Jos\u00e9 Mujica, concurrir\u00e1 a la asamblea anual de las Naciones Unidas (ONU) para defender la ley de marihuana que impulsa su Gobierno. La ley que pone bajo \u00f3rbita estatal la regulaci\u00f3n\u2026","rel":"","context":"En \u00abSociedad\u00bb","block_context":{"text":"Sociedad","link":"https:\/\/www.24baires.com\/?cat=1"},"img":{"alt_text":"mujica","src":"https:\/\/i0.wp.com\/www.24baires.com\/wp-content\/uploads\/2012\/10\/mujica.jpg?resize=350%2C200","width":350,"height":200,"srcset":"https:\/\/i0.wp.com\/www.24baires.com\/wp-content\/uploads\/2012\/10\/mujica.jpg?resize=350%2C200 1x, https:\/\/i0.wp.com\/www.24baires.com\/wp-content\/uploads\/2012\/10\/mujica.jpg?resize=525%2C300 1.5x"},"classes":[]},{"id":24464,"url":"https:\/\/www.24baires.com\/?p=24464","url_meta":{"origin":24080,"position":2},"title":"La Defensor\u00eda del P\u00fablico es modelo en el mundo","author":"Grupo Sierra","date":"27\/05\/2013","format":false,"excerpt":"El organismo encabezado por Cynthia Ottaviano fue elogiado en la reciente asamblea anual de la Organization of News Ombudsmen (ONO), donde se incorpor\u00f3 como miembro regular. Frank La Rue, relator de Naciones Unidas, hab\u00eda destacado a la Defensor\u00eda como \u201cexperiencia \u00fanica a nivel internacional\u201d. Y el Parlamento uruguayo contempla la\u2026","rel":"","context":"En \u00abMedios\u00bb","block_context":{"text":"Medios","link":"https:\/\/www.24baires.com\/?cat=54"},"img":{"alt_text":"","src":"","width":0,"height":0},"classes":[]},{"id":103106,"url":"https:\/\/www.24baires.com\/?p=103106","url_meta":{"origin":24080,"position":3},"title":"La Matanza prohibi\u00f3 el ingreso de Farmacity","author":"GB","date":"02\/07\/2018","format":false,"excerpt":"El Concejo Deliberante aprob\u00f3 por unanimidad el proyecto enviado por Magario para ratificar la ley 10.606 y poner l\u00edmites al ingreso de la cadena de Mario Quintana. El Concejo Deliberante de La Matanza aprob\u00f3 por unanimidad un proyecto de ordenanza que establece l\u00edmites al ingreso de Farmacity al municipio. La\u2026","rel":"","context":"En \u00abMunicipios\u00bb","block_context":{"text":"Municipios","link":"https:\/\/www.24baires.com\/?cat=44"},"img":{"alt_text":"","src":"https:\/\/i0.wp.com\/www.24baires.com\/wp-content\/uploads\/2017\/10\/farmacias-protesta-300x206.jpg?resize=350%2C200","width":350,"height":200},"classes":[]},{"id":20280,"url":"https:\/\/www.24baires.com\/?p=20280","url_meta":{"origin":24080,"position":4},"title":"\u00abNada ni nadie puede descuajar nuestra historia\u00bb, asegur\u00f3 Mujica","author":"AF","date":"05\/04\/2013","format":false,"excerpt":"Luego del esc\u00e1ndalo, el presidente uruguayo se refiri\u00f3 a los pol\u00e9micos dichos adjudicados a Cristina y a N\u00e9stor Kirchner que trascendieron en un audio. El presidente de Uruguay, Jos\u00e9 Mujica, afirm\u00f3 hoy que \"nada ni nadie\" podr\u00e1 separarlos en alusi\u00f3n a la relaci\u00f3n con nuestro pa\u00eds, tras el incidente por\u2026","rel":"","context":"En \u00abPol\u00edtica\u00bb","block_context":{"text":"Pol\u00edtica","link":"https:\/\/www.24baires.com\/?cat=51"},"img":{"alt_text":"mujica cristina","src":"https:\/\/i0.wp.com\/www.24baires.com\/wp-content\/uploads\/2013\/04\/mujica-cristina.jpg?resize=350%2C200","width":350,"height":200,"srcset":"https:\/\/i0.wp.com\/www.24baires.com\/wp-content\/uploads\/2013\/04\/mujica-cristina.jpg?resize=350%2C200 1x, https:\/\/i0.wp.com\/www.24baires.com\/wp-content\/uploads\/2013\/04\/mujica-cristina.jpg?resize=525%2C300 1.5x"},"classes":[]},{"id":108614,"url":"https:\/\/www.24baires.com\/?p=108614","url_meta":{"origin":24080,"position":5},"title":"Alberto Fern\u00e1ndez: \u00abMacri est\u00e1 con Bolsonaro, yo estoy con Mujica\u00bb","author":"AF","date":"06\/06\/2019","format":false,"excerpt":"El pre candidato presidencial asegur\u00f3 adem\u00e1s que Sergio Massa sabe donde debe estar para poder que en la Argentina \"se pueda dar vuelta la p\u00e1gina macrista\". El pre candidato a presidente de la Naci\u00f3n, Alberto Fern\u00e1ndez, confi\u00f3 en que (Sergio) \"Massa sabe donde debe estar\" de cara al fin del\u2026","rel":"","context":"En \u00abPol\u00edtica\u00bb","block_context":{"text":"Pol\u00edtica","link":"https:\/\/www.24baires.com\/?cat=51"},"img":{"alt_text":"","src":"https:\/\/i0.wp.com\/www.24baires.com\/wp-content\/uploads\/2019\/06\/MUJICA-FERN%C3%81NDEZ.jpg?resize=350%2C200","width":350,"height":200,"srcset":"https:\/\/i0.wp.com\/www.24baires.com\/wp-content\/uploads\/2019\/06\/MUJICA-FERN%C3%81NDEZ.jpg?resize=350%2C200 1x, https:\/\/i0.wp.com\/www.24baires.com\/wp-content\/uploads\/2019\/06\/MUJICA-FERN%C3%81NDEZ.jpg?resize=525%2C300 1.5x"},"classes":[]}],"jetpack_sharing_enabled":true,"jetpack_likes_enabled":true,"_links":{"self":[{"href":"https:\/\/www.24baires.com\/index.php?rest_route=\/wp\/v2\/posts\/24080","targetHints":{"allow":["GET"]}}],"collection":[{"href":"https:\/\/www.24baires.com\/index.php?rest_route=\/wp\/v2\/posts"}],"about":[{"href":"https:\/\/www.24baires.com\/index.php?rest_route=\/wp\/v2\/types\/post"}],"author":[{"embeddable":true,"href":"https:\/\/www.24baires.com\/index.php?rest_route=\/wp\/v2\/users\/11"}],"replies":[{"embeddable":true,"href":"https:\/\/www.24baires.com\/index.php?rest_route=%2Fwp%2Fv2%2Fcomments&post=24080"}],"version-history":[{"count":4,"href":"https:\/\/www.24baires.com\/index.php?rest_route=\/wp\/v2\/posts\/24080\/revisions"}],"predecessor-version":[{"id":24085,"href":"https:\/\/www.24baires.com\/index.php?rest_route=\/wp\/v2\/posts\/24080\/revisions\/24085"}],"wp:attachment":[{"href":"https:\/\/www.24baires.com\/index.php?rest_route=%2Fwp%2Fv2%2Fmedia&parent=24080"}],"wp:term":[{"taxonomy":"category","embeddable":true,"href":"https:\/\/www.24baires.com\/index.php?rest_route=%2Fwp%2Fv2%2Fcategories&post=24080"},{"taxonomy":"post_tag","embeddable":true,"href":"https:\/\/www.24baires.com\/index.php?rest_route=%2Fwp%2Fv2%2Ftags&post=24080"}],"curies":[{"name":"wp","href":"https:\/\/api.w.org\/{rel}","templated":true}]}}