{"id":24047,"date":"2013-05-21T14:11:34","date_gmt":"2013-05-21T17:11:34","guid":{"rendered":"http:\/\/www.24baires.com\/?p=24047"},"modified":"2013-05-22T14:57:27","modified_gmt":"2013-05-22T17:57:27","slug":"la-justicia-freno-el-dnu-de-macri-contra-la-ley-de-medios","status":"publish","type":"post","link":"https:\/\/www.24baires.com\/?p=24047","title":{"rendered":"La Justicia fren\u00f3 el DNU de Macri contra la Ley de Medios"},"content":{"rendered":"<p><img data-recalc-dims=\"1\" loading=\"lazy\" decoding=\"async\" class=\"alignleft size-medium wp-image-20997\" alt=\"macri\" src=\"https:\/\/i0.wp.com\/www.24baires.com\/wp-content\/uploads\/2013\/04\/macri.jpg?resize=300%2C168\" width=\"300\" height=\"168\" srcset=\"https:\/\/i0.wp.com\/www.24baires.com\/wp-content\/uploads\/2013\/04\/macri.jpg?resize=300%2C168&amp;ssl=1 300w, https:\/\/i0.wp.com\/www.24baires.com\/wp-content\/uploads\/2013\/04\/macri.jpg?w=407&amp;ssl=1 407w\" sizes=\"auto, (max-width: 300px) 100vw, 300px\" \/>El juez Osvaldo Otheguy, en lo Contencioso Administrativo y Tributario, dict\u00f3 una medida que frena el decreto de necesidad y urgencia que firm\u00f3 Mauricio Macri para \u00abproteger la libertad de expresi\u00f3n\u00bb en la Ciudad.<!--more--><\/p>\n<p>El juez dio lugar a la medida cautelar solicitada por los legisladores de Nuevo Encuentro, Gabriel Cerruti, Delia Bisuti y Edgardo Form en lo que se refiere a los art\u00edculos que regulan cuestiones tributarias por considerar que violan la Constituci\u00f3n de la ciudad de Buenos Aires, inform\u00f3 el portal Infojus Noticias.<\/p>\n<p>Tambi\u00e9n lo confirm\u00f3 la legisladora Gabriela Cerruti en su cuenta de twitter donde se\u00f1al\u00f3 que la medida \u00absuspende la aplicaci\u00f3n de algunos art\u00edculos\u00bb.<\/p>\n<p>Cerruti agreg\u00f3 que \u00abcomo no se puede modificar porque es un DNU, se cae todo\u00bb.<\/p>\n<p>El pedido, que hab\u00eda sido presentado por los legisladores de Nuevo Encuentro el pasado jueves, recibi\u00f3 ayer dictamen en la Comisi\u00f3n de Asuntos Constitucionales de la Legislatura y ser\u00e1 tratado en el recinto el 30 de mayo.<\/p>\n<p>\u00abQueremos que la justicia se expida r\u00e1pidamente para que deje de tener vigencia este decreto, ya que hoy, en la Ciudad de Buenos Aires, no rigen las leyes federales\u00bb, explic\u00f3 Cerruti a la prensa el d\u00eda de la presentaci\u00f3n.<\/p>\n<p>Por su parte, Bisutti dijo que el discurso del jefe de gobierno es \u00abhueco y vac\u00edo\u00bb porque dice proteger \u00abla libertad de prensa y expresi\u00f3n en un pa\u00eds donde rigen todos esos derechos\u00bb.<\/p>\n<p>\u00abLo que est\u00e1 haciendo valer es la sociedad con Clar\u00edn\u00bb, dijo la diputada y explic\u00f3 que el multimedio \u00abprotege medi\u00e1ticamente a Macri y \u00e9l le sigue protegiendo los negocios a Clar\u00edn\u00bb.<\/p>\n<p>Por \u00faltimo, expres\u00f3 que con esta acci\u00f3n Macri le est\u00e1 diciendo \u00aba la derecha\u00bb que es \u00abel Capriles de la Argentina\u00bb, en referencia al ex candidato presidencial de la derecha venezolana.<\/p>\n","protected":false},"excerpt":{"rendered":"<p>El juez Osvaldo Otheguy, en lo Contencioso Administrativo y Tributario, dict\u00f3 una medida que frena el decreto de necesidad y urgencia que firm\u00f3 Mauricio Macri para \u00abproteger la libertad de expresi\u00f3n\u00bb en la Ciudad.<\/p>\n","protected":false},"author":11,"featured_media":0,"comment_status":"open","ping_status":"open","sticky":false,"template":"","format":"standard","meta":{"_jetpack_newsletter_access":"","_jetpack_dont_email_post_to_subs":false,"_jetpack_newsletter_tier_id":0,"_jetpack_memberships_contains_paywalled_content":false,"_jetpack_memberships_contains_paid_content":false,"footnotes":""},"categories":[54],"tags":[],"class_list":["post-24047","post","type-post","status-publish","format-standard","hentry","category-medios"],"jetpack_featured_media_url":"","jetpack_shortlink":"https:\/\/wp.me\/p2JWE0-6fR","jetpack-related-posts":[{"id":24098,"url":"https:\/\/www.24baires.com\/?p=24098","url_meta":{"origin":24047,"position":0},"title":"Para Sabbatella el Decreto de Macri es un \u00abmamarracho jur\u00eddico\u00bb","author":"Grupo Sierra","date":"22\/05\/2013","format":false,"excerpt":"El titular de la Afsca, Mart\u00edn Sabbatella, se refiri\u00f3 hoy a la medida cautelar dectada ayer por la Justicia porte\u00f1a y que frena el DNU de Macri, del que reiter\u00f3 que \u201cdesde el punto de vista jur\u00eddico es un mamarracho\". \u201cEl titular de la Autoridad Federal de Servicios de Comunicaci\u00f3n\u2026","rel":"","context":"En \u00abMedios\u00bb","block_context":{"text":"Medios","link":"https:\/\/www.24baires.com\/?cat=54"},"img":{"alt_text":"","src":"","width":0,"height":0},"classes":[]},{"id":23579,"url":"https:\/\/www.24baires.com\/?p=23579","url_meta":{"origin":24047,"position":1},"title":"Eval\u00faan realizar una presentaci\u00f3n judicial contra el DNU de Macri","author":"AF","date":"15\/05\/2013","format":false,"excerpt":"Un grupo de legisladores porte\u00f1os de Nuevo Encuentro analizan realizar una presentaci\u00f3n judicial para que el decreto de necesidad y urgencia anunciado ayer por Mauricio Macri sea declarado inconstitucional por la Justicia. La presentaci\u00f3n, seg\u00fan pudo saber T\u00e9lam, la concretar\u00eda, entre otros, la legisladora porte\u00f1a Gabriela Cerruti. Ayer, el jefe\u2026","rel":"","context":"En \u00abPol\u00edtica\u00bb","block_context":{"text":"Pol\u00edtica","link":"https:\/\/www.24baires.com\/?cat=51"},"img":{"alt_text":"","src":"","width":0,"height":0},"classes":[]},{"id":94718,"url":"https:\/\/www.24baires.com\/?p=94718","url_meta":{"origin":24047,"position":2},"title":"Piden las declaraciones juradas de Macri y Awada por posibles inconsistencias","author":"GB","date":"23\/05\/2017","format":false,"excerpt":"La fiscal Silvana Russi pidi\u00f3 los certificados del Presidente y la Primera Dama a la AFIP en el marco de una causa iniciada por la dirigente Gabriela Cerruti el a\u00f1o pasado. La fiscal de instrucci\u00f3n Silvana Russi pidi\u00f3 a la AFIP las declaraciones juradas de Mauricio Macri y Juliana Awada\u2026","rel":"","context":"En \u00abPol\u00edtica\u00bb","block_context":{"text":"Pol\u00edtica","link":"https:\/\/www.24baires.com\/?cat=51"},"img":{"alt_text":"","src":"https:\/\/i0.wp.com\/www.24baires.com\/wp-content\/uploads\/2017\/04\/macri.jpg?resize=350%2C200","width":350,"height":200,"srcset":"https:\/\/i0.wp.com\/www.24baires.com\/wp-content\/uploads\/2017\/04\/macri.jpg?resize=350%2C200 1x, https:\/\/i0.wp.com\/www.24baires.com\/wp-content\/uploads\/2017\/04\/macri.jpg?resize=525%2C300 1.5x"},"classes":[]},{"id":56417,"url":"https:\/\/www.24baires.com\/?p=56417","url_meta":{"origin":24047,"position":3},"title":"Condenaron a Lanata por injurias contra Cerruti","author":"Grupo Sierra","date":"01\/11\/2014","format":false,"excerpt":"La demanda se origin\u00f3 por declaraciones en radio Mitre. La legisladora porte\u00f1a adelant\u00f3 que \"est\u00e1 conforme con que hayan hecho lugar a la demanda\", pero insitir\u00e1 en que sea analizada como una violencia de g\u00e9nero hacia todas las mujeres. La Justicia fall\u00f3 a favor de la legisladora porte\u00f1a Gabriela Cerruti\u2026","rel":"","context":"En \u00abJUDICIALES\u00bb","block_context":{"text":"JUDICIALES","link":"https:\/\/www.24baires.com\/?cat=68"},"img":{"alt_text":"cerrutti lanata","src":"https:\/\/i0.wp.com\/www.24baires.com\/wp-content\/uploads\/2013\/07\/cerrutti-lanata.jpg?resize=350%2C200","width":350,"height":200,"srcset":"https:\/\/i0.wp.com\/www.24baires.com\/wp-content\/uploads\/2013\/07\/cerrutti-lanata.jpg?resize=350%2C200 1x, https:\/\/i0.wp.com\/www.24baires.com\/wp-content\/uploads\/2013\/07\/cerrutti-lanata.jpg?resize=525%2C300 1.5x"},"classes":[]},{"id":28095,"url":"https:\/\/www.24baires.com\/?p=28095","url_meta":{"origin":24047,"position":4},"title":"Diputada porte\u00f1a denuncia a Lanata por injurias agravadas por violencia de g\u00e9nero","author":"AF","date":"12\/07\/2013","format":false,"excerpt":"La diputada porte\u00f1a por Nuevo Encuentro, Gabriela Cerruti present\u00f3 ante la Justicia Civil una demanda por da\u00f1os y perjuicios contra el periodista Jorge Lanata, debido a declaraciones \"injuriantes\" hacia su persona. El 9 de octubre de 2012 Lanata realiz\u00f3 afirmaciones sobre Cerruti \"que constituyen violencia de g\u00e9nero de acuerdo a\u2026","rel":"","context":"En \u00abSociedad\u00bb","block_context":{"text":"Sociedad","link":"https:\/\/www.24baires.com\/?cat=1"},"img":{"alt_text":"cerrutti lanata","src":"https:\/\/i0.wp.com\/www.24baires.com\/wp-content\/uploads\/2013\/07\/cerrutti-lanata.jpg?resize=350%2C200","width":350,"height":200,"srcset":"https:\/\/i0.wp.com\/www.24baires.com\/wp-content\/uploads\/2013\/07\/cerrutti-lanata.jpg?resize=350%2C200 1x, https:\/\/i0.wp.com\/www.24baires.com\/wp-content\/uploads\/2013\/07\/cerrutti-lanata.jpg?resize=525%2C300 1.5x"},"classes":[]},{"id":85031,"url":"https:\/\/www.24baires.com\/?p=85031","url_meta":{"origin":24047,"position":5},"title":"El juez Casanello pidi\u00f3 informaci\u00f3n por inconsistencias en las DDJJ de Macri","author":"GB","date":"15\/07\/2016","format":false,"excerpt":"El magistrado elev\u00f3 el pedido a la Procuradur\u00eda de Criminalidad Econ\u00f3mica y Lavado de Activos (Procelac). Macri se encuentra imputado en una causa que investiga los presuntos delitos de evasi\u00f3n fiscal y lavado de activos por no haber informado su participaci\u00f3n en al menos dos empresas offshore. El juez federal\u2026","rel":"","context":"En \u00abPol\u00edtica\u00bb","block_context":{"text":"Pol\u00edtica","link":"https:\/\/www.24baires.com\/?cat=51"},"img":{"alt_text":"macri","src":"https:\/\/i0.wp.com\/www.24baires.com\/wp-content\/uploads\/2016\/05\/macri-2.jpg?resize=350%2C200","width":350,"height":200,"srcset":"https:\/\/i0.wp.com\/www.24baires.com\/wp-content\/uploads\/2016\/05\/macri-2.jpg?resize=350%2C200 1x, https:\/\/i0.wp.com\/www.24baires.com\/wp-content\/uploads\/2016\/05\/macri-2.jpg?resize=525%2C300 1.5x"},"classes":[]}],"jetpack_sharing_enabled":true,"jetpack_likes_enabled":true,"_links":{"self":[{"href":"https:\/\/www.24baires.com\/index.php?rest_route=\/wp\/v2\/posts\/24047","targetHints":{"allow":["GET"]}}],"collection":[{"href":"https:\/\/www.24baires.com\/index.php?rest_route=\/wp\/v2\/posts"}],"about":[{"href":"https:\/\/www.24baires.com\/index.php?rest_route=\/wp\/v2\/types\/post"}],"author":[{"embeddable":true,"href":"https:\/\/www.24baires.com\/index.php?rest_route=\/wp\/v2\/users\/11"}],"replies":[{"embeddable":true,"href":"https:\/\/www.24baires.com\/index.php?rest_route=%2Fwp%2Fv2%2Fcomments&post=24047"}],"version-history":[{"count":2,"href":"https:\/\/www.24baires.com\/index.php?rest_route=\/wp\/v2\/posts\/24047\/revisions"}],"predecessor-version":[{"id":24142,"href":"https:\/\/www.24baires.com\/index.php?rest_route=\/wp\/v2\/posts\/24047\/revisions\/24142"}],"wp:attachment":[{"href":"https:\/\/www.24baires.com\/index.php?rest_route=%2Fwp%2Fv2%2Fmedia&parent=24047"}],"wp:term":[{"taxonomy":"category","embeddable":true,"href":"https:\/\/www.24baires.com\/index.php?rest_route=%2Fwp%2Fv2%2Fcategories&post=24047"},{"taxonomy":"post_tag","embeddable":true,"href":"https:\/\/www.24baires.com\/index.php?rest_route=%2Fwp%2Fv2%2Ftags&post=24047"}],"curies":[{"name":"wp","href":"https:\/\/api.w.org\/{rel}","templated":true}]}}