{"id":24005,"date":"2013-05-20T21:08:08","date_gmt":"2013-05-21T00:08:08","guid":{"rendered":"http:\/\/www.24baires.com\/?p=24005"},"modified":"2013-05-20T21:08:08","modified_gmt":"2013-05-21T00:08:08","slug":"marcha-en-cordoba-a-favor-de-la-docente-despedida-por-defender-la-ley-de-medios","status":"publish","type":"post","link":"https:\/\/www.24baires.com\/?p=24005","title":{"rendered":"Marcha en C\u00f3rdoba a favor de la docente despedida por defender la Ley de Medios"},"content":{"rendered":"<p>Docentes y familiares de la docente Mariana Valle protestaron esta noche contra las autoridades del colegio cordob\u00e9s que la despidi\u00f3 por haberse manifestado a favor de la Ley de Medios en una clase sobre medios de comunicaci\u00f3n.<!--more--><\/p>\n<p>\u00abMe siento sumamente desprotegida en esta provincia. Las cosas en C\u00f3rdoba est\u00e1n muy enrarecidas, porque los poderes est\u00e1n enquistados y no parece que esto vaya a cambiar\u00bb, asegur\u00f3 a T\u00e9lam la docente.<\/p>\n<p>Valle lament\u00f3 que el gobierno provincial \u00abno se haya hecho eco de lo sucedido\u00bb con ella en el colegio privado cat\u00f3lico Padre Claret, de la ciudad de C\u00f3rdoba, raz\u00f3n por la cual agreg\u00f3: \u00abno tengo amparo legal. S\u00f3lo tengo a mis familiares y amigos\u00bb.<\/p>\n<p>Cuando se le pregunt\u00f3 si esperaba el apoyo de la Uni\u00f3n de Educadores de la Provincia de C\u00f3rdoba (Uepc), la docente respondi\u00f3: \u00abojal\u00e1 que, m\u00e1s all\u00e1 de su alineamiento (con el gobierno provincial), puedan ayudarme\u00bb.<\/p>\n<p>\u00abYo s\u00f3lo pretend\u00eda que los chicos conocieran en qu\u00e9 consiste la Ley de Medios. Les expliqu\u00e9 las dos posiciones que hay, raz\u00f3n por la cual nadie puede cuestionar pedag\u00f3gicamente mi accionar. Adem\u00e1s, el silencio (de las autoridades del colegio) avala lo que digo. Los actos discriminatorios suelen ser silenciosos\u00bb, afirm\u00f3.<\/p>\n<p>Valle recalc\u00f3 que la protesta concretada esta noche en las inmediaciones del establecimiento \u00abfue realizada a pulm\u00f3n\u00bb, por fuera de todo gremio docente, \u00abpara manifestar contra los actos discriminatorios en todo sentido y para que estos lamentables hechos no sigan sucediendo en C\u00f3rdoba\u00bb.<\/p>\n<p>La marcha comenz\u00f3 en el monumento a La Mujer Urbana, en la zona norte de la capital cordobesa (avenidas Rafael N\u00fa\u00f1ez y La Cordillera), y desde all\u00ed los docentes, familiares y amigos de Valle se dirigieron al colegio, ubicado a pocas cuadras del lugar, donde repudiaron lo sucedido con Valle.<\/p>\n<p>La semana pasada, durante el dictado de una clase sobre medios de comunicaci\u00f3n en el colegio privado cat\u00f3lico Padre Claret, que cuenta con subsidio estatal, los alumnos le hab\u00edan preguntado a Valle sobre algunos aspectos de la Ley de Servicios de Comunicaci\u00f3n Audiovisual, y luego de responder a los requerimientos tambi\u00e9n la inquirieron sobre su posici\u00f3n y opini\u00f3n al respecto.<\/p>\n<p>Valle precis\u00f3 que dio su parecer diciendo que estaba a favor de la aplicaci\u00f3n y vigencia plena de la norma jur\u00eddica y a\u00f1adi\u00f3 que el conflicto con el Grupo Clar\u00edn ten\u00eda que ver con \u201cintereses pol\u00edticos y econ\u00f3micos\u201d.<\/p>\n<p>No obstante, en varias ocasiones, la docente aclar\u00f3: \u201che planteado las posturas de las dos campanas que hay sobre el tema\u201d, para que \u201cfueran los mismos alumnos los que sacaran sus conclusiones a partir de su propio razonamiento\u201d.<\/p>\n<p>A partir de esa clase, seg\u00fan detall\u00f3, comenz\u00f3 a recibir \u201cagresiones y hostigamientos\u201d a trav\u00e9s de las redes sociales y en la misma clase, tanto de parte de algunos alumnos como de otras personas que, se supone, utilizaban falsas identidades.<\/p>\n<p>Posteriormente, Valle recibi\u00f3 el telegrama de despido sin causa y, cuando fue a preguntar a las autoridades del colegio sobre los motivos de la cesant\u00eda, el representante legal le respondi\u00f3 que sus ideas pol\u00edticas \u201cno se adecuan al perfil\u201d de la instituci\u00f3n educativa.<\/p>\n<p>\u201cEn ning\u00fan momento he bajado una l\u00ednea pol\u00edtica al alumnado. Solamente he respondido a una inquietud y he fijado mi posici\u00f3n. Yo tengo honestidad intelectual y, lo digo, eso no es hacer apolog\u00eda\u201d, concluy\u00f3 la docente.<\/p>\n<p>Valle, quien adem\u00e1s es investigadora del Consejo Nacional de Investigaciones Cient\u00edficas y Tecnol\u00f3gicas (Conicet), remiti\u00f3 una carta a las autoridades nacionales como una forma de \u201cdevelar esta cara oculta de la realidad de C\u00f3rdoba\u201d.<\/p>\n","protected":false},"excerpt":{"rendered":"<p>Docentes y familiares de la docente Mariana Valle protestaron esta noche contra las autoridades del colegio cordob\u00e9s que la despidi\u00f3 por haberse manifestado a favor de la Ley de Medios en una clase sobre medios de comunicaci\u00f3n.<\/p>\n","protected":false},"author":11,"featured_media":0,"comment_status":"open","ping_status":"open","sticky":false,"template":"","format":"standard","meta":{"_jetpack_newsletter_access":"","_jetpack_dont_email_post_to_subs":false,"_jetpack_newsletter_tier_id":0,"_jetpack_memberships_contains_paywalled_content":false,"_jetpack_memberships_contains_paid_content":false,"footnotes":""},"categories":[54],"tags":[],"class_list":["post-24005","post","type-post","status-publish","format-standard","hentry","category-medios"],"jetpack_featured_media_url":"","jetpack_shortlink":"https:\/\/wp.me\/p2JWE0-6fb","jetpack-related-posts":[{"id":122894,"url":"https:\/\/www.24baires.com\/?p=122894","url_meta":{"origin":24005,"position":0},"title":"Los docentes bonaerenses son los peor pagos entre las provincias \u201cgrandes\u201d y perdieron el 18% del sueldo","author":"GB","date":"23\/02\/2026","format":false,"excerpt":"El salario docente en provincia de Buenos Aires es m\u00e1s bajo que en C\u00f3rdoba, Santa Fe y CABA. El contexto de un paro anunciado. Cuando faltan apenas d\u00edas para el inicio formal del ciclo lectivo 2026 \u2013previsto para el 2 de marzo\u2013, los docentes de la Provincia de Buenos Aires\u2026","rel":"","context":"En \u00abProvincia\u00bb","block_context":{"text":"Provincia","link":"https:\/\/www.24baires.com\/?cat=40"},"img":{"alt_text":"","src":"https:\/\/i0.wp.com\/www.24baires.com\/wp-content\/uploads\/2026\/02\/docentes-pba.jpg?resize=350%2C200","width":350,"height":200,"srcset":"https:\/\/i0.wp.com\/www.24baires.com\/wp-content\/uploads\/2026\/02\/docentes-pba.jpg?resize=350%2C200 1x, https:\/\/i0.wp.com\/www.24baires.com\/wp-content\/uploads\/2026\/02\/docentes-pba.jpg?resize=525%2C300 1.5x, https:\/\/i0.wp.com\/www.24baires.com\/wp-content\/uploads\/2026\/02\/docentes-pba.jpg?resize=700%2C400 2x"},"classes":[]},{"id":61567,"url":"https:\/\/www.24baires.com\/?p=61567","url_meta":{"origin":24005,"position":1},"title":"Desde UDOCBA dicen que \u201cla propuesta de Scioli es inaceptable\u201d","author":"Grupo Sierra","date":"10\/02\/2015","format":false,"excerpt":"El secretario general de la Uni\u00f3n de Docentes de la Provincia de Buenos Aires, Miguel D\u00edaz, lo asegur\u00f3 en relaci\u00f3n a la suba salarial del 25% que ofreci\u00f3 el gobierno bonaerense. \u201cUn docente, para el gobernador, vale 6250 pesos en septiembre, cuando en Santa Fe, C\u00f3rdoba, La Pampa, Capital Federal\u2026","rel":"","context":"En \u00abProvincia\u00bb","block_context":{"text":"Provincia","link":"https:\/\/www.24baires.com\/?cat=40"},"img":{"alt_text":"udocba","src":"https:\/\/i0.wp.com\/www.24baires.com\/wp-content\/uploads\/2014\/08\/udocba.jpg?resize=350%2C200","width":350,"height":200,"srcset":"https:\/\/i0.wp.com\/www.24baires.com\/wp-content\/uploads\/2014\/08\/udocba.jpg?resize=350%2C200 1x, https:\/\/i0.wp.com\/www.24baires.com\/wp-content\/uploads\/2014\/08\/udocba.jpg?resize=525%2C300 1.5x"},"classes":[]},{"id":29806,"url":"https:\/\/www.24baires.com\/?p=29806","url_meta":{"origin":24005,"position":2},"title":"Indignaci\u00f3n en Lan\u00fas: un docente condenado por abuso sexual s\u00f3lo deber\u00e1 hacer \u00abterapia\u00bb","author":"AF","date":"09\/08\/2013","format":false,"excerpt":"Walter C\u00f3rdoba, un docente de Lan\u00fas condenado a tres a\u00f1os de prisi\u00f3n en suspenso por abusar sexualmente de un alumno en un colegio secundario en 2010, s\u00f3lo deber\u00e1 someterse a terapias psicol\u00f3gicas y psiqui\u00e1tricas. Es por un acuerdo al que arribaron un fiscal y su defensa en el marco de\u2026","rel":"","context":"En \u00abLocales\u00bb","block_context":{"text":"Locales","link":"https:\/\/www.24baires.com\/?cat=38"},"img":{"alt_text":"","src":"","width":0,"height":0},"classes":[]},{"id":106799,"url":"https:\/\/www.24baires.com\/?p=106799","url_meta":{"origin":24005,"position":3},"title":"Entre 2017 y 2018, la inflaci\u00f3n duplic\u00f3 el aumento del salario docente","author":"AF","date":"12\/02\/2019","format":false,"excerpt":"El sueldo de los maestros argentinos subi\u00f3 la mitad que la inflaci\u00f3n entre 2017 y 2018, y est\u00e1 entre los m\u00e1s bajos del mundo, de acuerdo con un informe. Los incrementos del salario docente en todas las provincias (promedio ponderado de 20,2%) se ubicaron muy por debajo del \u00edndice inflacionario\u2026","rel":"","context":"En \u00abSociedad\u00bb","block_context":{"text":"Sociedad","link":"https:\/\/www.24baires.com\/?cat=1"},"img":{"alt_text":"","src":"https:\/\/i0.wp.com\/www.24baires.com\/wp-content\/uploads\/2017\/04\/salarios-docentes.jpg?resize=350%2C200","width":350,"height":200,"srcset":"https:\/\/i0.wp.com\/www.24baires.com\/wp-content\/uploads\/2017\/04\/salarios-docentes.jpg?resize=350%2C200 1x, https:\/\/i0.wp.com\/www.24baires.com\/wp-content\/uploads\/2017\/04\/salarios-docentes.jpg?resize=525%2C300 1.5x"},"classes":[]},{"id":94852,"url":"https:\/\/www.24baires.com\/?p=94852","url_meta":{"origin":24005,"position":4},"title":"En siete escuelas de Lomas de Zamora no dan clases por la creciente inseguridad","author":"AF","date":"30\/05\/2017","format":false,"excerpt":"Maestros denuncian una ola de robos, por lo que decidieron dejar de dar clases en siete escuelas. La medida es por tres d\u00edas en el turno noche y reclaman la instalaci\u00f3n de una garita policial. Siete escuelas de Lomas de Zamora est\u00e1n sin clases debido a la ola de robos\u2026","rel":"","context":"En \u00abSociedad\u00bb","block_context":{"text":"Sociedad","link":"https:\/\/www.24baires.com\/?cat=1"},"img":{"alt_text":"","src":"https:\/\/i0.wp.com\/www.24baires.com\/wp-content\/uploads\/2017\/05\/escuela.jpg?resize=350%2C200","width":350,"height":200,"srcset":"https:\/\/i0.wp.com\/www.24baires.com\/wp-content\/uploads\/2017\/05\/escuela.jpg?resize=350%2C200 1x, https:\/\/i0.wp.com\/www.24baires.com\/wp-content\/uploads\/2017\/05\/escuela.jpg?resize=525%2C300 1.5x"},"classes":[]},{"id":93731,"url":"https:\/\/www.24baires.com\/?p=93731","url_meta":{"origin":24005,"position":5},"title":"En 18 provincias, los docentes ganan por debajo de la l\u00ednea de pobreza","author":"GB","date":"10\/04\/2017","format":false,"excerpt":"Seg\u00fan el INDEC, la Canasta B\u00e1sica Total que marca la l\u00ednea de la pobreza para una familia compuesta por un matrimonio con dos hijos se ubic\u00f3 en febrero en poco m\u00e1s de $13.670. Un maestro con un cargo y 10 a\u00f1os de antig\u00fcedad no llega a cubrirla en casi ning\u00fan\u2026","rel":"","context":"En \u00abSociedad\u00bb","block_context":{"text":"Sociedad","link":"https:\/\/www.24baires.com\/?cat=1"},"img":{"alt_text":"","src":"https:\/\/i0.wp.com\/www.24baires.com\/wp-content\/uploads\/2013\/03\/docentes-marcha-provincial.jpg?resize=350%2C200","width":350,"height":200,"srcset":"https:\/\/i0.wp.com\/www.24baires.com\/wp-content\/uploads\/2013\/03\/docentes-marcha-provincial.jpg?resize=350%2C200 1x, https:\/\/i0.wp.com\/www.24baires.com\/wp-content\/uploads\/2013\/03\/docentes-marcha-provincial.jpg?resize=525%2C300 1.5x"},"classes":[]}],"jetpack_sharing_enabled":true,"jetpack_likes_enabled":true,"_links":{"self":[{"href":"https:\/\/www.24baires.com\/index.php?rest_route=\/wp\/v2\/posts\/24005","targetHints":{"allow":["GET"]}}],"collection":[{"href":"https:\/\/www.24baires.com\/index.php?rest_route=\/wp\/v2\/posts"}],"about":[{"href":"https:\/\/www.24baires.com\/index.php?rest_route=\/wp\/v2\/types\/post"}],"author":[{"embeddable":true,"href":"https:\/\/www.24baires.com\/index.php?rest_route=\/wp\/v2\/users\/11"}],"replies":[{"embeddable":true,"href":"https:\/\/www.24baires.com\/index.php?rest_route=%2Fwp%2Fv2%2Fcomments&post=24005"}],"version-history":[{"count":1,"href":"https:\/\/www.24baires.com\/index.php?rest_route=\/wp\/v2\/posts\/24005\/revisions"}],"predecessor-version":[{"id":24006,"href":"https:\/\/www.24baires.com\/index.php?rest_route=\/wp\/v2\/posts\/24005\/revisions\/24006"}],"wp:attachment":[{"href":"https:\/\/www.24baires.com\/index.php?rest_route=%2Fwp%2Fv2%2Fmedia&parent=24005"}],"wp:term":[{"taxonomy":"category","embeddable":true,"href":"https:\/\/www.24baires.com\/index.php?rest_route=%2Fwp%2Fv2%2Fcategories&post=24005"},{"taxonomy":"post_tag","embeddable":true,"href":"https:\/\/www.24baires.com\/index.php?rest_route=%2Fwp%2Fv2%2Ftags&post=24005"}],"curies":[{"name":"wp","href":"https:\/\/api.w.org\/{rel}","templated":true}]}}