{"id":240,"date":"2012-09-24T12:04:47","date_gmt":"2012-09-24T15:04:47","guid":{"rendered":"http:\/\/www.24baires.com\/?p=240"},"modified":"2012-09-24T12:04:47","modified_gmt":"2012-09-24T15:04:47","slug":"el-legado-de-belgrano-esta-vivo-en-cada-decision-politica-de-cristina-a-favor-del-pueblo","status":"publish","type":"post","link":"https:\/\/www.24baires.com\/?p=240","title":{"rendered":"\u201cEl legado de Belgrano est\u00e1 vivo en cada decisi\u00f3n pol\u00edtica de Cristina a favor del pueblo\u201d"},"content":{"rendered":"<p><img data-recalc-dims=\"1\" loading=\"lazy\" decoding=\"async\" class=\"aligncenter size-full wp-image-241\" title=\"dominguez julian\" src=\"https:\/\/i0.wp.com\/www.24baires.com\/wp-content\/uploads\/2012\/09\/dominguez-julian.jpg?resize=560%2C335\" alt=\"\" width=\"560\" height=\"335\" srcset=\"https:\/\/i0.wp.com\/www.24baires.com\/wp-content\/uploads\/2012\/09\/dominguez-julian.jpg?w=560&amp;ssl=1 560w, https:\/\/i0.wp.com\/www.24baires.com\/wp-content\/uploads\/2012\/09\/dominguez-julian.jpg?resize=300%2C179&amp;ssl=1 300w\" sizes=\"auto, (max-width: 560px) 100vw, 560px\" \/><\/p>\n<p>El titular de la C\u00e1mara de Diputados, Juli\u00e1n Dom\u00ednguez, se refiri\u00f3 a la conmemoraci\u00f3n del Bicentenario de la \u00abBatalla de Tucum\u00e1n\u00bb y asegur\u00f3 que \u201cel legado de Belgrano est\u00e1 vivo en cada decisi\u00f3n pol\u00edtica de nuestra presidenta en favor del pueblo\u201d.<!--more--><br \/>\n\u201cManuel Belgrano tuvo la valent\u00eda de desafiar al orden establecido. Cuando el poder central recomendaba replegarse, para cuidar los privilegios de unos pocos, el decidi\u00f3 hacer suya la causa de los pueblos del interior y detener un avance que parec\u00eda imparable\u201d, record\u00f3 Dom\u00ednguez refiriendo a la gesta en la que el Ej\u00e9rcito del Norte, al mando de Belgrano, venci\u00f3 a las tropas realistas el 24 de septiembre de 1812.<\/p>\n<p>En declaraciones a la prensa al arribar a San Miguel de Tucum\u00e1n para participar del acto central por el Bicentenario de la \u00abBatalla de Tucum\u00e1n\u00bb, el diputado del Frente para la Victoria (FpV) sostuvo adem\u00e1s que \u201chace 200 a\u00f1os los poderes concentrados le exig\u00edan a Belgrano que no peleara, y hoy esos poderes le piden a nuestra Presidenta que decida en favor de los intereses minoritarios\u00bb.<\/p>\n<p>\u00abPero en la desobediencia a los poderosos y la obediencia a la causa de las mayor\u00edas m\u00e1s d\u00e9biles -remarc\u00f3- vive la Patria por la que luch\u00f3 Belgrano y por la que trabaja Cristina\u201d.<\/p>\n<p>Asimismo, el titular de la C\u00e1mara baja asegur\u00f3 que \u201caquellos que fomentan la desuni\u00f3n, la deslegitimaci\u00f3n; lo \u00fanico que buscan es darle entrada a quienes animan las recetas que est\u00e1n profundizando la desigualdad en el mundo\u201d, al tiempo que cit\u00f3 palabras del propio Belgrano: \u201c`la uni\u00f3n ha sostenido a las naciones contra los ataques m\u00e1s bien meditados del poder, y las ha elevado al grado de mayor engrandecimiento\u201d.<\/p>\n<p>En el Parque Guillermina de la capital tucumana, donde 300 actores rememoraron escenas del combate, Dom\u00ednguez destac\u00f3 que \u201cla declaraci\u00f3n por parte del Congreso Nacional del feriado por el bicentenario de la Batalla (de Tucum\u00e1n) es un reconocimiento al General Belgrano por su entrega, pero tambi\u00e9n una puesta en valor del hero\u00edsmo de los pueblos del interior profundo que d\u00eda a d\u00eda hacen grande a la Argentina\u201d.<\/p>\n","protected":false},"excerpt":{"rendered":"<p>El titular de la C\u00e1mara de Diputados, Juli\u00e1n Dom\u00ednguez, se refiri\u00f3 a la conmemoraci\u00f3n del Bicentenario de la \u00abBatalla de Tucum\u00e1n\u00bb y asegur\u00f3 que \u201cel legado de Belgrano est\u00e1 vivo en cada decisi\u00f3n pol\u00edtica de nuestra presidenta en favor del pueblo\u201d.<\/p>\n","protected":false},"author":11,"featured_media":0,"comment_status":"open","ping_status":"open","sticky":false,"template":"","format":"standard","meta":{"_jetpack_newsletter_access":"","_jetpack_dont_email_post_to_subs":false,"_jetpack_newsletter_tier_id":0,"_jetpack_memberships_contains_paywalled_content":false,"_jetpack_memberships_contains_paid_content":false,"footnotes":""},"categories":[51],"tags":[],"class_list":["post-240","post","type-post","status-publish","format-standard","hentry","category-politica"],"jetpack_featured_media_url":"","jetpack_shortlink":"https:\/\/wp.me\/p2JWE0-3S","jetpack-related-posts":[{"id":6258,"url":"https:\/\/www.24baires.com\/?p=6258","url_meta":{"origin":240,"position":0},"title":"Avanza la aprobaci\u00f3n de un nuevo feriado para el pr\u00f3ximo febrero","author":"AF","date":"21\/11\/2012","format":false,"excerpt":"Ser\u00eda por \u00fanica vez, el 20 de febrero pr\u00f3ximo, y es con motivo de la Batalla de Salta, librada por las fuerzas patriotas a cargo del general Manuel Belgrano. Obtuvo dictamen de mayor\u00eda en el Comisi\u00f3n de Legislaci\u00f3n General, el proyecto que present\u00f3 el diputado Fernando Yarade (FpV-Salta) el 25-11-2011,\u2026","rel":"","context":"En \u00abSociedad\u00bb","block_context":{"text":"Sociedad","link":"https:\/\/www.24baires.com\/?cat=1"},"img":{"alt_text":"","src":"","width":0,"height":0},"classes":[]},{"id":16194,"url":"https:\/\/www.24baires.com\/?p=16194","url_meta":{"origin":240,"position":1},"title":"\u00abEn la Batalla de Salta comenz\u00f3 a definirse la nacionalidad argentina\u00bb puntualiz\u00f3 Boudou","author":"Grupo Sierra","date":"20\/02\/2013","format":false,"excerpt":"\"Es un momento muy importante y de gran simbolismo\", dijo Boudou a medios locales en el marco de los festejos por el bicentenario de la Batalla de Salta que se realizan en la capital salte\u00f1a. Boudou record\u00f3 que en la Batalla de Salta \"se empez\u00f3 a definir la nacionalidad argentina,\u2026","rel":"","context":"En \u00abPol\u00edtica\u00bb","block_context":{"text":"Pol\u00edtica","link":"https:\/\/www.24baires.com\/?cat=51"},"img":{"alt_text":"boudou en salta","src":"https:\/\/i0.wp.com\/www.24baires.com\/wp-content\/uploads\/2013\/02\/boudou-en-salta.jpg?resize=350%2C200","width":350,"height":200,"srcset":"https:\/\/i0.wp.com\/www.24baires.com\/wp-content\/uploads\/2013\/02\/boudou-en-salta.jpg?resize=350%2C200 1x, https:\/\/i0.wp.com\/www.24baires.com\/wp-content\/uploads\/2013\/02\/boudou-en-salta.jpg?resize=525%2C300 1.5x"},"classes":[]},{"id":12414,"url":"https:\/\/www.24baires.com\/?p=12414","url_meta":{"origin":240,"position":2},"title":"Por el bicentenario de la Batalla de Salta, el 20 de febrero ser\u00e1 feriado","author":"AF","date":"16\/01\/2013","format":false,"excerpt":"Ser\u00e1 en conmemoraci\u00f3n del bicentenario de la batalla en la cual el Ej\u00e9rcito del Norte, comandado por Manuel Belgrano, derrot\u00f3 por segunda vez a las tropas realistas y fren\u00f3 su avance sobre el territorio argentino. La ley que estableci\u00f3 el feriado fue sancionada por el Congreso de la Naci\u00f3n el\u2026","rel":"","context":"En \u00abSociedad\u00bb","block_context":{"text":"Sociedad","link":"https:\/\/www.24baires.com\/?cat=1"},"img":{"alt_text":"","src":"","width":0,"height":0},"classes":[]},{"id":101532,"url":"https:\/\/www.24baires.com\/?p=101532","url_meta":{"origin":240,"position":3},"title":"La tercera parte del gasto del Gobierno se utiliza para pagar deuda externa","author":"AF","date":"10\/04\/2018","format":false,"excerpt":"Supera ampliamente a lo destinado para el pago de salarios, seg\u00fan un estudio de la Universidad de Belgrano. Al menos 32 de cada 100 pesos de gastos corrientes del Gobierno ya son destinados al pago de los intereses de la deuda externa por lo que supera ampliamente lo dirigido al\u2026","rel":"","context":"En \u00abEconom\u00eda\u00bb","block_context":{"text":"Econom\u00eda","link":"https:\/\/www.24baires.com\/?cat=45"},"img":{"alt_text":"","src":"https:\/\/i0.wp.com\/www.24baires.com\/wp-content\/uploads\/2018\/03\/d%C3%B3lar.jpg?resize=350%2C200","width":350,"height":200,"srcset":"https:\/\/i0.wp.com\/www.24baires.com\/wp-content\/uploads\/2018\/03\/d%C3%B3lar.jpg?resize=350%2C200 1x, https:\/\/i0.wp.com\/www.24baires.com\/wp-content\/uploads\/2018\/03\/d%C3%B3lar.jpg?resize=525%2C300 1.5x"},"classes":[]},{"id":103236,"url":"https:\/\/www.24baires.com\/?p=103236","url_meta":{"origin":240,"position":4},"title":"Una multitud se manifest\u00f3 contra el ajuste y el FMI","author":"AF","date":"09\/07\/2018","format":false,"excerpt":"La concentraci\u00f3n convocada en el D\u00eda de la Independencia fue masiva. Reuni\u00f3 a integrantes de las organizaciones sindicales, sociales y pol\u00edticas que llamaron a la manifestaci\u00f3n y a personas autoconvocadas que reclaman el cambio del rumbo econ\u00f3mico del Gobierno. Testimonios de quienes concurrieron bajo el lema \"La Patria no se\u2026","rel":"","context":"En \u00abSociedad\u00bb","block_context":{"text":"Sociedad","link":"https:\/\/www.24baires.com\/?cat=1"},"img":{"alt_text":"","src":"https:\/\/i0.wp.com\/www.24baires.com\/wp-content\/uploads\/2018\/07\/9-de-julio.jpg?resize=350%2C200","width":350,"height":200,"srcset":"https:\/\/i0.wp.com\/www.24baires.com\/wp-content\/uploads\/2018\/07\/9-de-julio.jpg?resize=350%2C200 1x, https:\/\/i0.wp.com\/www.24baires.com\/wp-content\/uploads\/2018\/07\/9-de-julio.jpg?resize=525%2C300 1.5x"},"classes":[]},{"id":48415,"url":"https:\/\/www.24baires.com\/?p=48415","url_meta":{"origin":240,"position":5},"title":"C\u00f3mo ser\u00e1 el nuevo billete de diez pesos","author":"Grupo Sierra","date":"20\/06\/2014","format":false,"excerpt":"Cristina Fern\u00e1ndez de Kirchner present\u00f3 durante los actos oficiales por el D\u00eda de la Bandera, el nuevo dise\u00f1o que entrar\u00e1 en circulaci\u00f3n en seis meses y evoca las figuras del general Manuel Belgrano y Juana Azurduy. La Presidenta exhibi\u00f3 hoy en el escenario montado en Rosario, a orillas del r\u00edo\u2026","rel":"","context":"En \u00abEconom\u00eda\u00bb","block_context":{"text":"Econom\u00eda","link":"https:\/\/www.24baires.com\/?cat=45"},"img":{"alt_text":"billete belgrano","src":"https:\/\/i0.wp.com\/www.24baires.com\/wp-content\/uploads\/2014\/06\/billete-belgrano.jpg?resize=350%2C200","width":350,"height":200,"srcset":"https:\/\/i0.wp.com\/www.24baires.com\/wp-content\/uploads\/2014\/06\/billete-belgrano.jpg?resize=350%2C200 1x, https:\/\/i0.wp.com\/www.24baires.com\/wp-content\/uploads\/2014\/06\/billete-belgrano.jpg?resize=525%2C300 1.5x"},"classes":[]}],"jetpack_sharing_enabled":true,"jetpack_likes_enabled":true,"_links":{"self":[{"href":"https:\/\/www.24baires.com\/index.php?rest_route=\/wp\/v2\/posts\/240","targetHints":{"allow":["GET"]}}],"collection":[{"href":"https:\/\/www.24baires.com\/index.php?rest_route=\/wp\/v2\/posts"}],"about":[{"href":"https:\/\/www.24baires.com\/index.php?rest_route=\/wp\/v2\/types\/post"}],"author":[{"embeddable":true,"href":"https:\/\/www.24baires.com\/index.php?rest_route=\/wp\/v2\/users\/11"}],"replies":[{"embeddable":true,"href":"https:\/\/www.24baires.com\/index.php?rest_route=%2Fwp%2Fv2%2Fcomments&post=240"}],"version-history":[{"count":0,"href":"https:\/\/www.24baires.com\/index.php?rest_route=\/wp\/v2\/posts\/240\/revisions"}],"wp:attachment":[{"href":"https:\/\/www.24baires.com\/index.php?rest_route=%2Fwp%2Fv2%2Fmedia&parent=240"}],"wp:term":[{"taxonomy":"category","embeddable":true,"href":"https:\/\/www.24baires.com\/index.php?rest_route=%2Fwp%2Fv2%2Fcategories&post=240"},{"taxonomy":"post_tag","embeddable":true,"href":"https:\/\/www.24baires.com\/index.php?rest_route=%2Fwp%2Fv2%2Ftags&post=240"}],"curies":[{"name":"wp","href":"https:\/\/api.w.org\/{rel}","templated":true}]}}