{"id":23967,"date":"2013-05-20T16:06:24","date_gmt":"2013-05-20T19:06:24","guid":{"rendered":"http:\/\/www.24baires.com\/?p=23967"},"modified":"2013-05-20T16:06:24","modified_gmt":"2013-05-20T19:06:24","slug":"segun-mariotto-el-cambio-de-horario-del-futbol-parece-politico-pero-es-por-el-rating","status":"publish","type":"post","link":"https:\/\/www.24baires.com\/?p=23967","title":{"rendered":"Seg\u00fan Mariotto el cambio de horario del f\u00fatbol \u201cparece pol\u00edtico, pero es por el rating\u201d"},"content":{"rendered":"<p><img data-recalc-dims=\"1\" loading=\"lazy\" decoding=\"async\" class=\"alignleft size-medium wp-image-1196\" alt=\"mariottounlp\" src=\"https:\/\/i0.wp.com\/www.24baires.com\/wp-content\/uploads\/2012\/10\/mariottounlp.jpg?resize=300%2C199\" width=\"300\" height=\"199\" srcset=\"https:\/\/i0.wp.com\/www.24baires.com\/wp-content\/uploads\/2012\/10\/mariottounlp.jpg?resize=300%2C199&amp;ssl=1 300w, https:\/\/i0.wp.com\/www.24baires.com\/wp-content\/uploads\/2012\/10\/mariottounlp.jpg?w=560&amp;ssl=1 560w\" sizes=\"auto, (max-width: 300px) 100vw, 300px\" \/>De esa manera, el vicegobernador bonaerense, Gabriel Mariotto, se refiri\u00f3 al cambio de horario de cierre de la fecha del Torneo Final. \u00abParece pol\u00edtico, parece deportivo, pero es televisivo\u201d, expres\u00f3. En tanto, hizo hincapi\u00e9 en la pol\u00e9mica instalada respecto del horario pautado para el partido entre Newell\u2019s y Boca para las 21:30 del pr\u00f3ximo domingo.<!--more--><\/p>\n<p>El vicegobernador de la provincia de Buenos Aires, Gabriel Mariotto, sostuvo que el cambio de horario de cierre de la fecha del Torneo Final 2013 \u201cparece pol\u00edtico, parece deportivo, pero es televisivo\u201d y agreg\u00f3: \u00abTodos pelean por el rating y esto es una pelea por el rating\u00bb.<\/p>\n<p>\u00abCanal 7 tiene que salir a buscar el rating y tiene un producto maravilloso, \u00bfpor qu\u00e9 no lo har\u00eda? El rating lo buscan todos los canales\u00bb, afirm\u00f3 Mariotto en declaraciones radiales.<\/p>\n<p>La semana pasada la AFA program\u00f3 el partido entre Newell&#8217;s y Boca por la 15ta fecha del Torneo Final a las 21:30 del domingo 26 de mayo. Este hecho fue visto en muchos sectores de la oposici\u00f3n como un intento para quitarle rating al programa \u00abPeriodismo Para Todos\u00bb que conduce Jorge Lanata en Canal 13.<\/p>\n<p>\u00ab\u00bfC\u00f3mo no vamos a ir a buscar el rating desde un canal p\u00fablico si tenemos un buen producto?\u00bb, se pregunt\u00f3 a modo de justificaci\u00f3n el Vicegobernador, para luego agregar: \u00abLa televisi\u00f3n pone el horario de los partidos del f\u00fatbol en todo el mundo; me parece que es una pelea t\u00e1ctica de rating\u00bb.<\/p>\n<p>Consultado sobre si la decisi\u00f3n se tomaba con el objetivo de quitarle audiencia al programa de Lanata, Mariotto consider\u00f3: \u00abAntes a esa hora no hab\u00eda un producto que tuviera tanta atracci\u00f3n y ahora hay un producto que marca tanto rating como cuando ten\u00edan el \u00faltimo partido del domingo, ese horario luego pas\u00f3 a ser secundario hasta que Lanata volvi\u00f3 a ponerlo en primer plano, me parece que la pelea por el rating es honesta\u00bb, concluy\u00f3.<\/p>\n<p>&nbsp;<\/p>\n<p>&nbsp;<\/p>\n<p>&nbsp;<\/p>\n<p>&nbsp;<\/p>\n<p>&nbsp;<\/p>\n<p>&nbsp;<\/p>\n<p>&nbsp;<\/p>\n<p>&nbsp;<\/p>\n<p>&nbsp;<\/p>\n<p>&nbsp;<\/p>\n","protected":false},"excerpt":{"rendered":"<p>De esa manera, el vicegobernador bonaerense, Gabriel Mariotto, se refiri\u00f3 al cambio de horario de cierre de la fecha del Torneo Final. \u00abParece pol\u00edtico, parece deportivo, pero es televisivo\u201d, expres\u00f3. En tanto, hizo hincapi\u00e9 en la pol\u00e9mica instalada respecto del horario pautado para el partido entre Newell\u2019s y Boca para las 21:30 del pr\u00f3ximo domingo.<\/p>\n","protected":false},"author":11,"featured_media":0,"comment_status":"open","ping_status":"open","sticky":false,"template":"","format":"standard","meta":{"_jetpack_newsletter_access":"","_jetpack_dont_email_post_to_subs":false,"_jetpack_newsletter_tier_id":0,"_jetpack_memberships_contains_paywalled_content":false,"_jetpack_memberships_contains_paid_content":false,"footnotes":""},"categories":[54,51],"tags":[],"class_list":["post-23967","post","type-post","status-publish","format-standard","hentry","category-medios","category-politica"],"jetpack_featured_media_url":"","jetpack_shortlink":"https:\/\/wp.me\/p2JWE0-6ez","jetpack-related-posts":[{"id":78211,"url":"https:\/\/www.24baires.com\/?p=78211","url_meta":{"origin":23967,"position":0},"title":"Vila se sum\u00f3 al acuerdo y Am\u00e9rica tambi\u00e9n televisar\u00e1 a los equipos grandes","author":"GB","date":"27\/01\/2016","format":false,"excerpt":"Tras las amenazas del grupo Vila-Manzano de iniciar acciones judiciales por conceder la televisaci\u00f3n de los \"equipos grandes\" a Canal 13 y Telef\u00e9 sin licitaci\u00f3n, Am\u00e9rica TV fue incluida y se dividir\u00e1n en tres los partidos con m\u00e1s rating. La Copa Argentina y el torneo de la B Nacional est\u00e1n\u2026","rel":"","context":"En \u00abDeportes\u00bb","block_context":{"text":"Deportes","link":"https:\/\/www.24baires.com\/?cat=12"},"img":{"alt_text":"fpt","src":"https:\/\/i0.wp.com\/www.24baires.com\/wp-content\/uploads\/2015\/12\/fpt.jpg?resize=350%2C200","width":350,"height":200,"srcset":"https:\/\/i0.wp.com\/www.24baires.com\/wp-content\/uploads\/2015\/12\/fpt.jpg?resize=350%2C200 1x, https:\/\/i0.wp.com\/www.24baires.com\/wp-content\/uploads\/2015\/12\/fpt.jpg?resize=525%2C300 1.5x"},"classes":[]},{"id":25653,"url":"https:\/\/www.24baires.com\/?p=25653","url_meta":{"origin":23967,"position":1},"title":"Se presentaron en La Plata nuevos contenidos realizados por los Polos Audiovisuales","author":"Grupo Sierra","date":"11\/06\/2013","format":false,"excerpt":"LA PLATA.- El Coordinador General del Consejo Asesor de Televisi\u00f3n Digital, Osvaldo Niemirovsci, asegur\u00f3 hoy que en los Polos Audiovisuales \"pensamos los contenidos en t\u00e9rminos inclusivos, accesibles, gratuitos y federales\". Las universidades nacionales son las cabeceras de los 9 polos audiovisuales que hay en todo el pa\u00eds. \"Este programa es\u2026","rel":"","context":"En \u00abMedios\u00bb","block_context":{"text":"Medios","link":"https:\/\/www.24baires.com\/?cat=54"},"img":{"alt_text":"","src":"","width":0,"height":0},"classes":[]},{"id":46251,"url":"https:\/\/www.24baires.com\/?p=46251","url_meta":{"origin":23967,"position":2},"title":"Mariotto sorprendi\u00f3 al participar de un acto massista en Olavarr\u00eda","author":"AF","date":"18\/05\/2014","format":false,"excerpt":"Este s\u00e1bado se realizaron dos encuentros de militantes pol\u00edticos en Olavarr\u00eda. Uno de ellos el del FPV, que se realiz\u00f3 en el parque Mitre, recibi\u00f3 la visita del vicegobernador Gabriel Mariotto y el otro en la Casa del Deporte con un encuentro de m\u00e1s de 250 mujeres del massismo denominado\u2026","rel":"","context":"En \u00abPol\u00edtica\u00bb","block_context":{"text":"Pol\u00edtica","link":"https:\/\/www.24baires.com\/?cat=51"},"img":{"alt_text":"mariotto olava","src":"https:\/\/i0.wp.com\/www.24baires.com\/wp-content\/uploads\/2014\/05\/mariotto-olava.jpg?resize=350%2C200","width":350,"height":200,"srcset":"https:\/\/i0.wp.com\/www.24baires.com\/wp-content\/uploads\/2014\/05\/mariotto-olava.jpg?resize=350%2C200 1x, https:\/\/i0.wp.com\/www.24baires.com\/wp-content\/uploads\/2014\/05\/mariotto-olava.jpg?resize=525%2C300 1.5x"},"classes":[]},{"id":14115,"url":"https:\/\/www.24baires.com\/?p=14115","url_meta":{"origin":23967,"position":3},"title":"Mariotto propuso poner Fiscales en las canchas para actuar ante hechos violentos","author":"Grupo Sierra","date":"30\/01\/2013","format":false,"excerpt":"El vicegobernador bonaerense dijo que \u00e9stos deben tener atribuciones \u201cpara actuar cuando ocurran desmanes en el propio acontecimiento deportivo\u201d de la AFA, que se iniciar\u00e1 la pr\u00f3xima semana. El vicegobernador de Buenos Aires, Gabriel Mariotto, propuso la \"designaci\u00f3n de fiscales en los estadios, para actuar \"in situ\" con vistas al\u2026","rel":"","context":"En \u00abPol\u00edtica\u00bb","block_context":{"text":"Pol\u00edtica","link":"https:\/\/www.24baires.com\/?cat=51"},"img":{"alt_text":"","src":"","width":0,"height":0},"classes":[]},{"id":15178,"url":"https:\/\/www.24baires.com\/?p=15178","url_meta":{"origin":23967,"position":4},"title":"Posse &#8216;atendi\u00f3&#8217; a Mariotto y asegur\u00f3 que no va a \u00abpolemizar con la Presidenta\u00bb","author":"AF","date":"09\/02\/2013","format":false,"excerpt":"SAN ISIDRO - Luego de que el vicegobernador asegurara que hab\u00eda responsabilidad municipal en el caso del jard\u00edn, para el intendente se trat\u00f3 de una maniobra para encubrir otros temas. \"No voy a polemizar con la Presidenta\", lanz\u00f3. Este viernes, el vicegobernador Gabriel Mariotto hab\u00eda expresado que \"el municipio de\u2026","rel":"","context":"En \u00abPol\u00edtica\u00bb","block_context":{"text":"Pol\u00edtica","link":"https:\/\/www.24baires.com\/?cat=51"},"img":{"alt_text":"","src":"","width":0,"height":0},"classes":[]},{"id":37441,"url":"https:\/\/www.24baires.com\/?p=37441","url_meta":{"origin":23967,"position":5},"title":"Mariotto: el elegido","author":"Grupo Sierra","date":"26\/12\/2013","format":false,"excerpt":"Muchos son los interrogantes hacia el 2015 y las postulaciones que van y vienen. Pero algunos personajes (no s\u00f3lo de la pol\u00edtica) se encargaron de mencionar a uno de los candidatos que hasta ahora parece el m\u00e1s firme del kirchnerismo: Gabriel Mariotto. En primer lugar, la presidenta de Madres de\u2026","rel":"","context":"En \u00abPol\u00edtica\u00bb","block_context":{"text":"Pol\u00edtica","link":"https:\/\/www.24baires.com\/?cat=51"},"img":{"alt_text":"mariotto candela","src":"https:\/\/i0.wp.com\/www.24baires.com\/wp-content\/uploads\/2013\/04\/mariotto-candela.jpg?resize=350%2C200","width":350,"height":200,"srcset":"https:\/\/i0.wp.com\/www.24baires.com\/wp-content\/uploads\/2013\/04\/mariotto-candela.jpg?resize=350%2C200 1x, https:\/\/i0.wp.com\/www.24baires.com\/wp-content\/uploads\/2013\/04\/mariotto-candela.jpg?resize=525%2C300 1.5x"},"classes":[]}],"jetpack_sharing_enabled":true,"jetpack_likes_enabled":true,"_links":{"self":[{"href":"https:\/\/www.24baires.com\/index.php?rest_route=\/wp\/v2\/posts\/23967","targetHints":{"allow":["GET"]}}],"collection":[{"href":"https:\/\/www.24baires.com\/index.php?rest_route=\/wp\/v2\/posts"}],"about":[{"href":"https:\/\/www.24baires.com\/index.php?rest_route=\/wp\/v2\/types\/post"}],"author":[{"embeddable":true,"href":"https:\/\/www.24baires.com\/index.php?rest_route=\/wp\/v2\/users\/11"}],"replies":[{"embeddable":true,"href":"https:\/\/www.24baires.com\/index.php?rest_route=%2Fwp%2Fv2%2Fcomments&post=23967"}],"version-history":[{"count":4,"href":"https:\/\/www.24baires.com\/index.php?rest_route=\/wp\/v2\/posts\/23967\/revisions"}],"predecessor-version":[{"id":23971,"href":"https:\/\/www.24baires.com\/index.php?rest_route=\/wp\/v2\/posts\/23967\/revisions\/23971"}],"wp:attachment":[{"href":"https:\/\/www.24baires.com\/index.php?rest_route=%2Fwp%2Fv2%2Fmedia&parent=23967"}],"wp:term":[{"taxonomy":"category","embeddable":true,"href":"https:\/\/www.24baires.com\/index.php?rest_route=%2Fwp%2Fv2%2Fcategories&post=23967"},{"taxonomy":"post_tag","embeddable":true,"href":"https:\/\/www.24baires.com\/index.php?rest_route=%2Fwp%2Fv2%2Ftags&post=23967"}],"curies":[{"name":"wp","href":"https:\/\/api.w.org\/{rel}","templated":true}]}}