{"id":23910,"date":"2013-05-19T20:00:26","date_gmt":"2013-05-19T23:00:26","guid":{"rendered":"http:\/\/www.24baires.com\/?p=23910"},"modified":"2013-05-19T19:25:39","modified_gmt":"2013-05-19T22:25:39","slug":"la-corameco-y-arbia-rechazan-decretos-de-macri-y-de-la-sota-contra-la-ley-de-medios","status":"publish","type":"post","link":"https:\/\/www.24baires.com\/?p=23910","title":{"rendered":"La CoRaMeCo y ARBIA rechazan decretos de Macri y De la Sota contra la Ley de Medios"},"content":{"rendered":"<p>La Confederaci\u00f3n de Radios y Medios de Comunicaci\u00f3n de la Argentina (CoRaMeCo) y la Asociaci\u00f3n de Radiodifusoras Bonaerenses y del Interior de la Argentina (ARBIA) repudiaron los decretos de necesidad y urgencia del jefe de Gobierno porte\u00f1o, Mauricio Macri, y del gobernador cordob\u00e9s, Jos\u00e9 Manuel De la Sota, contra la ley de medios por \u00abrepresentar intereses monop\u00f3licos\u00bb.<!--more--><\/p>\n<p>\u00abRepudiamos en\u00e9rgicamente este y todos los DNU y proyectos de ley que vayan contra la comunicaci\u00f3n plural de la (ley) 26.522, adem\u00e1s los consideramos a estos DNU sediciosos, separatistas e inconstitucionales\u00bb, afirmaron las dos organizaciones en un duro comunicado en el que pidieron la \u00abaplicaci\u00f3n total de la ley\u00bb.<br \/>\nEn ese sentido, adem\u00e1s del gobernador y del jefe de Gobierno, las entidades incluyeron en sus cr\u00edticas al diputado nacional Francisco de Narv\u00e1ez por la iniciativa parlamentaria que quiere impulsar para que la provincia de Buenos Aires tome la misma determinaci\u00f3n.<br \/>\n\u00abMacri, De la Sota y pr\u00f3ximamente De Narv\u00e1ez son lo mismo y representan los mismos intereses monop\u00f3licos, en definitiva rotan los protagonistas que responden a los mismos intereses\u00bb, afirmaron ARBIA y CoRaMeCo.<br \/>\nY agregaron: \u00abLa lista es larga y como ejemplo tenemos a (Silvana) Giudici, (Elisa) Carri\u00f3, (Patricia) Bulrich, (Oscar) Aguad y varios impresentables m\u00e1s que durante el debate sobre la ley de Servicios de Comunicaci\u00f3n Audiovisual operaban con los grupos en contra de democratizar las comunicaciones\u00bb.<\/p>\n","protected":false},"excerpt":{"rendered":"<p>La Confederaci\u00f3n de Radios y Medios de Comunicaci\u00f3n de la Argentina (CoRaMeCo) y la Asociaci\u00f3n de Radiodifusoras Bonaerenses y del Interior de la Argentina (ARBIA) repudiaron los decretos de necesidad y urgencia del jefe de Gobierno porte\u00f1o, Mauricio Macri, y del gobernador cordob\u00e9s, Jos\u00e9 Manuel De la Sota, contra la ley de medios por \u00abrepresentar intereses monop\u00f3licos\u00bb.<\/p>\n","protected":false},"author":11,"featured_media":0,"comment_status":"open","ping_status":"open","sticky":false,"template":"","format":"standard","meta":{"_jetpack_newsletter_access":"","_jetpack_dont_email_post_to_subs":false,"_jetpack_newsletter_tier_id":0,"_jetpack_memberships_contains_paywalled_content":false,"_jetpack_memberships_contains_paid_content":false,"footnotes":""},"categories":[54,51],"tags":[],"class_list":["post-23910","post","type-post","status-publish","format-standard","hentry","category-medios","category-politica"],"jetpack_featured_media_url":"","jetpack_shortlink":"https:\/\/wp.me\/p2JWE0-6dE","jetpack-related-posts":[{"id":50230,"url":"https:\/\/www.24baires.com\/?p=50230","url_meta":{"origin":23910,"position":0},"title":"M\u00e1s de 100 productoras audiovisuales se reunieron en la sede de ARBIA","author":"Grupo Sierra","date":"19\/07\/2014","format":false,"excerpt":"En la casa central de ARBIA (Asociaci\u00f3n de Radiodifusoras Bonaerenses y del Interior de Argentina) en la ciudad de Mar del Plata, con la asistencia de m\u00e1s de cien realizadores, se concret\u00f3 el Segundo Encuentro Regional de Productoras Audiovisuales organizado por AFSCA y la entidad anfitriona. Representantes de distintas organizaciones\u2026","rel":"","context":"En \u00abMedios\u00bb","block_context":{"text":"Medios","link":"https:\/\/www.24baires.com\/?cat=54"},"img":{"alt_text":"arbia productoras","src":"https:\/\/i0.wp.com\/www.24baires.com\/wp-content\/uploads\/2014\/07\/arbia-productoras.jpg?resize=350%2C200","width":350,"height":200,"srcset":"https:\/\/i0.wp.com\/www.24baires.com\/wp-content\/uploads\/2014\/07\/arbia-productoras.jpg?resize=350%2C200 1x, https:\/\/i0.wp.com\/www.24baires.com\/wp-content\/uploads\/2014\/07\/arbia-productoras.jpg?resize=525%2C300 1.5x"},"classes":[]},{"id":23752,"url":"https:\/\/www.24baires.com\/?p=23752","url_meta":{"origin":23910,"position":1},"title":"El COFECA expres\u00f3 su repudio al DNU de Macri","author":"AF","date":"17\/05\/2013","format":false,"excerpt":"El organismo que est\u00e1 integrado por representantes de doce provincias y de sectores sindicales, universitarios y ONG\u00b4s, expres\u00f3 su repudio contra el Decreto de Necesidad y Urgencia del jefe de Gobierno porte\u00f1o sobre la libertad de prensa. Consideraron que Macri \"ofende una vez m\u00e1s las instituciones democr\u00e1ticas, al pretender sobrepasar\u2026","rel":"","context":"En \u00abMedios\u00bb","block_context":{"text":"Medios","link":"https:\/\/www.24baires.com\/?cat=54"},"img":{"alt_text":"COFECA","src":"https:\/\/i0.wp.com\/www.24baires.com\/wp-content\/uploads\/2013\/05\/COFECA-300x190.jpg?resize=350%2C200","width":350,"height":200},"classes":[]},{"id":24098,"url":"https:\/\/www.24baires.com\/?p=24098","url_meta":{"origin":23910,"position":2},"title":"Para Sabbatella el Decreto de Macri es un \u00abmamarracho jur\u00eddico\u00bb","author":"Grupo Sierra","date":"22\/05\/2013","format":false,"excerpt":"El titular de la Afsca, Mart\u00edn Sabbatella, se refiri\u00f3 hoy a la medida cautelar dectada ayer por la Justicia porte\u00f1a y que frena el DNU de Macri, del que reiter\u00f3 que \u201cdesde el punto de vista jur\u00eddico es un mamarracho\". \u201cEl titular de la Autoridad Federal de Servicios de Comunicaci\u00f3n\u2026","rel":"","context":"En \u00abMedios\u00bb","block_context":{"text":"Medios","link":"https:\/\/www.24baires.com\/?cat=54"},"img":{"alt_text":"","src":"","width":0,"height":0},"classes":[]},{"id":5340,"url":"https:\/\/www.24baires.com\/?p=5340","url_meta":{"origin":23910,"position":3},"title":"Foro Popular sobre la Ley de Medios en Mar del Plata","author":"Grupo Sierra","date":"13\/11\/2012","format":false,"excerpt":"Tal como se vienen realizando en todos los rincones del pa\u00eds, este mi\u00e9rcoles en la ciudad balnearia se realizar\u00e1 otro Foro de cara al denominado 7D. \u00a0 El Foro Popular sobre la Ley de Medios en Mar del Plata por la aplicaci\u00f3n de la ley se realizar\u00e1 este Mi\u00e9rcoles 14,\u2026","rel":"","context":"En \u00abMedios\u00bb","block_context":{"text":"Medios","link":"https:\/\/www.24baires.com\/?cat=54"},"img":{"alt_text":"","src":"","width":0,"height":0},"classes":[]},{"id":23789,"url":"https:\/\/www.24baires.com\/?p=23789","url_meta":{"origin":23910,"position":4},"title":"De la Sota imita a Macri y saca su propio DNU de &#8216;protecci\u00f3n a la libertad de expresi\u00f3n&#8217;","author":"AF","date":"18\/05\/2013","format":false,"excerpt":"El gobernador Jos\u00e9 Manuel de la Sota anunci\u00f3 la firma de un decreto, similar al emitido por el jefe de Gobierno porte\u00f1o Mauricio Macri, con el presunto objetivo de garantizar la libertad de prensa y expresi\u00f3n en C\u00f3rdoba que \"alcanza a todos los medios de la provincia\". El instrumento, firmado\u2026","rel":"","context":"En \u00abMedios\u00bb","block_context":{"text":"Medios","link":"https:\/\/www.24baires.com\/?cat=54"},"img":{"alt_text":"de-la-sota1","src":"https:\/\/i0.wp.com\/www.24baires.com\/wp-content\/uploads\/2013\/05\/de-la-sota1-300x210.jpg?resize=350%2C200","width":350,"height":200},"classes":[]},{"id":7638,"url":"https:\/\/www.24baires.com\/?p=7638","url_meta":{"origin":23910,"position":5},"title":"El Foro de Medios en Azul se transmiti\u00f3 por primera vez por la Antena de TV Municipal","author":"Grupo Sierra","date":"02\/12\/2012","format":false,"excerpt":"Con la presencia del Consejero, del Consejo Federal de Comunicaci\u00f3n Audiovisual, Osvaldo Franc\u00e9s, presidente de Asociaci\u00f3n de Radiodifusoras Bonaerenses y del Interior de la Rep\u00fablica Argentina (ARBIA) y de la Confederaci\u00f3n de Radios y Medios de Comunicaci\u00f3n CoRaMeCO, se realiz\u00f3 en la ciudad de Azul un nuevo foro para esclarecer\u2026","rel":"","context":"En \u00abMedios\u00bb","block_context":{"text":"Medios","link":"https:\/\/www.24baires.com\/?cat=54"},"img":{"alt_text":"","src":"https:\/\/i0.wp.com\/www.24baires.com\/wp-content\/uploads\/2012\/12\/foro-azul-7D-300x225.jpg?resize=350%2C200","width":350,"height":200},"classes":[]}],"jetpack_sharing_enabled":true,"jetpack_likes_enabled":true,"_links":{"self":[{"href":"https:\/\/www.24baires.com\/index.php?rest_route=\/wp\/v2\/posts\/23910","targetHints":{"allow":["GET"]}}],"collection":[{"href":"https:\/\/www.24baires.com\/index.php?rest_route=\/wp\/v2\/posts"}],"about":[{"href":"https:\/\/www.24baires.com\/index.php?rest_route=\/wp\/v2\/types\/post"}],"author":[{"embeddable":true,"href":"https:\/\/www.24baires.com\/index.php?rest_route=\/wp\/v2\/users\/11"}],"replies":[{"embeddable":true,"href":"https:\/\/www.24baires.com\/index.php?rest_route=%2Fwp%2Fv2%2Fcomments&post=23910"}],"version-history":[{"count":4,"href":"https:\/\/www.24baires.com\/index.php?rest_route=\/wp\/v2\/posts\/23910\/revisions"}],"predecessor-version":[{"id":23917,"href":"https:\/\/www.24baires.com\/index.php?rest_route=\/wp\/v2\/posts\/23910\/revisions\/23917"}],"wp:attachment":[{"href":"https:\/\/www.24baires.com\/index.php?rest_route=%2Fwp%2Fv2%2Fmedia&parent=23910"}],"wp:term":[{"taxonomy":"category","embeddable":true,"href":"https:\/\/www.24baires.com\/index.php?rest_route=%2Fwp%2Fv2%2Fcategories&post=23910"},{"taxonomy":"post_tag","embeddable":true,"href":"https:\/\/www.24baires.com\/index.php?rest_route=%2Fwp%2Fv2%2Ftags&post=23910"}],"curies":[{"name":"wp","href":"https:\/\/api.w.org\/{rel}","templated":true}]}}