{"id":23905,"date":"2013-05-19T19:30:59","date_gmt":"2013-05-19T22:30:59","guid":{"rendered":"http:\/\/www.24baires.com\/?p=23905"},"modified":"2013-05-19T19:07:41","modified_gmt":"2013-05-19T22:07:41","slug":"repudio-a-la-campana-de-desprestigio-del-grupo-clarin-contra-la-madre-de-marita-veron","status":"publish","type":"post","link":"https:\/\/www.24baires.com\/?p=23905","title":{"rendered":"Repudio a la campa\u00f1a de desprestigio del Grupo Clar\u00edn contra la madre de Marita Ver\u00f3n"},"content":{"rendered":"<p><img data-recalc-dims=\"1\" loading=\"lazy\" decoding=\"async\" class=\"aligncenter size-full wp-image-20085\" alt=\"marita ver\u00f3n2\" src=\"https:\/\/i0.wp.com\/www.24baires.com\/wp-content\/uploads\/2013\/04\/marita-ver%C3%B3n2.jpg?resize=560%2C452\" width=\"560\" height=\"452\" srcset=\"https:\/\/i0.wp.com\/www.24baires.com\/wp-content\/uploads\/2013\/04\/marita-ver%C3%B3n2.jpg?w=560&amp;ssl=1 560w, https:\/\/i0.wp.com\/www.24baires.com\/wp-content\/uploads\/2013\/04\/marita-ver%C3%B3n2.jpg?resize=300%2C242&amp;ssl=1 300w\" sizes=\"auto, (max-width: 560px) 100vw, 560px\" \/>Organizaciones de derechos humanos, gremios y otros movimientos manifestaron \u2013a trav\u00e9s de una solicitada- su \u00abm\u00e1s en\u00e9rgico repudio a la campa\u00f1a de desprestigio impulsada por el Grupo Clar\u00edn contra Susana Trimarco, una de las referentes m\u00e1s importantes a nivel internacional en la lucha contra la Trata de personas\u00bb.<!--more--><\/p>\n<p>Organizaciones y referentes de derechos humanos, gremios y otros movimientos manifestaron su \u00abm\u00e1s en\u00e9rgico repudio a la campa\u00f1a de desprestigio impulsada por el Grupo Clar\u00edn contra Susana Trimarco, una de las referentes m\u00e1s importantes a nivel internacional en la lucha contra la Trata de personas\u00bb.<\/p>\n<p>A trav\u00e9s de una solicitada publicada hoy en los diarios Cr\u00f3nica y P\u00e1gina\/12, entre otros, titulada \u00abTodos buscamos a Marita Ver\u00f3n\u00bb, Abuelas de Plaza de Mayo, H.I.J.O.S., Madres de Plaza de Mayo L\u00ednea Fundadora, Justicia Leg\u00edtima, Hebe de Bonafini, Pablo Ferreyra y la Defensor\u00eda General de la Ciudad, entre otros firmantes, remarcaron que \u00abes saludable que tanto el Estado Nacional como distintos Estados provinciales destinen fondos p\u00fablicos al fortalecimiento de la tarea que la Fundaci\u00f3n (Mar\u00eda de los Angeles) lleva adelante en todo el pa\u00eds, rescatando y protegiendo a cientos de mujeres que se encuentran en la m\u00e1s extrema situaci\u00f3n de vulnerabilidad: la esclavitud\u00bb.<\/p>\n<p>La semana pasada el conductor televisivo Jorge Lanata del grupo hab\u00eda puesto en duda la honestidad de Susana Trimarco cuando durante su programa radial se refiri\u00f3 a la ayuda que recibe la fundaci\u00f3n. Adem\u00e1s, en este marco, se\u00f1alaron que el \u00abGrupo Clar\u00edn ha decidido llevarse por delante ya no s\u00f3lo a las leyes y a las instituciones de la democracia, sino tambi\u00e9n a sus m\u00e1ximos referentes sociales\u00bb y que \u00abal mismo tiempo que intenta desprestigiar el trabajo de la Fundaci\u00f3n Mar\u00eda de los Angeles, contin\u00faa publicando avisos de comercio sexual, incumpliendo el decreto 936\/2011 que establece su prohibici\u00f3n\u00bb.<\/p>\n<p>\u00abPor eso -concluye el texto- estamos convencidos de que es necesario decir basta contra los atropellos de quienes inspirados en proteger sus intereses econ\u00f3micos, no vacilan un instante en convertir el dolor m\u00e1s profundo de una madre en mercanc\u00eda, ensuciando la pureza y la nobleza de la causa que Susana Trimarco lleva adelante desde su Fundaci\u00f3n\u00bb.<\/p>\n<p>&nbsp;<\/p>\n<p>&nbsp;<\/p>\n<p>&nbsp;<\/p>\n<p>&nbsp;<\/p>\n","protected":false},"excerpt":{"rendered":"<p>Organizaciones de derechos humanos, gremios y otros movimientos manifestaron \u2013a trav\u00e9s de una solicitada- su \u00abm\u00e1s en\u00e9rgico repudio a la campa\u00f1a de desprestigio impulsada por el Grupo Clar\u00edn contra Susana Trimarco, una de las referentes m\u00e1s importantes a nivel internacional en la lucha contra la Trata de personas\u00bb.<\/p>\n","protected":false},"author":11,"featured_media":0,"comment_status":"open","ping_status":"open","sticky":false,"template":"","format":"standard","meta":{"_jetpack_newsletter_access":"","_jetpack_dont_email_post_to_subs":false,"_jetpack_newsletter_tier_id":0,"_jetpack_memberships_contains_paywalled_content":false,"_jetpack_memberships_contains_paid_content":false,"footnotes":""},"categories":[54,1],"tags":[],"class_list":["post-23905","post","type-post","status-publish","format-standard","hentry","category-medios","category-sociedad"],"jetpack_featured_media_url":"","jetpack_shortlink":"https:\/\/wp.me\/p2JWE0-6dz","jetpack-related-posts":[{"id":29816,"url":"https:\/\/www.24baires.com\/?p=29816","url_meta":{"origin":23905,"position":0},"title":"Alak y Trimarco firmaron un acuerdo de asistencia para v\u00edctimas de la trata","author":"AF","date":"09\/08\/2013","format":false,"excerpt":"El ministro de Justicia y Derechos Humanos, Julio Alak, suscribi\u00f3 un convenio de cooperaci\u00f3n con Susana Trimarco, madre de Marita Ver\u00f3n y titular de la instituci\u00f3n que trabaja en la prevenci\u00f3n, la protecci\u00f3n y la asistencia integral de las v\u00edctimas de ese delito. El ministro de Justicia y Derechos Humanos,\u2026","rel":"","context":"En \u00abSociedad\u00bb","block_context":{"text":"Sociedad","link":"https:\/\/www.24baires.com\/?cat=1"},"img":{"alt_text":"trimarco alak","src":"https:\/\/i0.wp.com\/www.24baires.com\/wp-content\/uploads\/2013\/08\/trimarco-alak-300x200.jpg?resize=350%2C200","width":350,"height":200},"classes":[]},{"id":21560,"url":"https:\/\/www.24baires.com\/?p=21560","url_meta":{"origin":23905,"position":1},"title":"Susana Trimarco ser\u00e1 homenajeada con el Doctorado \u00abHonoris Causa\u00bb","author":"Grupo Sierra","date":"21\/04\/2013","format":false,"excerpt":"El diploma ser\u00e1 otorgado por la UBA durante una ceremonia en la que Susana Trimarco dar\u00e1 un discurso referido a su labor contra la trata de personas. Asistir\u00e1n miembros de ONGs y destacadas personalidades de los \u00e1mbitos cultural, acad\u00e9mico y de los derechos humanos. La Universidad de Buenos Aires (UBA)\u2026","rel":"","context":"En \u00abSociedad\u00bb","block_context":{"text":"Sociedad","link":"https:\/\/www.24baires.com\/?cat=1"},"img":{"alt_text":"trimarco susana","src":"https:\/\/i0.wp.com\/www.24baires.com\/wp-content\/uploads\/2013\/01\/trimarco-susana.jpg?resize=350%2C200","width":350,"height":200,"srcset":"https:\/\/i0.wp.com\/www.24baires.com\/wp-content\/uploads\/2013\/01\/trimarco-susana.jpg?resize=350%2C200 1x, https:\/\/i0.wp.com\/www.24baires.com\/wp-content\/uploads\/2013\/01\/trimarco-susana.jpg?resize=525%2C300 1.5x"},"classes":[]},{"id":21648,"url":"https:\/\/www.24baires.com\/?p=21648","url_meta":{"origin":23905,"position":2},"title":"\u00abQue haya jueces que hagan justicia y no arreglos pol\u00edticos con los amiguitos pol\u00edticos\u00bb","author":"Grupo Sierra","date":"22\/04\/2013","format":false,"excerpt":"Lo expres\u00f3 la madre de Marita Ver\u00f3n, distinguida por la UBA en reconocimiento a su incansable lucha contra la trata de personas, agradeci\u00f3 a la Presidenta por su apoyo en la lucha contra la trata y pidi\u00f3 que se concrete la reforma judicial. Susana Trimarco asegur\u00f3 que la reforma judicial\u2026","rel":"","context":"En \u00abPol\u00edtica\u00bb","block_context":{"text":"Pol\u00edtica","link":"https:\/\/www.24baires.com\/?cat=51"},"img":{"alt_text":"","src":"","width":0,"height":0},"classes":[]},{"id":13051,"url":"https:\/\/www.24baires.com\/?p=13051","url_meta":{"origin":23905,"position":3},"title":"Denuncian que amenazaron de muerte a Susana Trimarco por tel\u00e9fono","author":"Grupo Sierra","date":"21\/01\/2013","format":false,"excerpt":"La madre de Marita Ver\u00f3n, Susana Trimarco fue amenazada de muerte a trav\u00e9s de llamados\u00a0telef\u00f3nicos\u00a0an\u00f3nimos, seg\u00fan denunciaron hoy los abogados de la Fundaci\u00f3n Mar\u00eda de los \u00c1ngeles que vinculan el caso a una interna policial. Las amenazas fueron realizadas durante el fin de semana y se conocieron hoy a partir\u2026","rel":"","context":"En \u00abSociedad\u00bb","block_context":{"text":"Sociedad","link":"https:\/\/www.24baires.com\/?cat=1"},"img":{"alt_text":"trimarco susana","src":"https:\/\/i0.wp.com\/www.24baires.com\/wp-content\/uploads\/2013\/01\/trimarco-susana.jpg?resize=350%2C200","width":350,"height":200,"srcset":"https:\/\/i0.wp.com\/www.24baires.com\/wp-content\/uploads\/2013\/01\/trimarco-susana.jpg?resize=350%2C200 1x, https:\/\/i0.wp.com\/www.24baires.com\/wp-content\/uploads\/2013\/01\/trimarco-susana.jpg?resize=525%2C300 1.5x"},"classes":[]},{"id":31666,"url":"https:\/\/www.24baires.com\/?p=31666","url_meta":{"origin":23905,"position":4},"title":"Entregaron el premio Rodolfo Walsh a Susana Trimarco","author":"AF","date":"11\/09\/2013","format":false,"excerpt":"Susana Trimarco, la madre de Marita Ver\u00f3n, recibi\u00f3 el premio Rodolfo Walsh por su labor en pos de la Comunicaci\u00f3n Popular. Acompa\u00f1ada por la decana de la Casa de Estudios, Florencia Saintout, y por la titular de Madres de Plaza de Mayo, Hebe de Bonafini, agradeci\u00f3 la ayuda de N\u00e9stor\u2026","rel":"","context":"En \u00abSociedad\u00bb","block_context":{"text":"Sociedad","link":"https:\/\/www.24baires.com\/?cat=1"},"img":{"alt_text":"trimarco saintout","src":"https:\/\/i0.wp.com\/www.24baires.com\/wp-content\/uploads\/2013\/09\/trimarco-saintout-300x176.jpg?resize=350%2C200","width":350,"height":200},"classes":[]},{"id":43343,"url":"https:\/\/www.24baires.com\/?p=43343","url_meta":{"origin":23905,"position":5},"title":"Un festival y muchas voces por Marita Ver\u00f3n","author":"Grupo Sierra","date":"05\/04\/2014","format":false,"excerpt":"La consigna \"Yo le digo No a la trata de personas\" uni\u00f3 a miles de j\u00f3venes y adultos que se concentraron en la Plaza Independencia para recordar a Marita Ver\u00f3n, quien fue secuestrada por una red el 3 abril de 2002. La Bersuit Vergarabat, Kapanga, Karamelo Santo, Nonpalidece, David Bolzoni,\u2026","rel":"","context":"En \u00abMemoria\u00bb","block_context":{"text":"Memoria","link":"https:\/\/www.24baires.com\/?cat=50"},"img":{"alt_text":"marita ver\u00f3n2","src":"https:\/\/i0.wp.com\/www.24baires.com\/wp-content\/uploads\/2013\/04\/marita-ver%C3%B3n2.jpg?resize=350%2C200","width":350,"height":200,"srcset":"https:\/\/i0.wp.com\/www.24baires.com\/wp-content\/uploads\/2013\/04\/marita-ver%C3%B3n2.jpg?resize=350%2C200 1x, https:\/\/i0.wp.com\/www.24baires.com\/wp-content\/uploads\/2013\/04\/marita-ver%C3%B3n2.jpg?resize=525%2C300 1.5x"},"classes":[]}],"jetpack_sharing_enabled":true,"jetpack_likes_enabled":true,"_links":{"self":[{"href":"https:\/\/www.24baires.com\/index.php?rest_route=\/wp\/v2\/posts\/23905","targetHints":{"allow":["GET"]}}],"collection":[{"href":"https:\/\/www.24baires.com\/index.php?rest_route=\/wp\/v2\/posts"}],"about":[{"href":"https:\/\/www.24baires.com\/index.php?rest_route=\/wp\/v2\/types\/post"}],"author":[{"embeddable":true,"href":"https:\/\/www.24baires.com\/index.php?rest_route=\/wp\/v2\/users\/11"}],"replies":[{"embeddable":true,"href":"https:\/\/www.24baires.com\/index.php?rest_route=%2Fwp%2Fv2%2Fcomments&post=23905"}],"version-history":[{"count":3,"href":"https:\/\/www.24baires.com\/index.php?rest_route=\/wp\/v2\/posts\/23905\/revisions"}],"predecessor-version":[{"id":23908,"href":"https:\/\/www.24baires.com\/index.php?rest_route=\/wp\/v2\/posts\/23905\/revisions\/23908"}],"wp:attachment":[{"href":"https:\/\/www.24baires.com\/index.php?rest_route=%2Fwp%2Fv2%2Fmedia&parent=23905"}],"wp:term":[{"taxonomy":"category","embeddable":true,"href":"https:\/\/www.24baires.com\/index.php?rest_route=%2Fwp%2Fv2%2Fcategories&post=23905"},{"taxonomy":"post_tag","embeddable":true,"href":"https:\/\/www.24baires.com\/index.php?rest_route=%2Fwp%2Fv2%2Ftags&post=23905"}],"curies":[{"name":"wp","href":"https:\/\/api.w.org\/{rel}","templated":true}]}}