{"id":2387,"date":"2012-10-16T13:03:30","date_gmt":"2012-10-16T16:03:30","guid":{"rendered":"http:\/\/www.24baires.com\/?p=2387"},"modified":"2012-10-16T21:04:30","modified_gmt":"2012-10-17T00:04:30","slug":"carrio-disparo-el-7-de-diciembre-puede-ser-el-comienzo-de-una-dictadura","status":"publish","type":"post","link":"https:\/\/www.24baires.com\/?p=2387","title":{"rendered":"Carri\u00f3 dispar\u00f3: \u00abEl 7 de diciembre puede ser el comienzo de una Dictadura\u00bb"},"content":{"rendered":"<p><img data-recalc-dims=\"1\" loading=\"lazy\" decoding=\"async\" class=\"alignleft size-medium wp-image-2388\" title=\"carrio\" src=\"https:\/\/i0.wp.com\/www.24baires.com\/wp-content\/uploads\/2012\/10\/carrio.jpg?resize=300%2C132\" alt=\"\" width=\"300\" height=\"132\" srcset=\"https:\/\/i0.wp.com\/www.24baires.com\/wp-content\/uploads\/2012\/10\/carrio.jpg?resize=300%2C132&amp;ssl=1 300w, https:\/\/i0.wp.com\/www.24baires.com\/wp-content\/uploads\/2012\/10\/carrio.jpg?w=560&amp;ssl=1 560w\" sizes=\"auto, (max-width: 300px) 100vw, 300px\" \/>Luego del duro rev\u00e9s que recibi\u00f3 en las elecciones del a\u00f1o pasado, la diputada nacional Elisa Carri\u00f3 asegur\u00f3 que se siente \u00abcasi con un pie afuera de la pol\u00edtica\u00bb, al tiempo que insisti\u00f3 en que \u00abel 7 de diciembre puede ser el comienzo de una dictadura\u00bb.<!--more--><\/p>\n<p>Seg\u00fan Carri\u00f3, \u00abel problema cr\u00f3nico de la Argentina es que nunca se ha respetado la ley\u00bb.<\/p>\n<p>\u00abEstoy con un pie afuera de la pol\u00edtica\u00bb, afirm\u00f3 la legisladora, durante su exposici\u00f3n en la Facultad de Ciencias Jur\u00eddicas y Sociales.<\/p>\n<p>D\u00edas atr\u00e1s, Carri\u00f3 hab\u00eda advertido que Cristina Kirchner \u00abva con desesperaci\u00f3n a una dictadura\u00bb debido a las \u00faltimas medidas dictadas por el Gobierno.<\/p>\n<p>\u00abLa Presidenta va casi con desesperaci\u00f3n a la dictadura. Me dec\u00edan que era exagerada cuando hablaba de la corrupci\u00f3n y cuando dec\u00eda que iba a controlar los medios, los hechos fueron m\u00e1s fuertes de lo que yo anunciaba. Las instituciones en la Argentina est\u00e1n flaqueando\u00bb, enfatiz\u00f3, en di\u00e1logo con A fuego lento , que se emite por Canal 26.<\/p>\n<p>Durante esa entrevista televisiva, la diputada nacional confes\u00f3 que est\u00e1 \u00abmuy poco dentro de la pol\u00edtica\u00bb. \u00abYo he perdido, las preguntas sobre qu\u00e9 hace la oposici\u00f3n se la tiene que hacer a los l\u00edderes opositores: Binner o Alfons\u00edn\u00bb, apunt\u00f3, al tiempo que advirti\u00f3 que ya \u00abno escucha\u00bb a sus colegas.<\/p>\n<p>Enseguida, agreg\u00f3: \u00abTengo un pie en el sistema pol\u00edtico y un pie como ciudadana\u00bb.<\/p>\n","protected":false},"excerpt":{"rendered":"<p>Luego del duro rev\u00e9s que recibi\u00f3 en las elecciones del a\u00f1o pasado, la diputada nacional Elisa Carri\u00f3 asegur\u00f3 que se siente \u00abcasi con un pie afuera de la pol\u00edtica\u00bb, al tiempo que insisti\u00f3 en que \u00abel 7 de diciembre puede ser el comienzo de una dictadura\u00bb.<\/p>\n","protected":false},"author":4,"featured_media":0,"comment_status":"open","ping_status":"open","sticky":false,"template":"","format":"standard","meta":{"_jetpack_newsletter_access":"","_jetpack_dont_email_post_to_subs":false,"_jetpack_newsletter_tier_id":0,"_jetpack_memberships_contains_paywalled_content":false,"_jetpack_memberships_contains_paid_content":false,"footnotes":""},"categories":[54],"tags":[],"class_list":["post-2387","post","type-post","status-publish","format-standard","hentry","category-medios"],"jetpack_featured_media_url":"","jetpack_shortlink":"https:\/\/wp.me\/p2JWE0-Cv","jetpack-related-posts":[{"id":112755,"url":"https:\/\/www.24baires.com\/?p=112755","url_meta":{"origin":2387,"position":0},"title":"Carri\u00f3 anunci\u00f3 su retiro de la pol\u00edtica","author":"AF","date":"28\/10\/2019","format":false,"excerpt":"Elisa Carri\u00f3 asisti\u00f3 al encuentro de la Mesa de Acci\u00f3n Pol\u00edtica de Juntos por el Cambio posterior a la elecci\u00f3n. Ya de por s\u00ed era una conversaci\u00f3n dif\u00edcil y cargada de derrota. Pero la dirigente eligi\u00f3 ese momento para tirar una bomba y luego se retir\u00f3 temprano. \"El a\u00f1o que\u2026","rel":"","context":"En \u00abPol\u00edtica\u00bb","block_context":{"text":"Pol\u00edtica","link":"https:\/\/www.24baires.com\/?cat=51"},"img":{"alt_text":"","src":"https:\/\/i0.wp.com\/www.24baires.com\/wp-content\/uploads\/2018\/07\/carri%C3%B3.jpg?resize=350%2C200","width":350,"height":200,"srcset":"https:\/\/i0.wp.com\/www.24baires.com\/wp-content\/uploads\/2018\/07\/carri%C3%B3.jpg?resize=350%2C200 1x, https:\/\/i0.wp.com\/www.24baires.com\/wp-content\/uploads\/2018\/07\/carri%C3%B3.jpg?resize=525%2C300 1.5x"},"classes":[]},{"id":103209,"url":"https:\/\/www.24baires.com\/?p=103209","url_meta":{"origin":2387,"position":1},"title":"La UCR dispar\u00f3 contra Carri\u00f3: \u00abHoy le aporta menos a Cambiemos que las propinas que deja\u00bb","author":"AF","date":"06\/07\/2018","format":false,"excerpt":"La Uni\u00f3n C\u00edvica Radical, que comparte la Alianza Cambiemos con el PRO, emiti\u00f3 un dur\u00edsimo comunicado con la diputada Elisa Carri\u00f3. Deslizaron que la pol\u00e9mica legisladora utiliza al partido como \"proyecto personal\" y \"liderazgo mesi\u00e1nico\". La UCR le respondi\u00f3 con un comunicado a Elisa Carri\u00f3 y desde el partido, no\u2026","rel":"","context":"En \u00abPol\u00edtica\u00bb","block_context":{"text":"Pol\u00edtica","link":"https:\/\/www.24baires.com\/?cat=51"},"img":{"alt_text":"","src":"https:\/\/i0.wp.com\/www.24baires.com\/wp-content\/uploads\/2018\/07\/carri%C3%B3.jpg?resize=350%2C200","width":350,"height":200,"srcset":"https:\/\/i0.wp.com\/www.24baires.com\/wp-content\/uploads\/2018\/07\/carri%C3%B3.jpg?resize=350%2C200 1x, https:\/\/i0.wp.com\/www.24baires.com\/wp-content\/uploads\/2018\/07\/carri%C3%B3.jpg?resize=525%2C300 1.5x"},"classes":[]},{"id":110876,"url":"https:\/\/www.24baires.com\/?p=110876","url_meta":{"origin":2387,"position":2},"title":"Diputado de Cambiemos quiere quitar la frase \u00ab30 mil desaparecidos\u00bb de las publicaciones oficiales","author":"AF","date":"20\/06\/2019","format":false,"excerpt":"La expresi\u00f3n se incluye por ley en todos los documentos de la provincia de Buenos Aires que refieran a hechos represivos. El que se opone es Guillermo Castello, quien responde a Elisa Carri\u00f3. Repudio de organismos de derechos humanos. Con el argumento de que \"violenta los valores de la Libertad\u2026","rel":"","context":"En \u00abSociedad\u00bb","block_context":{"text":"Sociedad","link":"https:\/\/www.24baires.com\/?cat=1"},"img":{"alt_text":"","src":"https:\/\/i0.wp.com\/www.24baires.com\/wp-content\/uploads\/2019\/06\/castello.jpg?resize=350%2C200","width":350,"height":200,"srcset":"https:\/\/i0.wp.com\/www.24baires.com\/wp-content\/uploads\/2019\/06\/castello.jpg?resize=350%2C200 1x, https:\/\/i0.wp.com\/www.24baires.com\/wp-content\/uploads\/2019\/06\/castello.jpg?resize=525%2C300 1.5x"},"classes":[]},{"id":57436,"url":"https:\/\/www.24baires.com\/?p=57436","url_meta":{"origin":2387,"position":3},"title":"Carri\u00f3 no est\u00e1 loca, es s\u00f3lo una Agente de Caos","author":"GB","date":"20\/11\/2014","format":false,"excerpt":"Cada tanto hay un eclipse, cada tanto llega el Mundial de f\u00fatbol, cada tanto las hojas se caen de los \u00e1rboles que las ver\u00e1n renacer con el tiempo y, cada tanto, Carri\u00f3 abandona un partido pol\u00edtico o un frente electoral que ayud\u00f3 a construir. Es c\u00edclico. No sorprende, ser\u00eda como\u2026","rel":"","context":"En \u00abOpini\u00f3n\u00bb","block_context":{"text":"Opini\u00f3n","link":"https:\/\/www.24baires.com\/?cat=64"},"img":{"alt_text":"carrio","src":"https:\/\/i0.wp.com\/www.24baires.com\/wp-content\/uploads\/2012\/10\/carrio.jpg?resize=350%2C200","width":350,"height":200,"srcset":"https:\/\/i0.wp.com\/www.24baires.com\/wp-content\/uploads\/2012\/10\/carrio.jpg?resize=350%2C200 1x, https:\/\/i0.wp.com\/www.24baires.com\/wp-content\/uploads\/2012\/10\/carrio.jpg?resize=525%2C300 1.5x"},"classes":[]},{"id":111654,"url":"https:\/\/www.24baires.com\/?p=111654","url_meta":{"origin":2387,"position":4},"title":"Carri\u00f3: \u00ab\u00a1De Olivos nos van a sacar muertos!\u00bb","author":"AF","date":"15\/08\/2019","format":false,"excerpt":"En la reuni\u00f3n del gabinete ampliado, Elisa Carri\u00f3 atribuy\u00f3 la derrota electoral de Macri a que \"hay muchos tentados en volver a la comodidad del dictador. Del Fara\u00f3n. O la Faraona\". Despu\u00e9s dijo que Alberto Fern\u00e1ndez es \"ordinario\". Tambi\u00e9n se despach\u00f3 contra los miembros del oficialismo: \"No se borren, los\u2026","rel":"","context":"En \u00abPol\u00edtica\u00bb","block_context":{"text":"Pol\u00edtica","link":"https:\/\/www.24baires.com\/?cat=51"},"img":{"alt_text":"","src":"https:\/\/i0.wp.com\/www.24baires.com\/wp-content\/uploads\/2019\/08\/carrio.jpg?resize=350%2C200","width":350,"height":200,"srcset":"https:\/\/i0.wp.com\/www.24baires.com\/wp-content\/uploads\/2019\/08\/carrio.jpg?resize=350%2C200 1x, https:\/\/i0.wp.com\/www.24baires.com\/wp-content\/uploads\/2019\/08\/carrio.jpg?resize=525%2C300 1.5x"},"classes":[]},{"id":21629,"url":"https:\/\/www.24baires.com\/?p=21629","url_meta":{"origin":2387,"position":5},"title":"La se\u00f1ora que amaba a la Rep\u00fablica","author":"AF","date":"22\/04\/2013","format":false,"excerpt":"\u201c\u00bfTe acord\u00e1s, hermano, qu\u00e9 tiempos aqu\u00e9llos?\u201d, pregunta el tango. Y qu\u00e9 tiempos eran esos, cuando en \u00e9poca de crisis Elisa Carri\u00f3 bregaba por la consolidaci\u00f3n de las instituciones, cuando dec\u00eda ser la defensora de la Rep\u00fablica, cuando, justamente, se arrogaba para s\u00ed el t\u00edtulo de republicana y hasta publicaba libros\u2026","rel":"","context":"En \u00abOpini\u00f3n\u00bb","block_context":{"text":"Opini\u00f3n","link":"https:\/\/www.24baires.com\/?cat=64"},"img":{"alt_text":"carrio","src":"https:\/\/i0.wp.com\/www.24baires.com\/wp-content\/uploads\/2012\/10\/carrio.jpg?resize=350%2C200","width":350,"height":200,"srcset":"https:\/\/i0.wp.com\/www.24baires.com\/wp-content\/uploads\/2012\/10\/carrio.jpg?resize=350%2C200 1x, https:\/\/i0.wp.com\/www.24baires.com\/wp-content\/uploads\/2012\/10\/carrio.jpg?resize=525%2C300 1.5x"},"classes":[]}],"jetpack_sharing_enabled":true,"jetpack_likes_enabled":true,"_links":{"self":[{"href":"https:\/\/www.24baires.com\/index.php?rest_route=\/wp\/v2\/posts\/2387","targetHints":{"allow":["GET"]}}],"collection":[{"href":"https:\/\/www.24baires.com\/index.php?rest_route=\/wp\/v2\/posts"}],"about":[{"href":"https:\/\/www.24baires.com\/index.php?rest_route=\/wp\/v2\/types\/post"}],"author":[{"embeddable":true,"href":"https:\/\/www.24baires.com\/index.php?rest_route=\/wp\/v2\/users\/4"}],"replies":[{"embeddable":true,"href":"https:\/\/www.24baires.com\/index.php?rest_route=%2Fwp%2Fv2%2Fcomments&post=2387"}],"version-history":[{"count":0,"href":"https:\/\/www.24baires.com\/index.php?rest_route=\/wp\/v2\/posts\/2387\/revisions"}],"wp:attachment":[{"href":"https:\/\/www.24baires.com\/index.php?rest_route=%2Fwp%2Fv2%2Fmedia&parent=2387"}],"wp:term":[{"taxonomy":"category","embeddable":true,"href":"https:\/\/www.24baires.com\/index.php?rest_route=%2Fwp%2Fv2%2Fcategories&post=2387"},{"taxonomy":"post_tag","embeddable":true,"href":"https:\/\/www.24baires.com\/index.php?rest_route=%2Fwp%2Fv2%2Ftags&post=2387"}],"curies":[{"name":"wp","href":"https:\/\/api.w.org\/{rel}","templated":true}]}}