{"id":23854,"date":"2013-05-19T11:10:28","date_gmt":"2013-05-19T14:10:28","guid":{"rendered":"http:\/\/www.24baires.com\/?p=23854"},"modified":"2013-05-19T11:10:28","modified_gmt":"2013-05-19T14:10:28","slug":"ha-muerto-la-muerte","status":"publish","type":"post","link":"https:\/\/www.24baires.com\/?p=23854","title":{"rendered":"Ha Muerto la Muerte"},"content":{"rendered":"<p><img data-recalc-dims=\"1\" loading=\"lazy\" decoding=\"async\" class=\"aligncenter size-full wp-image-23855\" alt=\"muerte muerta\" src=\"https:\/\/i0.wp.com\/www.24baires.com\/wp-content\/uploads\/2013\/05\/muerte-muerta.jpg?resize=560%2C315\" width=\"560\" height=\"315\" srcset=\"https:\/\/i0.wp.com\/www.24baires.com\/wp-content\/uploads\/2013\/05\/muerte-muerta.jpg?w=560&amp;ssl=1 560w, https:\/\/i0.wp.com\/www.24baires.com\/wp-content\/uploads\/2013\/05\/muerte-muerta.jpg?resize=300%2C168&amp;ssl=1 300w\" sizes=\"auto, (max-width: 560px) 100vw, 560px\" \/><\/p>\n<p>Me han contado que eso dijeron cuando el dictador Franco dej\u00f3 este mundo, ha muerto la Muerte. Esas fueron las primeras palabras que cruzaron mi mente el viernes por la ma\u00f1ana al leer que Jorge Rafael Videla ya no viv\u00eda m\u00e1s.<!--more--><\/p>\n<p>\u00c9l podr\u00e1 tener lo que miles nunca tuvieron por su culpa, un tumba, una l\u00e1pida con su nombre y fecha cierta de su partida. Su familia podr\u00e1 tener lo que miles de familias por su culpa nunca tuvieron, la certeza de saber qu\u00e9 pas\u00f3 con \u00e9l. Y la familia y amigos de Videla tambi\u00e9n tendr\u00e1n esa tumba, como punto final, cosa que tampoco tuvieron ni tienen las Madres y dem\u00e1s familiares, que no pueden llevarles una flor a sus seres queridos, los desaparecidos por \u00e9l.<\/p>\n<p>Ayer le\u00ed y escuch\u00e9 a muchos repartir infiernos con alegr\u00eda y bronca y no es una cuesti\u00f3n de credos, o la falta de ellos, es que lo \u00fanico que nos serv\u00eda era repartir justicia. Y se hizo. Videla muri\u00f3 preso se\u00f1ores, se\u00f1oras. Videla muri\u00f3 repudiado por la sociedad. Aunque yo hubiera querido que cumpla su a\u00f1osa condena en una c\u00e1rcel com\u00fan hasta el \u00faltimo minuto de su sentencia, no se pudo.<\/p>\n<p>Pero hay algo que debemos tener en claro. Videla, genocida sin culpa ni arrepentimiento, como buen genocida, crey\u00f3 que ser\u00eda recordado como un padre de la patria, como un h\u00e9roe que luch\u00f3 por la Argentina, pero pudo saber en vida y a ciencia cierta que no ser\u00eda as\u00ed. \u00c9l sab\u00eda que ser\u00eda recordado por la Historia como el monstruo sanguinario y cruel que en verdad era. Lo sab\u00eda. Como lo sabemos nosotros. Es la Memoria, mis amigos, es la Memoria. Gracias a la Memoria.<\/p>\n<p>Yo le digo hasta nunca a Videla. Y quiero decirle hasta nunca a la Argentina de Videla, la que era para unos pocos, la que gener\u00f3 las peores deudas, la que tortur\u00f3, vej\u00f3 y mat\u00f3 a miles sin pensarlo dos veces. La que defendi\u00f3 los intereses de las corporaciones. La que rompi\u00f3 los lazos sociales y sembr\u00f3 el miedo, lo reg\u00f3 y lo vio florecer. A esa Argentina, que no es la m\u00eda, a esa Argentina que poco a poco fuimos dejando atr\u00e1s pero que se resiste a vivir s\u00f3lo en la Memoria de nuestro pueblo y quiere volver, cada tanto, a esa yo le quiero decir hasta nunca, como al dictador siniestro que ya muri\u00f3.<\/p>\n<p>Para eso todav\u00eda necesitamos Verdad y Justicia, una Justicia democr\u00e1tica y plural. Para eso necesitamos cuidar la Memoria, regarla, como ellos regaban el miedo, nosotros debemos protegerla y apuntalarla siempre, porque la \u00fanica forma de no repetir el pasado, ese pasado, es siendo un pueblo memorioso. Porque aun hay muchos dando vuelta impunes por all\u00ed, muchos que se hicieron ricos con Videla, que se hicieron poderosos y aun lo son. Muchos que funcionaron y funcionan como c\u00f3mplices necesarios de esa \u00e9poca negra, la m\u00e1s oscura. A ellos s\u00ed se les muri\u00f3 un h\u00e9roe. A ellos les digo que nosotros no olvidamos nunca, nada. A ellos, los tristes de hoy, los que si tienen tumba que visitar dolidos, les digo que aunque todav\u00eda se pasean vestidos de impunidad, los memoriosos no perdonamos y no nos reconciliamos, por eso a donde vayan los iremos a buscar.<\/p>\n<p>&nbsp;<\/p>\n<p>&nbsp;<\/p>\n<p>&nbsp;<\/p>\n<p>&nbsp;<\/p>\n","protected":false},"excerpt":{"rendered":"<p>Me han contado que eso dijeron cuando el dictador Franco dej\u00f3 este mundo, ha muerto la Muerte. Esas fueron las primeras palabras que cruzaron mi mente el viernes por la ma\u00f1ana al leer que Jorge Rafael Videla ya no viv\u00eda m\u00e1s.<\/p>\n","protected":false},"author":11,"featured_media":0,"comment_status":"open","ping_status":"open","sticky":false,"template":"","format":"standard","meta":{"_jetpack_newsletter_access":"","_jetpack_dont_email_post_to_subs":false,"_jetpack_newsletter_tier_id":0,"_jetpack_memberships_contains_paywalled_content":false,"_jetpack_memberships_contains_paid_content":false,"footnotes":""},"categories":[64],"tags":[],"class_list":["post-23854","post","type-post","status-publish","format-standard","hentry","category-opinion"],"jetpack_featured_media_url":"","jetpack_shortlink":"https:\/\/wp.me\/p2JWE0-6cK","jetpack-related-posts":[{"id":23768,"url":"https:\/\/www.24baires.com\/?p=23768","url_meta":{"origin":23854,"position":0},"title":"Tanto la oposici\u00f3n como el oficialismo remarcaron que Videla muri\u00f3 en la c\u00e1rcel","author":"AF","date":"17\/05\/2013","format":false,"excerpt":"A trav\u00e9s de Twitter, dirigentes de distintas espacios pol\u00edticos se refirieron al fallecimiento del represor y valoraron que haya muerto en la c\u00e1rcel, luego de haber sido juzgado por la Justicia. \"La muerte de Videla despierta el dolor por los que \u00e9l mando a matar y torturar pero no muri\u00f3\u2026","rel":"","context":"En \u00abSociedad\u00bb","block_context":{"text":"Sociedad","link":"https:\/\/www.24baires.com\/?cat=1"},"img":{"alt_text":"38919_1","src":"https:\/\/i0.wp.com\/www.24baires.com\/wp-content\/uploads\/2013\/05\/38919_1-300x190.jpg?resize=350%2C200","width":350,"height":200},"classes":[]},{"id":23734,"url":"https:\/\/www.24baires.com\/?p=23734","url_meta":{"origin":23854,"position":1},"title":"P\u00e9rez Esquivel: \u201cLa muerte de Videla no debe alegrar a nadie\u201d","author":"AF","date":"17\/05\/2013","format":false,"excerpt":"El premio N\u00f3bel de la Paz, Adolfo P\u00e9rez Esquivel calific\u00f3 a Jorge Rafael Videla, quien muri\u00f3 esta madrugada, como \u201cun hombre que ha pasado por la vida haciendo mucho da\u00f1o y ha traicionado los valores de todo un pa\u00eds\u201d. Sin embargo, el activista de Derechos Humanos afirm\u00f3 que no le\u2026","rel":"","context":"En \u00abSociedad\u00bb","block_context":{"text":"Sociedad","link":"https:\/\/www.24baires.com\/?cat=1"},"img":{"alt_text":"p\u00e9rez esquivel","src":"https:\/\/i0.wp.com\/www.24baires.com\/wp-content\/uploads\/2012\/12\/p%C3%A9rez-esquivel.jpg?resize=350%2C200","width":350,"height":200},"classes":[]},{"id":44929,"url":"https:\/\/www.24baires.com\/?p=44929","url_meta":{"origin":23854,"position":2},"title":"Catarsis","author":"Grupo Sierra","date":"28\/04\/2014","format":false,"excerpt":"(Por Juan Marco Candeloro*) Mi padre podr\u00eda haber sido un muerto en dictadura, pero no, es un desaparecido. Yo podr\u00eda tener un lugar donde llevarle flores, llorarlo, pero no, es un desaparecido. No est\u00e1 ni vivo, ni muerto, es un ente, un desaparecido. As\u00ed lo quiso el Juez Pedro Federico\u2026","rel":"","context":"En \u00abMemoria\u00bb","block_context":{"text":"Memoria","link":"https:\/\/www.24baires.com\/?cat=50"},"img":{"alt_text":"candeloro2","src":"https:\/\/i0.wp.com\/www.24baires.com\/wp-content\/uploads\/2014\/04\/candeloro2-241x300.jpg?resize=350%2C200","width":350,"height":200},"classes":[]},{"id":102420,"url":"https:\/\/www.24baires.com\/?p=102420","url_meta":{"origin":23854,"position":3},"title":"Debate por el aborto: la diputada \u00abdel bebito\u00bb minimiz\u00f3 la violaci\u00f3n","author":"AF","date":"29\/05\/2018","format":false,"excerpt":"Mariana Rodriguez Varela habl\u00f3 en las audiencias donde se debate el proyecto de ley de interrupci\u00f3n del embarazo y, adem\u00e1s de realizar controvertidas declaraciones, expuso a una nena de 12 a\u00f1os. Mariana Rodr\u00edguez Varela, a quien en las redes la conocen como \u201cla loca del bebito\u201d por repartir fetos de\u2026","rel":"","context":"En \u00abSociedad\u00bb","block_context":{"text":"Sociedad","link":"https:\/\/www.24baires.com\/?cat=1"},"img":{"alt_text":"","src":"https:\/\/i0.wp.com\/www.24baires.com\/wp-content\/uploads\/2018\/05\/mariana-rodr%C3%ADguez-varela.jpg?resize=350%2C200","width":350,"height":200,"srcset":"https:\/\/i0.wp.com\/www.24baires.com\/wp-content\/uploads\/2018\/05\/mariana-rodr%C3%ADguez-varela.jpg?resize=350%2C200 1x, https:\/\/i0.wp.com\/www.24baires.com\/wp-content\/uploads\/2018\/05\/mariana-rodr%C3%ADguez-varela.jpg?resize=525%2C300 1.5x"},"classes":[]},{"id":23729,"url":"https:\/\/www.24baires.com\/?p=23729","url_meta":{"origin":23854,"position":4},"title":"Scioli sobre la muerte de Videla: \u201cFue el s\u00edmbolo del terrorismo de Estado\u201d","author":"AF","date":"17\/05\/2013","format":false,"excerpt":"El gobernador Daniel Scioli se expres\u00f3 hoy sobre la muerte de Jorge Rafael Videla como quien represent\u00f3 \u201cel s\u00edmbolo de la dictadura, del terrorismo de Estado, de a\u00f1os tr\u00e1gicos para la Argentina desde el punto de vista humanitario por los desaparecidos, por lo institucional, econ\u00f3mico y social\u201d. \u201cEsta es mi\u2026","rel":"","context":"En \u00abSociedad\u00bb","block_context":{"text":"Sociedad","link":"https:\/\/www.24baires.com\/?cat=1"},"img":{"alt_text":"","src":"","width":0,"height":0},"classes":[]},{"id":101196,"url":"https:\/\/www.24baires.com\/?p=101196","url_meta":{"origin":23854,"position":5},"title":"Mor\u00f3n: el exmarido de Vidal mand\u00f3 a borrar los pa\u00f1uelos de las Madres","author":"AF","date":"21\/03\/2018","format":false,"excerpt":"El intendente de Mor\u00f3n, Ramiro Tagliaferro, mand\u00f3 a borrar los pa\u00f1uelos pintados en el acceso a la Casa de la Memoria y la Vida, en el ex centro clandestino de detenci\u00f3n Mansi\u00f3n Ser\u00e9, en Castelar. Bronca e indignaci\u00f3n caus\u00f3 la decisi\u00f3n del ex marido de la gobernadora de la Provincia\u2026","rel":"","context":"En \u00abLocales\u00bb","block_context":{"text":"Locales","link":"https:\/\/www.24baires.com\/?cat=38"},"img":{"alt_text":"","src":"https:\/\/i0.wp.com\/www.24baires.com\/wp-content\/uploads\/2018\/03\/pa%C3%B1uelos-mor%C3%B3n.jpg?resize=350%2C200","width":350,"height":200,"srcset":"https:\/\/i0.wp.com\/www.24baires.com\/wp-content\/uploads\/2018\/03\/pa%C3%B1uelos-mor%C3%B3n.jpg?resize=350%2C200 1x, https:\/\/i0.wp.com\/www.24baires.com\/wp-content\/uploads\/2018\/03\/pa%C3%B1uelos-mor%C3%B3n.jpg?resize=525%2C300 1.5x"},"classes":[]}],"jetpack_sharing_enabled":true,"jetpack_likes_enabled":true,"_links":{"self":[{"href":"https:\/\/www.24baires.com\/index.php?rest_route=\/wp\/v2\/posts\/23854","targetHints":{"allow":["GET"]}}],"collection":[{"href":"https:\/\/www.24baires.com\/index.php?rest_route=\/wp\/v2\/posts"}],"about":[{"href":"https:\/\/www.24baires.com\/index.php?rest_route=\/wp\/v2\/types\/post"}],"author":[{"embeddable":true,"href":"https:\/\/www.24baires.com\/index.php?rest_route=\/wp\/v2\/users\/11"}],"replies":[{"embeddable":true,"href":"https:\/\/www.24baires.com\/index.php?rest_route=%2Fwp%2Fv2%2Fcomments&post=23854"}],"version-history":[{"count":1,"href":"https:\/\/www.24baires.com\/index.php?rest_route=\/wp\/v2\/posts\/23854\/revisions"}],"predecessor-version":[{"id":23856,"href":"https:\/\/www.24baires.com\/index.php?rest_route=\/wp\/v2\/posts\/23854\/revisions\/23856"}],"wp:attachment":[{"href":"https:\/\/www.24baires.com\/index.php?rest_route=%2Fwp%2Fv2%2Fmedia&parent=23854"}],"wp:term":[{"taxonomy":"category","embeddable":true,"href":"https:\/\/www.24baires.com\/index.php?rest_route=%2Fwp%2Fv2%2Fcategories&post=23854"},{"taxonomy":"post_tag","embeddable":true,"href":"https:\/\/www.24baires.com\/index.php?rest_route=%2Fwp%2Fv2%2Ftags&post=23854"}],"curies":[{"name":"wp","href":"https:\/\/api.w.org\/{rel}","templated":true}]}}