{"id":23848,"date":"2013-05-18T09:51:50","date_gmt":"2013-05-18T12:51:50","guid":{"rendered":"http:\/\/www.24baires.com\/?p=23848"},"modified":"2013-05-19T11:58:05","modified_gmt":"2013-05-19T14:58:05","slug":"de-la-sota-dice-defender-la-libertad-de-expresion-y-clausuro-la-tv-digital","status":"publish","type":"post","link":"https:\/\/www.24baires.com\/?p=23848","title":{"rendered":"\u00abDe la Sota dice defender la libertad de expresi\u00f3n y clausur\u00f3 la TV Digital\u00bb"},"content":{"rendered":"<p>El presidente de los Servicios de Radio y Televisi\u00f3n de la Universidad Nacional de C\u00f3rdoba, Esteban Falc\u00f3n, asegur\u00f3 que el gobernador \u00abdice defender la libertad de expresi\u00f3n pero no duda en clausurar las estaciones de televisi\u00f3n digital\u00bb.<!--more--><\/p>\n<p>De esta manera, Falc\u00f3n se refiri\u00f3 al decreto que dio a conocer ayer el gobernador en el que, al igual que el emitido por el jefe de Gobierno porte\u00f1o Mauricio Macri, indic\u00f3 que pretende garantizar la libertad de prensa y expresi\u00f3n en C\u00f3rdoba que \u00abalcanza a todos los medios de la provincia\u00bb, al anunciar una medida contrapuesta con la Ley de Medios sancionada por el Congreso de la Naci\u00f3n.<\/p>\n<p>En ese sentido, Falc\u00f3n tambi\u00e9n apunt\u00f3 que el gobernador cordob\u00e9s \u00abutiliza la profusa pauta oficial para condicionar o castigar a los medios que continuamos haciendo periodismo y no seguidismo\u00bb.<\/p>\n<p>\u00abLa defensa cerrada y a cualquier precio que realizan los medios dominantes de sus negocios y privilegios frente a la aplicaci\u00f3n plena de la ley de medios intenta modificar el concepto de pluralismo informativo\u00bb, se\u00f1al\u00f3 el presidente de los Servicios de Radio y Televisi\u00f3n de la Universidad de C\u00f3rdoba.<\/p>\n<p>Y agreg\u00f3 que \u00ablos que no son rabiosamente anti-k no son plurales y los que ejercemos un verdadero pluralismo somos medios `adictos` o `cooptados` por el gobierno\u00bb.<\/p>\n<p>\u00abUn gobierno que se impuso en las \u00faltimas elecciones por un 54% de los votos y que se pretende que tenga la palabra prohibida en los medios de comunicaci\u00f3n\u00bb, asegur\u00f3 en referencia al gobierno nacional.<\/p>\n<p>Asimismo destac\u00f3 que \u00abeste es el mismo gobernador que levant\u00f3 la pauta oficial de nuestros medios en febrero pasado y que se niega a acordar una forma de pago de la deuda que mantiene con los SRT por m\u00e1s de $10 millones\u00bb.<\/p>\n<p>Por \u00faltimo, manifest\u00f3 que \u00abmientras contin\u00faa gastando profusamente el enorme presupuesto que posee para publicidad en el resto de los medios radiales y televisivos de la provincia que manejan este extra\u00f1o concepto de pluralismo\u00bb.<\/p>\n<p>&nbsp;<\/p>\n<p>&nbsp;<\/p>\n<p>&nbsp;<\/p>\n<p>&nbsp;<\/p>\n<p>&nbsp;<\/p>\n<p>&nbsp;<\/p>\n<p>&nbsp;<\/p>\n<p>&nbsp;<\/p>\n<p>&nbsp;<\/p>\n<p>&nbsp;<\/p>\n<p>&nbsp;<\/p>\n<p>&nbsp;<\/p>\n","protected":false},"excerpt":{"rendered":"<p>El presidente de los Servicios de Radio y Televisi\u00f3n de la Universidad Nacional de C\u00f3rdoba, Esteban Falc\u00f3n, asegur\u00f3 que el gobernador \u00abdice defender la libertad de expresi\u00f3n pero no duda en clausurar las estaciones de televisi\u00f3n digital\u00bb.<\/p>\n","protected":false},"author":11,"featured_media":0,"comment_status":"open","ping_status":"open","sticky":false,"template":"","format":"standard","meta":{"_jetpack_newsletter_access":"","_jetpack_dont_email_post_to_subs":false,"_jetpack_newsletter_tier_id":0,"_jetpack_memberships_contains_paywalled_content":false,"_jetpack_memberships_contains_paid_content":false,"footnotes":""},"categories":[54,51],"tags":[],"class_list":["post-23848","post","type-post","status-publish","format-standard","hentry","category-medios","category-politica"],"jetpack_featured_media_url":"","jetpack_shortlink":"https:\/\/wp.me\/p2JWE0-6cE","jetpack-related-posts":[{"id":14275,"url":"https:\/\/www.24baires.com\/?p=14275","url_meta":{"origin":23848,"position":0},"title":"Casi todos los canales nacionales coincidieron en la \u00abinconstitucionalidad\u00bb de la medida","author":"Grupo Sierra","date":"01\/02\/2013","format":false,"excerpt":"Lo hicieron a trav\u00e9s de una solicitada publicada en los principales matutinos nacionales, en la cual alertaron tambi\u00e9n sobre el \"grave ataque a la libertad de expresi\u00f3n\" que constituye la medida del Gobernador De la Sota de clausurar cinco antenas de la Televisi\u00f3n Abierta Digital en la Provincia de C\u00f3rdoba.\u2026","rel":"","context":"En \u00abMedios\u00bb","block_context":{"text":"Medios","link":"https:\/\/www.24baires.com\/?cat=54"},"img":{"alt_text":"","src":"","width":0,"height":0},"classes":[]},{"id":13924,"url":"https:\/\/www.24baires.com\/?p=13924","url_meta":{"origin":23848,"position":1},"title":"Intendentes cordobeses repudian la decisi\u00f3n de De la Sota de clausurar antenas de TDA","author":"AF","date":"29\/01\/2013","format":false,"excerpt":"Los 67 intendentes que integran la `Mesa de Intendentes y Presidentes de Comuna junto al Proyecto Nacional y Popular` manifestaron su \u201cen\u00e9rgico repudio\u201d a la decisi\u00f3n de Jos\u00e9 Manuel de la Sota de clausurar antenas de transmisi\u00f3n de TDA. El sector pidi\u00f3 al mandatario provincial, mediante un documento, que \u201ccambie\u2026","rel":"","context":"En \u00abMedios\u00bb","block_context":{"text":"Medios","link":"https:\/\/www.24baires.com\/?cat=54"},"img":{"alt_text":"","src":"","width":0,"height":0},"classes":[]},{"id":23789,"url":"https:\/\/www.24baires.com\/?p=23789","url_meta":{"origin":23848,"position":2},"title":"De la Sota imita a Macri y saca su propio DNU de &#8216;protecci\u00f3n a la libertad de expresi\u00f3n&#8217;","author":"AF","date":"18\/05\/2013","format":false,"excerpt":"El gobernador Jos\u00e9 Manuel de la Sota anunci\u00f3 la firma de un decreto, similar al emitido por el jefe de Gobierno porte\u00f1o Mauricio Macri, con el presunto objetivo de garantizar la libertad de prensa y expresi\u00f3n en C\u00f3rdoba que \"alcanza a todos los medios de la provincia\". El instrumento, firmado\u2026","rel":"","context":"En \u00abMedios\u00bb","block_context":{"text":"Medios","link":"https:\/\/www.24baires.com\/?cat=54"},"img":{"alt_text":"de-la-sota1","src":"https:\/\/i0.wp.com\/www.24baires.com\/wp-content\/uploads\/2013\/05\/de-la-sota1-300x210.jpg?resize=350%2C200","width":350,"height":200},"classes":[]},{"id":15350,"url":"https:\/\/www.24baires.com\/?p=15350","url_meta":{"origin":23848,"position":3},"title":"La Justicia se expedir\u00e1 sobre la cautelar contra la clausura de antenas en C\u00f3rdoba","author":"AF","date":"11\/02\/2013","format":false,"excerpt":"La Justicia Federal de C\u00f3rdoba podr\u00eda expedirse esta semana sobre la medida cautelar promovida contra las clausuras de las antenas de transmisi\u00f3n de la Televisi\u00f3n Digital Abierta (TDA), dispuestas por el gobernador Jos\u00e9 Manuel de la Sota. As\u00ed lo manifest\u00f3 esta ma\u00f1ana el delegado local de la Autoridad Federal del\u2026","rel":"","context":"En \u00abMedios\u00bb","block_context":{"text":"Medios","link":"https:\/\/www.24baires.com\/?cat=54"},"img":{"alt_text":"","src":"","width":0,"height":0},"classes":[]},{"id":14743,"url":"https:\/\/www.24baires.com\/?p=14743","url_meta":{"origin":23848,"position":4},"title":"Sabbatella: \u00abDe la Sota no tiene derecho a dejar a los cordobeses cautivos de la TV paga\u00bb","author":"AF","date":"05\/02\/2013","format":false,"excerpt":"El titular de la Afsca, Mart\u00edn Sabbatella, cuestion\u00f3 al gobernador cordob\u00e9s Jos\u00e9 Manuel de la Sota, ya que en el mismo predio en el que clausur\u00f3 una antena de Arsat, permite que funcione una antena de Cablevisi\u00f3n\u201d. Respecto de la decisi\u00f3n del mandatario provincial de clausurar cinco antenas de Televisi\u00f3n\u2026","rel":"","context":"En \u00abMedios\u00bb","block_context":{"text":"Medios","link":"https:\/\/www.24baires.com\/?cat=54"},"img":{"alt_text":"","src":"","width":0,"height":0},"classes":[]},{"id":13839,"url":"https:\/\/www.24baires.com\/?p=13839","url_meta":{"origin":23848,"position":5},"title":"El Intendente de Villa Mar\u00eda qued\u00f3 pasmado con la clausura de la TV Digital por De la Sota","author":"Grupo Sierra","date":"28\/01\/2013","format":false,"excerpt":"Eduardo Accastello dijo estar \"azorado\" por la decisi\u00f3n del gobernador Jos\u00e9 Manuel de la Sota de disponer la clausura de la antena de TV Digital en esa localidad cordobesa.\u00a0En este sentido, el jefe comunal adelant\u00f3 que la Municipalidad acompa\u00f1ar\u00e1 una presentaci\u00f3n que realizar\u00e1 ma\u00f1ana ante la Justicia un grupo de\u2026","rel":"","context":"En \u00abMedios\u00bb","block_context":{"text":"Medios","link":"https:\/\/www.24baires.com\/?cat=54"},"img":{"alt_text":"","src":"","width":0,"height":0},"classes":[]}],"jetpack_sharing_enabled":true,"jetpack_likes_enabled":true,"_links":{"self":[{"href":"https:\/\/www.24baires.com\/index.php?rest_route=\/wp\/v2\/posts\/23848","targetHints":{"allow":["GET"]}}],"collection":[{"href":"https:\/\/www.24baires.com\/index.php?rest_route=\/wp\/v2\/posts"}],"about":[{"href":"https:\/\/www.24baires.com\/index.php?rest_route=\/wp\/v2\/types\/post"}],"author":[{"embeddable":true,"href":"https:\/\/www.24baires.com\/index.php?rest_route=\/wp\/v2\/users\/11"}],"replies":[{"embeddable":true,"href":"https:\/\/www.24baires.com\/index.php?rest_route=%2Fwp%2Fv2%2Fcomments&post=23848"}],"version-history":[{"count":3,"href":"https:\/\/www.24baires.com\/index.php?rest_route=\/wp\/v2\/posts\/23848\/revisions"}],"predecessor-version":[{"id":23850,"href":"https:\/\/www.24baires.com\/index.php?rest_route=\/wp\/v2\/posts\/23848\/revisions\/23850"}],"wp:attachment":[{"href":"https:\/\/www.24baires.com\/index.php?rest_route=%2Fwp%2Fv2%2Fmedia&parent=23848"}],"wp:term":[{"taxonomy":"category","embeddable":true,"href":"https:\/\/www.24baires.com\/index.php?rest_route=%2Fwp%2Fv2%2Fcategories&post=23848"},{"taxonomy":"post_tag","embeddable":true,"href":"https:\/\/www.24baires.com\/index.php?rest_route=%2Fwp%2Fv2%2Ftags&post=23848"}],"curies":[{"name":"wp","href":"https:\/\/api.w.org\/{rel}","templated":true}]}}