{"id":23789,"date":"2013-05-18T10:00:40","date_gmt":"2013-05-18T13:00:40","guid":{"rendered":"http:\/\/www.24baires.com\/?p=23789"},"modified":"2013-05-19T17:55:56","modified_gmt":"2013-05-19T20:55:56","slug":"de-la-sota-imita-a-macri-y-saca-su-propio-dnu-de-proteccion-a-la-libertad-de-expresion","status":"publish","type":"post","link":"https:\/\/www.24baires.com\/?p=23789","title":{"rendered":"De la Sota imita a Macri y saca su propio DNU de &#8216;protecci\u00f3n a la libertad de expresi\u00f3n&#8217;"},"content":{"rendered":"<p><img data-recalc-dims=\"1\" loading=\"lazy\" decoding=\"async\" class=\"alignleft size-medium wp-image-23846\" alt=\"de-la-sota1\" src=\"https:\/\/i0.wp.com\/www.24baires.com\/wp-content\/uploads\/2013\/05\/de-la-sota1.jpg?resize=300%2C210\" width=\"300\" height=\"210\" srcset=\"https:\/\/i0.wp.com\/www.24baires.com\/wp-content\/uploads\/2013\/05\/de-la-sota1.jpg?resize=300%2C210&amp;ssl=1 300w, https:\/\/i0.wp.com\/www.24baires.com\/wp-content\/uploads\/2013\/05\/de-la-sota1.jpg?w=468&amp;ssl=1 468w\" sizes=\"auto, (max-width: 300px) 100vw, 300px\" \/><\/p>\n<p>El gobernador Jos\u00e9 Manuel de la Sota anunci\u00f3 la firma de un decreto, similar al emitido por el jefe de Gobierno porte\u00f1o Mauricio Macri, con el presunto objetivo de garantizar la libertad de prensa y expresi\u00f3n en C\u00f3rdoba que \u00abalcanza a todos los medios de la provincia\u00bb.<!--more--><br \/>\nEl instrumento, firmado en acuerdo de ministros, fue dado a conocer por el mandatario provincial en conferencia de prensa ofrecida en el Centro C\u00edvico Provincial y anticip\u00f3 que ser\u00e1 remitido a la Legislatura unicameral para su ratificaci\u00f3n.<\/p>\n<p>Apenas conocido el anuncio del gobernador De la Sota, el diputado kirchnerista, Fabi\u00e1n Francioni, dijo que \u201clo que tiene que hacer De la Sota y Macri es asegurar el cumplimiento de la Ley de Medios como instrumento supremo para garantizar la libertad de prensa y expresi\u00f3n\u201d.<\/p>\n<p>\u201cDe la Sota se burla de los cordobeses. Fue el primero en cercenar la vigencia de la pluralidad de voces clausurando las cinco antenas de la Televisi\u00f3n Digital P\u00fablica (TDA) para favorecer el negocio del Grupo Clar\u00edn\u201d, al permitir que con esas clausuras la \u00fanica operadora de las se\u00f1ales de televisi\u00f3n sean las de Cablevisi\u00f3n, record\u00f3 Francioni.<\/p>\n<p>Asimismo se\u00f1al\u00f3 que \u201cimpidi\u00f3 el funcionamiento\u201d del canal de la Universidad Nacional de R\u00edo Cuarto (UNRC), y consecuentemente \u201cfrustr\u00f3\u201d la puesta en el aire de contenidos producidos por el nodo de del Polo de Producci\u00f3n Audiovisual, contemplado en la Ley de Servicios de Comunicaci\u00f3n Audiovisual (Ley de Medios).<\/p>\n<p>El 1 de febrero de este a\u00f1o el titular de la Autoridad Federal de Servicios de Comunicaci\u00f3n Audivisual (Afsca), Mart\u00edn Sabbatella, tuvo que presentar un recurso de amparo en la Justicia Federal de C\u00f3rdoba para restituir las antenas de TDA clausuradas en las localidades de Leones, Malague\u00f1o, R\u00edo Cuarto, Villa Dolores y Villa Mar\u00eda, ya que las medidas restrictivas aplicadas por De la Sota incumpl\u00edan los art\u00edculos 1, 2 y 3 de la Ley de Medios, adem\u00e1s de los art\u00edculos 42 y 75 (inciso 19) de la Constituci\u00f3n Nacional.<\/p>\n<p>De la Sota dict\u00f3 el Decreto Provincial 525 en base a \u201clas potestades que est\u00e1n en manos de la provincia\u201d, citando al art\u00edculo 121 de la Constituci\u00f3n Nacional que se\u00f1ala que \u201clas provincias conservan todo el poder no delegado por esta Constituci\u00f3n al Gobierno federal, y el que expresamente se hayan reservado por pactos especiales al tiempo de su incorporaci\u00f3n\u201d.<\/p>\n<p>En el decreto que hoy emiti\u00f3 De la Sota sostiene que lo que se tiende con ese instrumento es \u201cgarantizar el pleno ejercicio de la libertad de expresi\u00f3n, opini\u00f3n y prensa para todos quienes pisen el territorio de la provincia de C\u00f3rdoba y ejerzan esas libertades dentro de los l\u00edmites fijados por la Constituci\u00f3n Nacional, los tratados internacionales que la integran, la Constituci\u00f3n de C\u00f3rdoba y dem\u00e1s normas que en su consecuencia se han dictado\u201d.<\/p>\n<p>En otro de los p\u00e1rrafos a\u00f1ade que \u201cla normativa dispone con amplitud todo un sistema protectorio que proh\u00edbe cualquier acto y\/o acci\u00f3n de cualquier naturaleza y cualquiera sea la autoridad de la que emane, que de manera directa o indirecta restrinja, altere o censure estas libertades\u201d.<\/p>\n<p>Tambi\u00e9n \u201cproh\u00edbe la ejecuci\u00f3n de actos administrativos que dispongan la intervenci\u00f3n, desapoderamiento, designaci\u00f3n de administradores y\/o veedores, etc. que de manera directa o indirecta tiendan a restringir o controlar medios de comunicaci\u00f3n o su participaci\u00f3n social\u201d.<\/p>\n<p>A la vez \u201climita las ejecuciones forzosas sobre bienes de periodistas y\/o medios de comunicaci\u00f3n por deudas derivadas de la actividad de prensa y proh\u00edbe las expropiaciones tanto de los medios de comunicaciones como de las participaciones sociales de \u00e9stos, en cuanto a los inmuebles de esos medios se fijan condiciones para su efectivizaci\u00f3n\u201d.<\/p>\n<p>El mandatario provincial, al dar lectura al instrumento, sostiene que \u201cest\u00e1 sustentada en la Constituci\u00f3n Nacional que en el art\u00edculo 14 consagra como derecho de todos los habitantes de la Naci\u00f3n el de publicar sus ideas por la prensa sin censura previa\u201d.<\/p>\n<p>Como parte de los fundamentos tambi\u00e9n cita el art\u00edculo 32 que dispone que el Congreso federal no dictar\u00e1 leyes que restrinjan la libertad de imprenta o establezcan sobre ella la jurisdicci\u00f3n federal; y por otra parte el art\u00edculo 121 que determina que las provincias conservan todo el poder no delegado por esta Constituci\u00f3n al Gobierno federal.<\/p>\n<p>Finalmente resalta que con este decreto \u201cel Gobierno de la Provincia de C\u00f3rdoba ejerce facultades propias teniendo en cuenta la necesidad y gravedad de las cuestiones de p\u00fablico y notorio conocimiento, que hoy demandan ejercer de inmediato el derecho de regular materias que le son propias para resguardar el pleno ejercicio de libertades constitucionales fundamentales de Expresi\u00f3n, Opini\u00f3n y Prensa\u201d.<\/p>\n<p>&nbsp;<\/p>\n<p>&nbsp;<\/p>\n<p>&nbsp;<\/p>\n<p>&nbsp;<\/p>\n<p>&nbsp;<\/p>\n<p>&nbsp;<\/p>\n<p>&nbsp;<\/p>\n<p>&nbsp;<\/p>\n<p>&nbsp;<\/p>\n<p>&nbsp;<\/p>\n<p>&nbsp;<\/p>\n<p>&nbsp;<\/p>\n<p>&nbsp;<\/p>\n<p>&nbsp;<\/p>\n<p>&nbsp;<\/p>\n<p>&nbsp;<\/p>\n<p>&nbsp;<\/p>\n<p>&nbsp;<\/p>\n<p>&nbsp;<\/p>\n<p>&nbsp;<\/p>\n<p>&nbsp;<\/p>\n<p>&nbsp;<\/p>\n","protected":false},"excerpt":{"rendered":"<p>El gobernador Jos\u00e9 Manuel de la Sota anunci\u00f3 la firma de un decreto, similar al emitido por el jefe de Gobierno porte\u00f1o Mauricio Macri, con el presunto objetivo de garantizar la libertad de prensa y expresi\u00f3n en C\u00f3rdoba que \u00abalcanza a todos los medios de la provincia\u00bb.<\/p>\n","protected":false},"author":4,"featured_media":0,"comment_status":"open","ping_status":"open","sticky":false,"template":"","format":"standard","meta":{"_jetpack_newsletter_access":"","_jetpack_dont_email_post_to_subs":false,"_jetpack_newsletter_tier_id":0,"_jetpack_memberships_contains_paywalled_content":false,"_jetpack_memberships_contains_paid_content":false,"footnotes":""},"categories":[54,51],"tags":[],"class_list":["post-23789","post","type-post","status-publish","format-standard","hentry","category-medios","category-politica"],"jetpack_featured_media_url":"","jetpack_shortlink":"https:\/\/wp.me\/p2JWE0-6bH","jetpack-related-posts":[{"id":23848,"url":"https:\/\/www.24baires.com\/?p=23848","url_meta":{"origin":23789,"position":0},"title":"\u00abDe la Sota dice defender la libertad de expresi\u00f3n y clausur\u00f3 la TV Digital\u00bb","author":"Grupo Sierra","date":"18\/05\/2013","format":false,"excerpt":"El presidente de los Servicios de Radio y Televisi\u00f3n de la Universidad Nacional de C\u00f3rdoba, Esteban Falc\u00f3n, asegur\u00f3 que el gobernador \"dice defender la libertad de expresi\u00f3n pero no duda en clausurar las estaciones de televisi\u00f3n digital\". De esta manera, Falc\u00f3n se refiri\u00f3 al decreto que dio a conocer ayer\u2026","rel":"","context":"En \u00abMedios\u00bb","block_context":{"text":"Medios","link":"https:\/\/www.24baires.com\/?cat=54"},"img":{"alt_text":"","src":"","width":0,"height":0},"classes":[]},{"id":23553,"url":"https:\/\/www.24baires.com\/?p=23553","url_meta":{"origin":23789,"position":1},"title":"\u00abMacri escribe y firma lo que le dicta Magnetto\u00bb, afirm\u00f3 Sabbatella","author":"AF","date":"14\/05\/2013","format":false,"excerpt":"El presidente de la Autoridad Federal de Servicios de Comunicaci\u00f3n Audiovisual manifest\u00f3 que el \"decreto de Macri no es a favor de la libertad de prensa sino a favor de Clar\u00edn\" porque \"le quiere crear un cerco de impunidad a la corporaci\u00f3n medi\u00e1tica\u201d. Luego de la conferencia de prensa en\u2026","rel":"","context":"En \u00abMedios\u00bb","block_context":{"text":"Medios","link":"https:\/\/www.24baires.com\/?cat=54"},"img":{"alt_text":"","src":"","width":0,"height":0},"classes":[]},{"id":36209,"url":"https:\/\/www.24baires.com\/?p=36209","url_meta":{"origin":23789,"position":2},"title":"De la Sota: \u00abFirmamos el acuerdo y los polic\u00edas vuelven al servicio\u00bb","author":"AF","date":"04\/12\/2013","format":false,"excerpt":"Luego de permanecer acuartelados durante un d\u00eda y medio, polic\u00edas de la provincia de C\u00f3rdoba llegaron a un acuerdo con el gobierno provincial y levantar\u00edan la medida de fuerza. As\u00ed lo anunci\u00f3 el gobernador Jos\u00e9 Manuel De la Sota en conferencia de prensa. Los efectivos hab\u00edan abandonado sus puestos desde\u2026","rel":"","context":"En \u00abPol\u00edtica\u00bb","block_context":{"text":"Pol\u00edtica","link":"https:\/\/www.24baires.com\/?cat=51"},"img":{"alt_text":"","src":"","width":0,"height":0},"classes":[]},{"id":118220,"url":"https:\/\/www.24baires.com\/?p=118220","url_meta":{"origin":23789,"position":3},"title":"Masivo repudio a la agresi\u00f3n de Macri en Dolores","author":"AF","date":"03\/11\/2021","format":false,"excerpt":"Diputados del Frente de Todos y trabajadores del canal de noticias C5N repudiaron el gesto agresivo que tuvo el expresidente cuando ingresaba a la sede de la Municipalidad de Dolores al quitarle el micr\u00f3fono al periodista de esa se\u00f1al que se encontraba en el lugar. Diputados del Frente de Todos\u2026","rel":"","context":"En \u00abPol\u00edtica\u00bb","block_context":{"text":"Pol\u00edtica","link":"https:\/\/www.24baires.com\/?cat=51"},"img":{"alt_text":"","src":"https:\/\/i0.wp.com\/www.24baires.com\/wp-content\/uploads\/2021\/11\/macri-ataca-c5n-2jpg.jpg?resize=350%2C200","width":350,"height":200,"srcset":"https:\/\/i0.wp.com\/www.24baires.com\/wp-content\/uploads\/2021\/11\/macri-ataca-c5n-2jpg.jpg?resize=350%2C200 1x, https:\/\/i0.wp.com\/www.24baires.com\/wp-content\/uploads\/2021\/11\/macri-ataca-c5n-2jpg.jpg?resize=525%2C300 1.5x"},"classes":[]},{"id":24917,"url":"https:\/\/www.24baires.com\/?p=24917","url_meta":{"origin":23789,"position":4},"title":"De la Sota se acerca a Mauricio Macri","author":"AF","date":"02\/06\/2013","format":false,"excerpt":"El gobernador cordob\u00e9s, Jos\u00e9 Manuel de la Sota, admiti\u00f3 ayer que en su provincia los peronistas estaban \u201cdispuestos\u201d a encarar conversaciones con el macrismo con miras a las elecciones legislativas y record\u00f3 que el PJ era \u201cun movimiento de puertas abiertas\u201d. A poco de se\u00f1alar que entre Mauricio Macri y\u2026","rel":"","context":"En \u00abPol\u00edtica\u00bb","block_context":{"text":"Pol\u00edtica","link":"https:\/\/www.24baires.com\/?cat=51"},"img":{"alt_text":"","src":"","width":0,"height":0},"classes":[]},{"id":14871,"url":"https:\/\/www.24baires.com\/?p=14871","url_meta":{"origin":23789,"position":5},"title":"De la Sota en el asado de Barrionuevo le mand\u00f3 un gui\u00f1o a Macri","author":"Grupo Sierra","date":"06\/02\/2013","format":false,"excerpt":"MAR DEL PLATA.- Mientras \"siembra el camino\" de cara a los comicios de 2015, el gobernador de C\u00f3rdoba dijo que \u201ces bueno que dirigentes de distintos partidos pol\u00edticos conversemos sobre c\u00f3mo arreglar los problemas que la gente tiene\u201d.\u00a0\u00a0Lo expres\u00f3 en el hotel Sasso de Mar del Plata, donde se llev\u00f3\u2026","rel":"","context":"En \u00abPol\u00edtica\u00bb","block_context":{"text":"Pol\u00edtica","link":"https:\/\/www.24baires.com\/?cat=51"},"img":{"alt_text":"","src":"","width":0,"height":0},"classes":[]}],"jetpack_sharing_enabled":true,"jetpack_likes_enabled":true,"_links":{"self":[{"href":"https:\/\/www.24baires.com\/index.php?rest_route=\/wp\/v2\/posts\/23789","targetHints":{"allow":["GET"]}}],"collection":[{"href":"https:\/\/www.24baires.com\/index.php?rest_route=\/wp\/v2\/posts"}],"about":[{"href":"https:\/\/www.24baires.com\/index.php?rest_route=\/wp\/v2\/types\/post"}],"author":[{"embeddable":true,"href":"https:\/\/www.24baires.com\/index.php?rest_route=\/wp\/v2\/users\/4"}],"replies":[{"embeddable":true,"href":"https:\/\/www.24baires.com\/index.php?rest_route=%2Fwp%2Fv2%2Fcomments&post=23789"}],"version-history":[{"count":3,"href":"https:\/\/www.24baires.com\/index.php?rest_route=\/wp\/v2\/posts\/23789\/revisions"}],"predecessor-version":[{"id":23898,"href":"https:\/\/www.24baires.com\/index.php?rest_route=\/wp\/v2\/posts\/23789\/revisions\/23898"}],"wp:attachment":[{"href":"https:\/\/www.24baires.com\/index.php?rest_route=%2Fwp%2Fv2%2Fmedia&parent=23789"}],"wp:term":[{"taxonomy":"category","embeddable":true,"href":"https:\/\/www.24baires.com\/index.php?rest_route=%2Fwp%2Fv2%2Fcategories&post=23789"},{"taxonomy":"post_tag","embeddable":true,"href":"https:\/\/www.24baires.com\/index.php?rest_route=%2Fwp%2Fv2%2Ftags&post=23789"}],"curies":[{"name":"wp","href":"https:\/\/api.w.org\/{rel}","templated":true}]}}