{"id":23752,"date":"2013-05-17T18:30:11","date_gmt":"2013-05-17T21:30:11","guid":{"rendered":"http:\/\/www.24baires.com\/?p=23752"},"modified":"2013-05-17T16:00:54","modified_gmt":"2013-05-17T19:00:54","slug":"el-cofeca-expreso-su-repudio-al-dnu-de-macri","status":"publish","type":"post","link":"https:\/\/www.24baires.com\/?p=23752","title":{"rendered":"El COFECA expres\u00f3 su repudio al DNU de Macri"},"content":{"rendered":"<p><img data-recalc-dims=\"1\" loading=\"lazy\" decoding=\"async\" class=\"alignleft size-medium wp-image-23753\" alt=\"COFECA\" src=\"https:\/\/i0.wp.com\/www.24baires.com\/wp-content\/uploads\/2013\/05\/COFECA.jpg?resize=300%2C190\" width=\"300\" height=\"190\" srcset=\"https:\/\/i0.wp.com\/www.24baires.com\/wp-content\/uploads\/2013\/05\/COFECA.jpg?resize=300%2C190&amp;ssl=1 300w, https:\/\/i0.wp.com\/www.24baires.com\/wp-content\/uploads\/2013\/05\/COFECA.jpg?w=315&amp;ssl=1 315w\" sizes=\"auto, (max-width: 300px) 100vw, 300px\" \/>El organismo que est\u00e1 integrado por representantes de doce provincias y de sectores sindicales, universitarios y ONG\u00b4s, expres\u00f3 su repudio contra el Decreto de Necesidad y Urgencia del jefe de Gobierno porte\u00f1o sobre la libertad de prensa. Consideraron que Macri \u00abofende una vez m\u00e1s las instituciones democr\u00e1ticas, al pretender sobrepasar los l\u00edmites de sus competencias\u00bb.<!--more--><\/p>\n<p>El Consejo Federal de Comunicaci\u00f3n Audiovisual (COFECA), expres\u00f3 su repudio contra el decreto del jefe de Gobierno porte\u00f1o, Mauricio Macri sobre libertad de prensa, por \u00abdesconocer la ley de servicios de comunicaci\u00f3n audiovisual y la estructura jur\u00eddica nacional\u00bb.<\/p>\n<p>Los representantes de las provincias en el COFECA expresaron en un comunicado \u00absu preocupaci\u00f3n y repudio a la medida del ejecutivo porte\u00f1o, que no solo desconoce la estructura legal de la Rep\u00fablica Argentina, establecida en la Constituci\u00f3n Nacional, sino que tambi\u00e9n contradice el esp\u00edritu democratizador de la Ley Federal de Comunicaci\u00f3n Audiovisual\u00bb.<\/p>\n<p>El organismo federal est\u00e1 integrado por representantes de las provincias de Catamarca, Chaco, Chubut, Entre R\u00edos, Jujuy, La Rioja, Mendoza, Misiones, R\u00edo Negro, Salta, Tierra del Fuego, Tucum\u00e1n y de sectores sindicales, universitarios, de organizaciones sin fines de lucro vinculados a la comunicaci\u00f3n audiovisual.<\/p>\n<p>Desde el organismo se\u00f1alaron que, con esta medida, Macri \u00abofende una vez m\u00e1s las instituciones democr\u00e1ticas, al pretender sobrepasar los l\u00edmites de sus competencias y omitir leyes nacionales de la democracia\u00bb.<\/p>\n<p>Al respecto, manifestaron que \u00abla libertad de expresi\u00f3n y de imprenta est\u00e1n debidamente garantizadas por la legislaci\u00f3n nacional vigente\u00bb.<\/p>\n<p>\u00abLa verdadera finalidad del DNU es brindar un marco de impunidad a los medios concentrados de comunicaci\u00f3n, en franca contradicci\u00f3n con el esp\u00edritu y la letra de la Ley de Servicios de Comunicaci\u00f3n Audiovisual emanada del Congreso Nacional, fruto de un profundo debate democr\u00e1tico\u00bb, sostuvieron.<\/p>\n<p>Los consejeros recordaron que el COFECA es el \u00e1mbito de participaci\u00f3n de las provincias y jurisdicciones en la pol\u00edtica de regulaci\u00f3n de los servicios de comunicaci\u00f3n audiovisual y que el Gobierno de la Ciudad no participa de dicho \u00f3rgano porque el Jefe de Gobierno porte\u00f1o a\u00fan no propuso un representante.<\/p>\n<p>As\u00ed se ignora la ley N\u00b0 26.522 y desoyendo una declaraci\u00f3n de la propia Legislatura de la CABA, de noviembre del a\u00f1o pasado, en la cual solicitaba su pronta incorporaci\u00f3n.<\/p>\n<p>&nbsp;<\/p>\n<p>&nbsp;<\/p>\n<p>&nbsp;<\/p>\n<p>&nbsp;<\/p>\n<p>&nbsp;<\/p>\n<p>&nbsp;<\/p>\n<p>&nbsp;<\/p>\n<p>&nbsp;<\/p>\n<p>&nbsp;<\/p>\n<p>&nbsp;<\/p>\n<p>&nbsp;<\/p>\n<p>&nbsp;<\/p>\n","protected":false},"excerpt":{"rendered":"<p>El organismo que est\u00e1 integrado por representantes de doce provincias y de sectores sindicales, universitarios y ONG\u00b4s, expres\u00f3 su repudio contra el Decreto de Necesidad y Urgencia del jefe de Gobierno porte\u00f1o sobre la libertad de prensa. Consideraron que Macri \u00abofende una vez m\u00e1s las instituciones democr\u00e1ticas, al pretender sobrepasar los l\u00edmites de sus competencias\u00bb.<\/p>\n","protected":false},"author":4,"featured_media":0,"comment_status":"open","ping_status":"open","sticky":false,"template":"","format":"standard","meta":{"_jetpack_newsletter_access":"","_jetpack_dont_email_post_to_subs":false,"_jetpack_newsletter_tier_id":0,"_jetpack_memberships_contains_paywalled_content":false,"_jetpack_memberships_contains_paid_content":false,"footnotes":""},"categories":[54,51],"tags":[],"class_list":["post-23752","post","type-post","status-publish","format-standard","hentry","category-medios","category-politica"],"jetpack_featured_media_url":"","jetpack_shortlink":"https:\/\/wp.me\/p2JWE0-6b6","jetpack-related-posts":[{"id":77995,"url":"https:\/\/www.24baires.com\/?p=77995","url_meta":{"origin":23752,"position":0},"title":"Mar del Plata: Justicia fall\u00f3 en contra del DNU de Macri para eliminar la AFSCA","author":"GB","date":"22\/01\/2016","format":false,"excerpt":"As\u00ed lo determin\u00f3 la justicia de la C\u00e1mara Federal de Mar del Plata y advirti\u00f3 que \"la entidad de los derechos constitucionales\" violados por los decretos presidenciales \"ameritan la apertura de la v\u00eda del amparo\". El decreto de Mauricio Macri que pidi\u00f3 la disoluci\u00f3n de la Autoridad Federal de Servicios\u2026","rel":"","context":"En \u00abMedios\u00bb","block_context":{"text":"Medios","link":"https:\/\/www.24baires.com\/?cat=54"},"img":{"alt_text":"afsca cordoba","src":"https:\/\/i0.wp.com\/www.24baires.com\/wp-content\/uploads\/2013\/02\/afsca-cordoba.jpg?resize=350%2C200","width":350,"height":200,"srcset":"https:\/\/i0.wp.com\/www.24baires.com\/wp-content\/uploads\/2013\/02\/afsca-cordoba.jpg?resize=350%2C200 1x, https:\/\/i0.wp.com\/www.24baires.com\/wp-content\/uploads\/2013\/02\/afsca-cordoba.jpg?resize=525%2C300 1.5x"},"classes":[]},{"id":1621,"url":"https:\/\/www.24baires.com\/?p=1621","url_meta":{"origin":23752,"position":1},"title":"Ley de Medios: \u00abHay sectores que quieren desconocer decisiones democr\u00e1ticas\u00bb","author":"AF","date":"10\/10\/2012","format":false,"excerpt":"Al cumplirse tres a\u00f1os de la ley, el titular del Consejo Federal de Comunicaci\u00f3n Audiovisual, Pedro B\u00e1ez, critic\u00f3 a los sectores que las desconocen . La Presidenta encabezar\u00e1 el acto por el aniversario. El flamante titular del Consejo Federal de Comunicaci\u00f3n Audiovisual (COFECA), Pedro B\u00e1ez, critic\u00f3 a los sectores que\u2026","rel":"","context":"En \u00abMedios\u00bb","block_context":{"text":"Medios","link":"https:\/\/www.24baires.com\/?cat=54"},"img":{"alt_text":"","src":"","width":0,"height":0},"classes":[]},{"id":35089,"url":"https:\/\/www.24baires.com\/?p=35089","url_meta":{"origin":23752,"position":2},"title":"Designaron a Courel como delegado ante la AFSCA","author":"AF","date":"13\/11\/2013","format":false,"excerpt":"El gobernador de la provincia de Buenos Aires, Daniel Scioli, design\u00f3 a su secretario de Comunicaci\u00f3n P\u00fablica, Juan Courel, como representante de ese distrito ante el Consejo Federal de Comunicaci\u00f3n Audiovisual (CoFeCa), cuya nueva conformaci\u00f3n qued\u00f3 oficializada este mi\u00e9rcoles al publicarse la n\u00f3mina en el Bolet\u00edn Oficial. Junto a Courel,\u2026","rel":"","context":"En \u00abMedios\u00bb","block_context":{"text":"Medios","link":"https:\/\/www.24baires.com\/?cat=54"},"img":{"alt_text":"courel scioli","src":"https:\/\/i0.wp.com\/www.24baires.com\/wp-content\/uploads\/2013\/11\/courel-scioli.png?resize=350%2C200","width":350,"height":200},"classes":[]},{"id":76991,"url":"https:\/\/www.24baires.com\/?p=76991","url_meta":{"origin":23752,"position":3},"title":"Amparos y cautelares en todo el pa\u00eds contra la intervenci\u00f3n de la AFSCA","author":"GB","date":"29\/12\/2015","format":false,"excerpt":"Funcionarios de todo el pa\u00eds vinculados a los medios y la comunicaci\u00f3n presentaron ante la Justicia recursos de amparo y cautelares contra la intervenci\u00f3n de la AFSCA. La Senadora Nacional del Frente para la Victoria, Liliana Fellner, arremeti\u00f3 contra Macri y asegur\u00f3 que \u201cel presidente se llev\u00f3 puesto a los\u2026","rel":"","context":"En \u00abMedios\u00bb","block_context":{"text":"Medios","link":"https:\/\/www.24baires.com\/?cat=54"},"img":{"alt_text":"AFSCA","src":"https:\/\/i0.wp.com\/www.24baires.com\/wp-content\/uploads\/2015\/12\/AFSCA.jpg?resize=350%2C200","width":350,"height":200,"srcset":"https:\/\/i0.wp.com\/www.24baires.com\/wp-content\/uploads\/2015\/12\/AFSCA.jpg?resize=350%2C200 1x, https:\/\/i0.wp.com\/www.24baires.com\/wp-content\/uploads\/2015\/12\/AFSCA.jpg?resize=525%2C300 1.5x"},"classes":[]},{"id":23910,"url":"https:\/\/www.24baires.com\/?p=23910","url_meta":{"origin":23752,"position":4},"title":"La CoRaMeCo y ARBIA rechazan decretos de Macri y De la Sota contra la Ley de Medios","author":"Grupo Sierra","date":"19\/05\/2013","format":false,"excerpt":"La Confederaci\u00f3n de Radios y Medios de Comunicaci\u00f3n de la Argentina (CoRaMeCo) y la Asociaci\u00f3n de Radiodifusoras Bonaerenses y del Interior de la Argentina (ARBIA) repudiaron los decretos de necesidad y urgencia del jefe de Gobierno porte\u00f1o, Mauricio Macri, y del gobernador cordob\u00e9s, Jos\u00e9 Manuel De la Sota, contra la\u2026","rel":"","context":"En \u00abMedios\u00bb","block_context":{"text":"Medios","link":"https:\/\/www.24baires.com\/?cat=54"},"img":{"alt_text":"","src":"","width":0,"height":0},"classes":[]},{"id":35437,"url":"https:\/\/www.24baires.com\/?p=35437","url_meta":{"origin":23752,"position":5},"title":"El Consejo Federal de Comunicaci\u00f3n Audiovisual renov\u00f3 autoridades","author":"Grupo Sierra","date":"19\/11\/2013","format":false,"excerpt":"Con una composici\u00f3n renovada, tuvo lugar la onceava sesi\u00f3n extraordinaria del Cofeca. Pedro B\u00e1ez fue reelecto y continuar\u00e1 al frente del Consejo por los pr\u00f3ximos dos a\u00f1os acompa\u00f1ado por Osvaldo Franc\u00e9s en la vicepresidencia. Los consejeros propusieron a N\u00e9stor Avalle y a Eduardo Seminara para el Directorio del AFSCA y\u2026","rel":"","context":"En \u00abMedios\u00bb","block_context":{"text":"Medios","link":"https:\/\/www.24baires.com\/?cat=54"},"img":{"alt_text":"consejo federal afsca","src":"https:\/\/i0.wp.com\/www.24baires.com\/wp-content\/uploads\/2013\/11\/consejo-federal-afsca.jpg?resize=350%2C200","width":350,"height":200,"srcset":"https:\/\/i0.wp.com\/www.24baires.com\/wp-content\/uploads\/2013\/11\/consejo-federal-afsca.jpg?resize=350%2C200 1x, https:\/\/i0.wp.com\/www.24baires.com\/wp-content\/uploads\/2013\/11\/consejo-federal-afsca.jpg?resize=525%2C300 1.5x"},"classes":[]}],"jetpack_sharing_enabled":true,"jetpack_likes_enabled":true,"_links":{"self":[{"href":"https:\/\/www.24baires.com\/index.php?rest_route=\/wp\/v2\/posts\/23752","targetHints":{"allow":["GET"]}}],"collection":[{"href":"https:\/\/www.24baires.com\/index.php?rest_route=\/wp\/v2\/posts"}],"about":[{"href":"https:\/\/www.24baires.com\/index.php?rest_route=\/wp\/v2\/types\/post"}],"author":[{"embeddable":true,"href":"https:\/\/www.24baires.com\/index.php?rest_route=\/wp\/v2\/users\/4"}],"replies":[{"embeddable":true,"href":"https:\/\/www.24baires.com\/index.php?rest_route=%2Fwp%2Fv2%2Fcomments&post=23752"}],"version-history":[{"count":1,"href":"https:\/\/www.24baires.com\/index.php?rest_route=\/wp\/v2\/posts\/23752\/revisions"}],"predecessor-version":[{"id":23754,"href":"https:\/\/www.24baires.com\/index.php?rest_route=\/wp\/v2\/posts\/23752\/revisions\/23754"}],"wp:attachment":[{"href":"https:\/\/www.24baires.com\/index.php?rest_route=%2Fwp%2Fv2%2Fmedia&parent=23752"}],"wp:term":[{"taxonomy":"category","embeddable":true,"href":"https:\/\/www.24baires.com\/index.php?rest_route=%2Fwp%2Fv2%2Fcategories&post=23752"},{"taxonomy":"post_tag","embeddable":true,"href":"https:\/\/www.24baires.com\/index.php?rest_route=%2Fwp%2Fv2%2Ftags&post=23752"}],"curies":[{"name":"wp","href":"https:\/\/api.w.org\/{rel}","templated":true}]}}