{"id":23742,"date":"2013-05-17T17:00:17","date_gmt":"2013-05-17T20:00:17","guid":{"rendered":"http:\/\/www.24baires.com\/?p=23742"},"modified":"2013-05-17T15:34:24","modified_gmt":"2013-05-17T18:34:24","slug":"olavarria-unicen-y-afsca-dictan-capacitaciones-gratuitas-a-periodistas","status":"publish","type":"post","link":"https:\/\/www.24baires.com\/?p=23742","title":{"rendered":"Olavarr\u00eda: UNICEN y AFSCA dictan capacitaciones gratuitas a periodistas"},"content":{"rendered":"<p>Destinada a periodistas de Olavarr\u00eda y la regi\u00f3n y dem\u00e1s personas interesadas, los organismos dictan una serie de cursos sobre \u201cG\u00e9nero, Comunicaci\u00f3n y Derechos Humanos\u201d. Se realizan jueves y viernes, hasta el 28 de junio.<!--more--><\/p>\n<p>La Universidad Nacional del Centro de la Provincia de Buenos Aires, en conjunto con la AFSCA, realiza una serie de cursos sobre \u201cG\u00e9nero, Comunicaci\u00f3n y Derechos Humanos\u201d en las instalaciones de la sede del Complejo Universitario de Olavarr\u00eda.<br \/>\nEst\u00e1n destinadas a periodistas de Olavarr\u00eda y la regi\u00f3n y dem\u00e1s personas interesadas, y se desarrollar\u00e1n hasta el 28 de junio.<br \/>\nEste viernes 17 de mayo a las 14, ser\u00e1 el segundo encuentro de la serie. El tema central ser\u00e1 \u201cDiversidad Sexual y tratamiento medi\u00e1tico\u201d, a cargo de las Capacitadotas: Lic. Patricia P\u00e9rez (FACSO &#8211; Red PAR) y Florencia Magnaterra (Colectiva por la Diversidad de la ciudad de Olavarr\u00eda).<br \/>\nLa actividad es gratuita y tendr\u00e1 lugar en el Edificio de Aulas Comunes (Aula C5) de la Facultad de Ciencias Sociales, Complejo Universitario de Olavarr\u00eda.<br \/>\nLos interesados deber\u00e1n inscribirse en el horario de 8:00 a 14:00, en la AFSCA (02284)- 429986, Belgrano 3222, Olavarr\u00eda. E &#8211; mail: afsca.olavarria@hotmail.com.<br \/>\nPr\u00f3ximas capacitaciones<br \/>\nTercera capacitaci\u00f3n: Violencia de G\u00e9nero.<br \/>\nFecha: jueves 24 de mayo<br \/>\nHora: 14 a 17 hs.<br \/>\nCuarta capacitaci\u00f3n: Trata de Personas.<br \/>\nFecha: viernes 31 de mayo<br \/>\nHora: 14 a 17 hs.<br \/>\nQuinta capacitaci\u00f3n: Ni\u00f1as, ni\u00f1os y adolescentes &#8211; medios de comunicaci\u00f3n.<br \/>\nFecha: Viernes 7 de junio.<br \/>\nHora: 14 a 17 hs.<br \/>\nSexta Capacitaci\u00f3n: VIH\/Sida y Medios.<br \/>\nFecha: Viernes 14 de junio.<br \/>\nHora: 14 a 17 hs.<br \/>\nS\u00e9ptima Capacitaci\u00f3n: Consideraciones sobre contenidos de programaci\u00f3n y de la publicidad. Condiciones y pautas establecidas para su difusi\u00f3n.<br \/>\nFecha: Viernes 28 de junio.<br \/>\nHora: 14 a 17 hs.<br \/>\nViernes 28 de junio: 16:30 hs. Cierre de capacitaci\u00f3n y entrega de certificados.<\/p>\n<p>&nbsp;<\/p>\n<p>&nbsp;<\/p>\n<p>&nbsp;<\/p>\n<p>&nbsp;<\/p>\n<p>&nbsp;<\/p>\n<p>&nbsp;<\/p>\n<p>&nbsp;<\/p>\n<p>&nbsp;<\/p>\n<p>&nbsp;<\/p>\n<p>&nbsp;<\/p>\n<p>&nbsp;<\/p>\n<p>&nbsp;<\/p>\n<p>&nbsp;<\/p>\n<p>&nbsp;<\/p>\n<p>&nbsp;<\/p>\n","protected":false},"excerpt":{"rendered":"<p>Destinada a periodistas de Olavarr\u00eda y la regi\u00f3n y dem\u00e1s personas interesadas, los organismos dictan una serie de cursos sobre \u201cG\u00e9nero, Comunicaci\u00f3n y Derechos Humanos\u201d. Se realizan jueves y viernes, hasta el 28 de junio.<\/p>\n","protected":false},"author":4,"featured_media":0,"comment_status":"open","ping_status":"open","sticky":false,"template":"","format":"standard","meta":{"_jetpack_newsletter_access":"","_jetpack_dont_email_post_to_subs":false,"_jetpack_newsletter_tier_id":0,"_jetpack_memberships_contains_paywalled_content":false,"_jetpack_memberships_contains_paid_content":false,"footnotes":""},"categories":[38,54],"tags":[],"class_list":["post-23742","post","type-post","status-publish","format-standard","hentry","category-locales","category-medios"],"jetpack_featured_media_url":"","jetpack_shortlink":"https:\/\/wp.me\/p2JWE0-6aW","jetpack-related-posts":[{"id":119463,"url":"https:\/\/www.24baires.com\/?p=119463","url_meta":{"origin":23742,"position":0},"title":"Olavarr\u00eda tendr\u00e1 un nuevo Espacio de Memoria","author":"GB","date":"24\/10\/2022","format":false,"excerpt":"La Subsecretar\u00eda de Derechos Humanos de la provincia de Buenos Aires y la Agencia de Administraci\u00f3n de Bienes del Estado rubricaron un acuerdo para crear un nuevo sitio de memoria en el predio de Monte Pelloni Las autoridades de la Subsecretar\u00eda de Derechos Humanos de la provincia de Buenos Aires\u2026","rel":"","context":"En \u00abMemoria\u00bb","block_context":{"text":"Memoria","link":"https:\/\/www.24baires.com\/?cat=50"},"img":{"alt_text":"","src":"https:\/\/i0.wp.com\/www.24baires.com\/wp-content\/uploads\/2022\/10\/unnamed-5-1024x683-1.jpg?resize=350%2C200","width":350,"height":200,"srcset":"https:\/\/i0.wp.com\/www.24baires.com\/wp-content\/uploads\/2022\/10\/unnamed-5-1024x683-1.jpg?resize=350%2C200 1x, https:\/\/i0.wp.com\/www.24baires.com\/wp-content\/uploads\/2022\/10\/unnamed-5-1024x683-1.jpg?resize=525%2C300 1.5x, https:\/\/i0.wp.com\/www.24baires.com\/wp-content\/uploads\/2022\/10\/unnamed-5-1024x683-1.jpg?resize=700%2C400 2x"},"classes":[]},{"id":46579,"url":"https:\/\/www.24baires.com\/?p=46579","url_meta":{"origin":23742,"position":1},"title":"Historia y ficci\u00f3n se cruzan en una miniserie de Olavarr\u00eda","author":"GB","date":"23\/05\/2014","format":false,"excerpt":"La productora de contenidos audiovisuales de la Facultad de Ciencias Sociales inici\u00f3 el rodaje de su primer miniserie de ficci\u00f3n con contenido cient\u00edfico. Ser\u00e1n 4 cap\u00edtulos de una miniserie que aborda los or\u00edgenes del poblamiento urbano en la regi\u00f3n. La filmaci\u00f3n se realiza en la ciudad de Olavarr\u00eda, y tambi\u00e9n\u2026","rel":"","context":"En \u00abLocales\u00bb","block_context":{"text":"Locales","link":"https:\/\/www.24baires.com\/?cat=38"},"img":{"alt_text":"uni olavarria","src":"https:\/\/i0.wp.com\/www.24baires.com\/wp-content\/uploads\/2014\/05\/uni-olavarria.jpg?resize=350%2C200","width":350,"height":200,"srcset":"https:\/\/i0.wp.com\/www.24baires.com\/wp-content\/uploads\/2014\/05\/uni-olavarria.jpg?resize=350%2C200 1x, https:\/\/i0.wp.com\/www.24baires.com\/wp-content\/uploads\/2014\/05\/uni-olavarria.jpg?resize=525%2C300 1.5x"},"classes":[]},{"id":111849,"url":"https:\/\/www.24baires.com\/?p=111849","url_meta":{"origin":23742,"position":2},"title":"Grave: un genocida con prisi\u00f3n domiciliaria fue visto caminando sin custodio en Olavarr\u00eda","author":"GB","date":"29\/08\/2019","format":false,"excerpt":"La Comisi\u00f3n Provincial por la Memoria lo denunci\u00f3 y dej\u00f3 en manifiesto el buen estado de salud del ex polic\u00eda, Alberto Balquinta, imputado por delitos de lesa humanidad en la causa Monte Pelloni. Luego que el Tribunal Oral Federal de Mar del Plata ratificara la prisi\u00f3n domiciliaria de Alberto Balquinta,\u2026","rel":"","context":"En \u00abMemoria\u00bb","block_context":{"text":"Memoria","link":"https:\/\/www.24baires.com\/?cat=50"},"img":{"alt_text":"","src":"https:\/\/i0.wp.com\/www.24baires.com\/wp-content\/uploads\/2019\/08\/represor.jpeg?resize=350%2C200","width":350,"height":200,"srcset":"https:\/\/i0.wp.com\/www.24baires.com\/wp-content\/uploads\/2019\/08\/represor.jpeg?resize=350%2C200 1x, https:\/\/i0.wp.com\/www.24baires.com\/wp-content\/uploads\/2019\/08\/represor.jpeg?resize=525%2C300 1.5x"},"classes":[]},{"id":105904,"url":"https:\/\/www.24baires.com\/?p=105904","url_meta":{"origin":23742,"position":3},"title":"Olavarr\u00eda: Galli pagar\u00e1 a municipales un bono de 6.500 pesos","author":"GB","date":"13\/12\/2018","format":false,"excerpt":"El intendente de Olavarr\u00eda, Ezequiel Galli, entregar\u00e1 un bono de fin de a\u00f1o de $ 6.500 a los trabajadores municipales, quienes lo cobrar\u00e1n el pr\u00f3ximo jueves 20 junto al medio aguinaldo. A la medida se lleg\u00f3 \"bajo una clara muestra de una gesti\u00f3n ordenada de las arcas municipales que permite\u2026","rel":"","context":"En \u00abMunicipios\u00bb","block_context":{"text":"Municipios","link":"https:\/\/www.24baires.com\/?cat=44"},"img":{"alt_text":"","src":"https:\/\/i0.wp.com\/www.24baires.com\/wp-content\/uploads\/2016\/06\/galli-olavarr%C3%ACa.jpg?resize=350%2C200","width":350,"height":200,"srcset":"https:\/\/i0.wp.com\/www.24baires.com\/wp-content\/uploads\/2016\/06\/galli-olavarr%C3%ACa.jpg?resize=350%2C200 1x, https:\/\/i0.wp.com\/www.24baires.com\/wp-content\/uploads\/2016\/06\/galli-olavarr%C3%ACa.jpg?resize=525%2C300 1.5x"},"classes":[]},{"id":52009,"url":"https:\/\/www.24baires.com\/?p=52009","url_meta":{"origin":23742,"position":4},"title":"El acta de nacimiento que rob\u00f3 la identidad al nieto de Carlotto","author":"AF","date":"18\/08\/2014","format":false,"excerpt":"El documento dice que fue inscripto el 28 de junio de 1978 y se\u00f1ala como lugar de parto la casa del presunto entregador. Est\u00e1 firmada por el m\u00e9dico de la Polic\u00eda y obstetra famoso en Olavarr\u00eda Julio S\u00e1cher. El acta de nacimiento del hijo de Laura Carlotto y Walmir Montoya\u2026","rel":"","context":"En \u00abMemoria\u00bb","block_context":{"text":"Memoria","link":"https:\/\/www.24baires.com\/?cat=50"},"img":{"alt_text":"acta ignacio hurban","src":"https:\/\/i0.wp.com\/www.24baires.com\/wp-content\/uploads\/2014\/08\/acta-ignacio-hurban.jpg?resize=350%2C200","width":350,"height":200,"srcset":"https:\/\/i0.wp.com\/www.24baires.com\/wp-content\/uploads\/2014\/08\/acta-ignacio-hurban.jpg?resize=350%2C200 1x, https:\/\/i0.wp.com\/www.24baires.com\/wp-content\/uploads\/2014\/08\/acta-ignacio-hurban.jpg?resize=525%2C300 1.5x"},"classes":[]},{"id":47149,"url":"https:\/\/www.24baires.com\/?p=47149","url_meta":{"origin":23742,"position":5},"title":"Mar del Plata: capacitan a participantes del concurso \u00abderechos en movimiento\u00bb","author":"GB","date":"01\/06\/2014","format":false,"excerpt":"La Municipalidad de General Pueyrredon (Mar del Plata-Bat\u00e1n), a trav\u00e9s de la Direcci\u00f3n General para la Promoci\u00f3n y Protecci\u00f3n de los Derechos Humanos, particip\u00f3 de la apertura de las jornadas de capacitaci\u00f3n para los participantes del concurso \u201cDerechos en movimiento\u201d, que se lleva adelante en conjunto con la delegaci\u00f3n regional\u2026","rel":"","context":"En \u00abMunicipios\u00bb","block_context":{"text":"Municipios","link":"https:\/\/www.24baires.com\/?cat=44"},"img":{"alt_text":"ddhh mdp","src":"https:\/\/i0.wp.com\/www.24baires.com\/wp-content\/uploads\/2014\/06\/ddhh-mdp-300x225.jpg?resize=350%2C200","width":350,"height":200},"classes":[]}],"jetpack_sharing_enabled":true,"jetpack_likes_enabled":true,"_links":{"self":[{"href":"https:\/\/www.24baires.com\/index.php?rest_route=\/wp\/v2\/posts\/23742","targetHints":{"allow":["GET"]}}],"collection":[{"href":"https:\/\/www.24baires.com\/index.php?rest_route=\/wp\/v2\/posts"}],"about":[{"href":"https:\/\/www.24baires.com\/index.php?rest_route=\/wp\/v2\/types\/post"}],"author":[{"embeddable":true,"href":"https:\/\/www.24baires.com\/index.php?rest_route=\/wp\/v2\/users\/4"}],"replies":[{"embeddable":true,"href":"https:\/\/www.24baires.com\/index.php?rest_route=%2Fwp%2Fv2%2Fcomments&post=23742"}],"version-history":[{"count":1,"href":"https:\/\/www.24baires.com\/index.php?rest_route=\/wp\/v2\/posts\/23742\/revisions"}],"predecessor-version":[{"id":23743,"href":"https:\/\/www.24baires.com\/index.php?rest_route=\/wp\/v2\/posts\/23742\/revisions\/23743"}],"wp:attachment":[{"href":"https:\/\/www.24baires.com\/index.php?rest_route=%2Fwp%2Fv2%2Fmedia&parent=23742"}],"wp:term":[{"taxonomy":"category","embeddable":true,"href":"https:\/\/www.24baires.com\/index.php?rest_route=%2Fwp%2Fv2%2Fcategories&post=23742"},{"taxonomy":"post_tag","embeddable":true,"href":"https:\/\/www.24baires.com\/index.php?rest_route=%2Fwp%2Fv2%2Ftags&post=23742"}],"curies":[{"name":"wp","href":"https:\/\/api.w.org\/{rel}","templated":true}]}}