{"id":23719,"date":"2013-05-17T14:30:45","date_gmt":"2013-05-17T17:30:45","guid":{"rendered":"http:\/\/www.24baires.com\/?p=23719"},"modified":"2013-05-17T07:56:32","modified_gmt":"2013-05-17T10:56:32","slug":"se-desinfla-el-dolar-ilegal","status":"publish","type":"post","link":"https:\/\/www.24baires.com\/?p=23719","title":{"rendered":"\u00bfSe desinfla el d\u00f3lar ilegal?"},"content":{"rendered":"<p><img data-recalc-dims=\"1\" loading=\"lazy\" decoding=\"async\" class=\"aligncenter size-full wp-image-23720\" alt=\"d\u00f3lar blue\" src=\"https:\/\/i0.wp.com\/www.24baires.com\/wp-content\/uploads\/2013\/05\/d%C3%B3lar-blue.jpg?resize=400%2C286\" width=\"400\" height=\"286\" srcset=\"https:\/\/i0.wp.com\/www.24baires.com\/wp-content\/uploads\/2013\/05\/d%C3%B3lar-blue.jpg?w=400&amp;ssl=1 400w, https:\/\/i0.wp.com\/www.24baires.com\/wp-content\/uploads\/2013\/05\/d%C3%B3lar-blue.jpg?resize=300%2C214&amp;ssl=1 300w\" sizes=\"auto, (max-width: 400px) 100vw, 400px\" \/>Las paradojas de la vida. La suerte, le llaman algunos, quienes creen en ella o en su ausencia. La fortuna, buena o mala que acaricia a unos y desprecia a otros. En esa tambi\u00e9n hay que creer para poder siquiera pensarla. Son actos de fe. Es creer en lo que no se ve n se puede tocar, para escribirlo con simpleza, que siempre es la mejor manera.<!--more--><\/p>\n<p>Hubo muchos argentinos que creyeron, con fervor religioso, en que el d\u00f3lar ara\u00f1ar\u00eda los cielos albicelestes, como suelen ser los cielos. El d\u00f3lar ilegal, claro. Ese que muchos nombran con un eufemismo que no utilizan ni por asomo para otras cosas. Nadie dice drogas para hablar del alcohol, por ejemplo, que se puede comprar libremente, y drogas \u2018blue\u2019 para referirse a la coca\u00edna, que es ilegal.<\/p>\n<p>Ese rodeo intelectual para no llamar a las cosas por su \u00fanico y verdadero nombre no es m\u00e1s que una forma de solapar una actividad que est\u00e1 fuera de la ley, aunque sea mostrada por todos los medios de comunicaci\u00f3n, que hacen de la cotizaci\u00f3n de la moneda norteamericana el pron\u00f3stico del clima econ\u00f3mico y lo muestras decenas de veces al d\u00eda.<\/p>\n<p>Pero esos creyentes en la divisa extranjera parecen haber sufrido un desenga\u00f1o: tantas velas encendidas al dios de los diez pesos la semana pasada y hoy ya vale entre un peso cincuenta y dos pesos menos. Haber apostado al d\u00f3lar caro, car\u00edsimo, no ha resultado el negocio que se esperaba. De hecho, ya est\u00e1 dando p\u00e9rdidas.<\/p>\n<p>La nueva pol\u00edtica que pretende imponer el estado nacional, el famoso blanqueo, fue criticado y se\u00f1alado como un fracaso aun antes de lograr ser implementado. La realidad, siempre tan cruel e inmutable para tantas cosas, se ha impuesto de manera diferente a aquellos vaticinios nefastos.<\/p>\n<p>Aunque muchos est\u00e9n tristes por esto, y lo ilegal sea para ellos el motor especulativo que tanto da\u00f1o le hace a la econom\u00eda del pa\u00eds, generador de conflictos en los que muy pocos ganan y mucho, parece haber empezado a desinflarse la burbuja blue.<\/p>\n<p>Si esta es la l\u00ednea en la que se contin\u00faa, y la baja la tendencia que se confirma al final de la semana, los cuentapropistas saldr\u00e1n un tanto perjudicados. Y eso tiene que ver con el pa\u00eds que queremos, incluso aquellos que critican todo y son los primeros en salir corriendo a comprar d\u00f3lares ilegales a sabiendas del da\u00f1o econ\u00f3mico que se inflinge con eso. \u00bfQueremos un pa\u00eds gobernado por monedas extranjeras, d\u00f3nde las operaciones se realizan s\u00f3lo con papeles verdes? \u00bfQueremos un pa\u00eds que entre en crisis porque su econom\u00eda est\u00e1 m\u00e1s que ligada a la divida de otro pa\u00eds? Ya lo vivimos, ya hicimos la pruebita de la convertibilidad. Ya hicimos la pruebita de la crisis. Ya sabemos quienes pierden: la inmensa mayor\u00eda. Ya sabemos quienes ganan cuando a la mayor\u00eda, el pueblo, le va mal: los pocos, los mismos pocos de siempre. Quiz\u00e1 alguna vez esa frase tan odiada va a ser cierta: \u201cel que apuesta al d\u00f3lar, pierde\u201d.<\/p>\n","protected":false},"excerpt":{"rendered":"<p>Las paradojas de la vida. La suerte, le llaman algunos, quienes creen en ella o en su ausencia. La fortuna, buena o mala que acaricia a unos y desprecia a otros. En esa tambi\u00e9n hay que creer para poder siquiera pensarla. Son actos de fe. Es creer en lo que no se ve n se puede tocar, para escribirlo con [&#8230;]<\/p>\n","protected":false},"author":4,"featured_media":0,"comment_status":"open","ping_status":"open","sticky":false,"template":"","format":"standard","meta":{"_jetpack_newsletter_access":"","_jetpack_dont_email_post_to_subs":false,"_jetpack_newsletter_tier_id":0,"_jetpack_memberships_contains_paywalled_content":false,"_jetpack_memberships_contains_paid_content":false,"footnotes":""},"categories":[64],"tags":[],"class_list":["post-23719","post","type-post","status-publish","format-standard","hentry","category-opinion"],"jetpack_featured_media_url":"","jetpack_shortlink":"https:\/\/wp.me\/p2JWE0-6az","jetpack-related-posts":[{"id":51854,"url":"https:\/\/www.24baires.com\/?p=51854","url_meta":{"origin":23719,"position":0},"title":"\u00abIntervenir en el d\u00f3lar negro ser\u00eda lo mismo que intervenir en el precio de la coca\u00edna\u00bb","author":"GB","date":"15\/08\/2014","format":false,"excerpt":"El jefe de Gabinete consider\u00f3 a la cotizaci\u00f3n de la moneda estadounidense en el mercado ilegal \"una manipulaci\u00f3n de especuladores\" y rechaz\u00f3 medidas de Gobierno tendientes a su control. En su conferencia diaria el jefe de Gabinete, Jorge Capitanich consider\u00f3 que el aumento del d\u00f3lar negro de los \u00faltimos d\u00edas\u2026","rel":"","context":"En \u00abEconom\u00eda\u00bb","block_context":{"text":"Econom\u00eda","link":"https:\/\/www.24baires.com\/?cat=45"},"img":{"alt_text":"capitanich","src":"https:\/\/i0.wp.com\/www.24baires.com\/wp-content\/uploads\/2014\/04\/capitanich.jpg?resize=350%2C200","width":350,"height":200,"srcset":"https:\/\/i0.wp.com\/www.24baires.com\/wp-content\/uploads\/2014\/04\/capitanich.jpg?resize=350%2C200 1x, https:\/\/i0.wp.com\/www.24baires.com\/wp-content\/uploads\/2014\/04\/capitanich.jpg?resize=525%2C300 1.5x"},"classes":[]},{"id":53835,"url":"https:\/\/www.24baires.com\/?p=53835","url_meta":{"origin":23719,"position":1},"title":"\u00abLa suba del d\u00f3lar blue es un plan especulativo de los buitres\u00bb, afirm\u00f3 Kicillof","author":"GB","date":"17\/09\/2014","format":false,"excerpt":"El ministro de Econom\u00eda advirti\u00f3 que la suba del d\u00f3lar ilegal forma parte de un \"plan especulativo\" de parte de los fondos buitres, que implican tambi\u00e9n ataques a la presidenta Cristina Fern\u00e1ndez de Kirchner, y que su principal objetivo es forzar una devaluaci\u00f3n de la moneda. \"No es casual el\u2026","rel":"","context":"En \u00abEconom\u00eda\u00bb","block_context":{"text":"Econom\u00eda","link":"https:\/\/www.24baires.com\/?cat=45"},"img":{"alt_text":"kicillof2","src":"https:\/\/i0.wp.com\/www.24baires.com\/wp-content\/uploads\/2014\/01\/kicillof2.jpg?resize=350%2C200","width":350,"height":200,"srcset":"https:\/\/i0.wp.com\/www.24baires.com\/wp-content\/uploads\/2014\/01\/kicillof2.jpg?resize=350%2C200 1x, https:\/\/i0.wp.com\/www.24baires.com\/wp-content\/uploads\/2014\/01\/kicillof2.jpg?resize=525%2C300 1.5x"},"classes":[]},{"id":54963,"url":"https:\/\/www.24baires.com\/?p=54963","url_meta":{"origin":23719,"position":2},"title":"Sbatella se refiri\u00f3 a la absoluci\u00f3n de Cavallo y la calific\u00f3 como \u00abuna verg\u00fcenza judicial\u00bb","author":"GB","date":"07\/10\/2014","format":false,"excerpt":"El titular de la Unidad de Informaci\u00f3n Financiera, calific\u00f3 as\u00ed la medida judicial. \"Lo que cuesta el delito econ\u00f3mico en la Argentina es impresionante y creo que esta resoluci\u00f3n es la consolidaci\u00f3n de la impunidad\". El titular de la Unidad de Informaci\u00f3n Financiera (UIF), Jos\u00e9 Sbatella, calific\u00f3 de \"verg\u00fcenza judicial\"\u2026","rel":"","context":"En \u00abPol\u00edtica\u00bb","block_context":{"text":"Pol\u00edtica","link":"https:\/\/www.24baires.com\/?cat=51"},"img":{"alt_text":"Sbatella","src":"https:\/\/i0.wp.com\/www.24baires.com\/wp-content\/uploads\/2012\/11\/Sbatella-300x180.jpg?resize=350%2C200","width":350,"height":200},"classes":[]},{"id":38846,"url":"https:\/\/www.24baires.com\/?p=38846","url_meta":{"origin":23719,"position":3},"title":"Capitanich vincul\u00f3 al d\u00f3lar paralelo con el narcotr\u00e1fico","author":"Grupo Sierra","date":"20\/01\/2014","format":false,"excerpt":"El jefe de Gabinete reiter\u00f3 que para el Gobierno el denominado d\u00f3lar blue es \"ilegal\", a la vez que pidi\u00f3 identificar a quienes est\u00e1n detr\u00e1s de \"ataques especulativos\" en torno a la divisa norteamericana. Asimismo, marc\u00f3 la \"contradicci\u00f3n de diarios de cuneo liberal\" que informan de manera destacada sobre la\u2026","rel":"","context":"En \u00abEconom\u00eda\u00bb","block_context":{"text":"Econom\u00eda","link":"https:\/\/www.24baires.com\/?cat=45"},"img":{"alt_text":"Capitanich","src":"https:\/\/i0.wp.com\/www.24baires.com\/wp-content\/uploads\/2014\/01\/Capitanich-300x167.jpg?resize=350%2C200","width":350,"height":200},"classes":[]},{"id":52701,"url":"https:\/\/www.24baires.com\/?p=52701","url_meta":{"origin":23719,"position":4},"title":"Son 22 las empresas que buscan cultivar marihuana para el pueblo uruguayo","author":"AF","date":"29\/08\/2014","format":false,"excerpt":"Lo anunci\u00f3 el gobierno uruguayo, que explic\u00f3 que elegir\u00e1 cinco antes de fin de a\u00f1o y que hacia marzo de 2015 la marihuana ya estar\u00eda disponible en farmacias. De los interesados, 8 son locales, 10 extranjeros y 4 de integraci\u00f3n mixta. Las autoridades del Instituto de Regulaci\u00f3n y Control del\u2026","rel":"","context":"En \u00abInternacionales\u00bb","block_context":{"text":"Internacionales","link":"https:\/\/www.24baires.com\/?cat=73"},"img":{"alt_text":"marihuana","src":"https:\/\/i0.wp.com\/www.24baires.com\/wp-content\/uploads\/2014\/03\/marihuana.jpg?resize=350%2C200","width":350,"height":200,"srcset":"https:\/\/i0.wp.com\/www.24baires.com\/wp-content\/uploads\/2014\/03\/marihuana.jpg?resize=350%2C200 1x, https:\/\/i0.wp.com\/www.24baires.com\/wp-content\/uploads\/2014\/03\/marihuana.jpg?resize=525%2C300 1.5x"},"classes":[]},{"id":89764,"url":"https:\/\/www.24baires.com\/?p=89764","url_meta":{"origin":23719,"position":5},"title":"\u00abLa causa de d\u00f3lar futuro es una tapadera para la inflaci\u00f3n, el desempleo y la recesi\u00f3n\u00bb","author":"GB","date":"11\/11\/2016","format":false,"excerpt":"El expresidente del Banco Central cuestion\u00f3 la decisi\u00f3n de la Justicia de confirmar su procesamiento junto al de Cristina Kirchner. El expresidente del Banco Central Alejandro Vanoli acus\u00f3 a la Justicia de querer tapar la mayor inflaci\u00f3n, el desempleo y la recesi\u00f3n con la causa de d\u00f3lar futuro. La C\u00e1mara\u2026","rel":"","context":"En \u00abPol\u00edtica\u00bb","block_context":{"text":"Pol\u00edtica","link":"https:\/\/www.24baires.com\/?cat=51"},"img":{"alt_text":"vanoli 1","src":"https:\/\/i0.wp.com\/www.24baires.com\/wp-content\/uploads\/2014\/10\/vanoli-1-300x169.jpg?resize=350%2C200","width":350,"height":200},"classes":[]}],"jetpack_sharing_enabled":true,"jetpack_likes_enabled":true,"_links":{"self":[{"href":"https:\/\/www.24baires.com\/index.php?rest_route=\/wp\/v2\/posts\/23719","targetHints":{"allow":["GET"]}}],"collection":[{"href":"https:\/\/www.24baires.com\/index.php?rest_route=\/wp\/v2\/posts"}],"about":[{"href":"https:\/\/www.24baires.com\/index.php?rest_route=\/wp\/v2\/types\/post"}],"author":[{"embeddable":true,"href":"https:\/\/www.24baires.com\/index.php?rest_route=\/wp\/v2\/users\/4"}],"replies":[{"embeddable":true,"href":"https:\/\/www.24baires.com\/index.php?rest_route=%2Fwp%2Fv2%2Fcomments&post=23719"}],"version-history":[{"count":1,"href":"https:\/\/www.24baires.com\/index.php?rest_route=\/wp\/v2\/posts\/23719\/revisions"}],"predecessor-version":[{"id":23721,"href":"https:\/\/www.24baires.com\/index.php?rest_route=\/wp\/v2\/posts\/23719\/revisions\/23721"}],"wp:attachment":[{"href":"https:\/\/www.24baires.com\/index.php?rest_route=%2Fwp%2Fv2%2Fmedia&parent=23719"}],"wp:term":[{"taxonomy":"category","embeddable":true,"href":"https:\/\/www.24baires.com\/index.php?rest_route=%2Fwp%2Fv2%2Fcategories&post=23719"},{"taxonomy":"post_tag","embeddable":true,"href":"https:\/\/www.24baires.com\/index.php?rest_route=%2Fwp%2Fv2%2Ftags&post=23719"}],"curies":[{"name":"wp","href":"https:\/\/api.w.org\/{rel}","templated":true}]}}