{"id":23660,"date":"2013-05-16T16:00:49","date_gmt":"2013-05-16T19:00:49","guid":{"rendered":"http:\/\/www.24baires.com\/?p=23660"},"modified":"2013-05-16T13:39:45","modified_gmt":"2013-05-16T16:39:45","slug":"argentina-competira-en-el-mundial-del-asado-en-marruecos","status":"publish","type":"post","link":"https:\/\/www.24baires.com\/?p=23660","title":{"rendered":"Argentina competir\u00e1 en el Mundial del Asado en Marruecos"},"content":{"rendered":"<p><img data-recalc-dims=\"1\" loading=\"lazy\" decoding=\"async\" class=\"aligncenter size-full wp-image-23661\" alt=\"asado3\" src=\"https:\/\/i0.wp.com\/www.24baires.com\/wp-content\/uploads\/2013\/05\/asado3.jpg?resize=560%2C420\" width=\"560\" height=\"420\" srcset=\"https:\/\/i0.wp.com\/www.24baires.com\/wp-content\/uploads\/2013\/05\/asado3.jpg?w=560&amp;ssl=1 560w, https:\/\/i0.wp.com\/www.24baires.com\/wp-content\/uploads\/2013\/05\/asado3.jpg?resize=300%2C225&amp;ssl=1 300w\" sizes=\"auto, (max-width: 560px) 100vw, 560px\" \/>Organizado por la World Barbecue Association (WBQA) con sede en Suiza, del 24 al 26 de mayo se llevar\u00e1 a cabo en Saidia, Marruecos, el 12\u00ba Campeonato Mundial del Asado (12 Championnats du Monde du Barbecue) en donde la Argentina participa por primera vez con el equipo de asadores \u00abLocos por el Asado\u00bb.<!--more--><br \/>\nPara representar a nuestro pa\u00eds fue invitado el equipo de \u00abLocos x el Asado\u00bb una comunidad online de m\u00e1s de 150.000 miembros que promueve y conecta a los asadores que comparten a trav\u00e9s de su plataforma, recetas, consejos, fotos y videos vinculados a su pasi\u00f3n, el Asado. Con el apoyo de la bodega argentina Casa Bianchi, el equipo oficial de Locos X el Asado viajar\u00e1 este mes a Marruecos para representar a nuestro pa\u00eds frente a competidores de todo el orbe.<\/p>\n<p>Esta nueva edici\u00f3n del certamen convocar\u00e1 durante 3 d\u00edas a los m\u00e1s importantes representantes de 24 pa\u00edses junto a un jurado de notables conformado por chefs, cr\u00edticos gastron\u00f3micos y periodistas, quienes tendr\u00e1n a sus cargo juzgar -por sabor, apariencia y creatividad- los platos de los diferentes equipos del mundo y distribuir los 50.000 Euros en premios que otorga la organizaci\u00f3n World Barbecue Association -organizadora del mundial-.<br \/>\nEn la previa del Campeonato del Mundo, se realizar\u00e1 un match de exhibici\u00f3n que tendr\u00e1 como contendientes a nuestro meat team y a los due\u00f1os de casa. En este caso, se enfrentar\u00e1n dos modalidades de preparaci\u00f3n, el asado argentino y el mechoui marroqu\u00ed, un cl\u00e1sico de aquellos pagos.<\/p>\n<p>&nbsp;<\/p>\n<p>&nbsp;<\/p>\n<p>&nbsp;<\/p>\n<p>&nbsp;<\/p>\n<p>&nbsp;<\/p>\n<p>&nbsp;<\/p>\n<p>&nbsp;<\/p>\n<p>&nbsp;<\/p>\n<p>&nbsp;<\/p>\n<p>&nbsp;<\/p>\n<p>&nbsp;<\/p>\n<p>&nbsp;<\/p>\n<p>&nbsp;<\/p>\n","protected":false},"excerpt":{"rendered":"<p>Organizado por la World Barbecue Association (WBQA) con sede en Suiza, del 24 al 26 de mayo se llevar\u00e1 a cabo en Saidia, Marruecos, el 12\u00ba Campeonato Mundial del Asado (12 Championnats du Monde du Barbecue) en donde la Argentina participa por primera vez con el equipo de asadores \u00abLocos por el Asado\u00bb.<\/p>\n","protected":false},"author":4,"featured_media":0,"comment_status":"open","ping_status":"open","sticky":false,"template":"","format":"standard","meta":{"_jetpack_newsletter_access":"","_jetpack_dont_email_post_to_subs":false,"_jetpack_newsletter_tier_id":0,"_jetpack_memberships_contains_paywalled_content":false,"_jetpack_memberships_contains_paid_content":false,"footnotes":""},"categories":[52],"tags":[],"class_list":["post-23660","post","type-post","status-publish","format-standard","hentry","category-cocina-vinos"],"jetpack_featured_media_url":"","jetpack_shortlink":"https:\/\/wp.me\/p2JWE0-69C","jetpack-related-posts":[{"id":63827,"url":"https:\/\/www.24baires.com\/?p=63827","url_meta":{"origin":23660,"position":0},"title":"Conoc\u00e9 al equipo argentino que quiere ir al Mundial de Asado","author":"GB","date":"02\/04\/2015","format":false,"excerpt":"A\u00fan no tienen el dinero para viajar, pero quieren participar tras el fracaso de los representantes argentinos en 2013. Son 2 hombres y 5 mujeres, una de ellas es vegetariana. Se trata nada m\u00e1s y nada menos que de \"Fuegos de Oktubre\" (nombre con clara reminiscencia ricotera), un grupo de\u2026","rel":"","context":"En \u00abCocina &amp; Vinos\u00bb","block_context":{"text":"Cocina &amp; Vinos","link":"https:\/\/www.24baires.com\/?cat=52"},"img":{"alt_text":"asado","src":"https:\/\/i0.wp.com\/www.24baires.com\/wp-content\/uploads\/2012\/12\/asado.jpg?resize=350%2C200","width":350,"height":200,"srcset":"https:\/\/i0.wp.com\/www.24baires.com\/wp-content\/uploads\/2012\/12\/asado.jpg?resize=350%2C200 1x, https:\/\/i0.wp.com\/www.24baires.com\/wp-content\/uploads\/2012\/12\/asado.jpg?resize=525%2C300 1.5x"},"classes":[]},{"id":67643,"url":"https:\/\/www.24baires.com\/?p=67643","url_meta":{"origin":23660,"position":1},"title":"De no creer: Argentina, en el \u00faltimo lugar del Mundial del Asado","author":"GB","date":"16\/06\/2015","format":false,"excerpt":"Argentina volvi\u00f3 a perder un Mundial del Asado y, este a\u00f1o, directamente qued\u00f3 \u00faltima ya que el grupo Fuegos de Oktubre se neg\u00f3 a seguir ciertos requisitos de la competencia. El pa\u00eds qued\u00f3 en el puesto 53 de 53. Sin embargo, los argentinos no cayeron a ese lugar porque no\u2026","rel":"","context":"En \u00abCocina &amp; Vinos\u00bb","block_context":{"text":"Cocina &amp; Vinos","link":"https:\/\/www.24baires.com\/?cat=52"},"img":{"alt_text":"asado","src":"https:\/\/i0.wp.com\/www.24baires.com\/wp-content\/uploads\/2012\/12\/asado.jpg?resize=350%2C200","width":350,"height":200,"srcset":"https:\/\/i0.wp.com\/www.24baires.com\/wp-content\/uploads\/2012\/12\/asado.jpg?resize=350%2C200 1x, https:\/\/i0.wp.com\/www.24baires.com\/wp-content\/uploads\/2012\/12\/asado.jpg?resize=525%2C300 1.5x"},"classes":[]},{"id":17323,"url":"https:\/\/www.24baires.com\/?p=17323","url_meta":{"origin":23660,"position":2},"title":"Un chacarero invent\u00f3 un \u00abasador con volante\u00bb","author":"Grupo Sierra","date":"03\/03\/2013","format":false,"excerpt":"Un curioso artefacto de hierro denominado \"asador con volante\" fue dise\u00f1ado y construido por un chacarero cordob\u00e9s para cocinar carne a las llamas como alternativa a la parrilla y las brasas. El curioso invento, que hasta tiene incorporado un sistema lum\u00ednico, ya despert\u00f3 el inter\u00e9s de cultores de la carne\u2026","rel":"","context":"En \u00abCocina &amp; Vinos\u00bb","block_context":{"text":"Cocina &amp; Vinos","link":"https:\/\/www.24baires.com\/?cat=52"},"img":{"alt_text":"ASADORVOLANTE1_80331","src":"https:\/\/i0.wp.com\/www.24baires.com\/wp-content\/uploads\/2013\/03\/ASADORVOLANTE1_80331.jpg?resize=350%2C200","width":350,"height":200,"srcset":"https:\/\/i0.wp.com\/www.24baires.com\/wp-content\/uploads\/2013\/03\/ASADORVOLANTE1_80331.jpg?resize=350%2C200 1x, https:\/\/i0.wp.com\/www.24baires.com\/wp-content\/uploads\/2013\/03\/ASADORVOLANTE1_80331.jpg?resize=525%2C300 1.5x"},"classes":[]},{"id":116845,"url":"https:\/\/www.24baires.com\/?p=116845","url_meta":{"origin":23660,"position":3},"title":"El gobierno cerr\u00f3 acuerdos con los frigor\u00edficos para bajar el precio de algunos cortes de carne","author":"GB","date":"09\/12\/2020","format":false,"excerpt":"La medida ser\u00e1 anunciada este mi\u00e9rcoles, y busca mitigar el fuerte aumento que sufri\u00f3 la carne en el \u00faltimo a\u00f1o. Todav\u00eda no hubo precisiones sobre los precios a los que se ofrecer\u00e1n el asado, el vac\u00edo y el matambre. Este mi\u00e9rcoles el gobierno nacional anunciar\u00e1 un acuerdo con el Consorcio\u2026","rel":"","context":"En \u00abConsumidores\u00bb","block_context":{"text":"Consumidores","link":"https:\/\/www.24baires.com\/?cat=78"},"img":{"alt_text":"","src":"https:\/\/i0.wp.com\/www.24baires.com\/wp-content\/uploads\/2016\/07\/carne.jpg?resize=350%2C200","width":350,"height":200,"srcset":"https:\/\/i0.wp.com\/www.24baires.com\/wp-content\/uploads\/2016\/07\/carne.jpg?resize=350%2C200 1x, https:\/\/i0.wp.com\/www.24baires.com\/wp-content\/uploads\/2016\/07\/carne.jpg?resize=525%2C300 1.5x"},"classes":[]},{"id":120421,"url":"https:\/\/www.24baires.com\/?p=120421","url_meta":{"origin":23660,"position":4},"title":"Con aumentos del 30%, renovaron el Precios Justos Carne","author":"GB","date":"30\/08\/2023","format":false,"excerpt":"La Secretar\u00eda de Comercio lleg\u00f3 a un acuerdo con supermercados, carnicer\u00edas y empresas exportadoras para renovar el programa Precios Justos Carne. Secretar\u00eda de Comercio de la Naci\u00f3n cerr\u00f3 un acuerdo sectorial para actualizar el programa Precios Justos de la carne. Los siete cortes incluidos en el esquema lanzado por primera\u2026","rel":"","context":"En \u00abConsumidores\u00bb","block_context":{"text":"Consumidores","link":"https:\/\/www.24baires.com\/?cat=78"},"img":{"alt_text":"","src":"https:\/\/i0.wp.com\/www.24baires.com\/wp-content\/uploads\/2016\/02\/carnicer%C3%ADa.jpg?resize=350%2C200","width":350,"height":200,"srcset":"https:\/\/i0.wp.com\/www.24baires.com\/wp-content\/uploads\/2016\/02\/carnicer%C3%ADa.jpg?resize=350%2C200 1x, https:\/\/i0.wp.com\/www.24baires.com\/wp-content\/uploads\/2016\/02\/carnicer%C3%ADa.jpg?resize=525%2C300 1.5x, https:\/\/i0.wp.com\/www.24baires.com\/wp-content\/uploads\/2016\/02\/carnicer%C3%ADa.jpg?resize=700%2C400 2x"},"classes":[]},{"id":117541,"url":"https:\/\/www.24baires.com\/?p=117541","url_meta":{"origin":23660,"position":5},"title":"El Gobierno anuncia un acuerdo para vender el kilo de asado a $359","author":"AF","date":"07\/05\/2021","format":false,"excerpt":"Va a estar disponible todos los d\u00edas, de lunes a viernes, en supermercacos. Mantiene los precios fijados en enero para la carne y el asado baja de $399 a $359. El ministro de Desarrollo Productivo, Mat\u00edas Kulfas, anunci\u00f3 este viernes que el pr\u00f3ximo martes entrar\u00e1 en vigencia el nuevo acuerdo\u2026","rel":"","context":"En \u00abSociedad\u00bb","block_context":{"text":"Sociedad","link":"https:\/\/www.24baires.com\/?cat=1"},"img":{"alt_text":"","src":"https:\/\/i0.wp.com\/www.24baires.com\/wp-content\/uploads\/2016\/07\/carne.jpg?resize=350%2C200","width":350,"height":200,"srcset":"https:\/\/i0.wp.com\/www.24baires.com\/wp-content\/uploads\/2016\/07\/carne.jpg?resize=350%2C200 1x, https:\/\/i0.wp.com\/www.24baires.com\/wp-content\/uploads\/2016\/07\/carne.jpg?resize=525%2C300 1.5x"},"classes":[]}],"jetpack_sharing_enabled":true,"jetpack_likes_enabled":true,"_links":{"self":[{"href":"https:\/\/www.24baires.com\/index.php?rest_route=\/wp\/v2\/posts\/23660","targetHints":{"allow":["GET"]}}],"collection":[{"href":"https:\/\/www.24baires.com\/index.php?rest_route=\/wp\/v2\/posts"}],"about":[{"href":"https:\/\/www.24baires.com\/index.php?rest_route=\/wp\/v2\/types\/post"}],"author":[{"embeddable":true,"href":"https:\/\/www.24baires.com\/index.php?rest_route=\/wp\/v2\/users\/4"}],"replies":[{"embeddable":true,"href":"https:\/\/www.24baires.com\/index.php?rest_route=%2Fwp%2Fv2%2Fcomments&post=23660"}],"version-history":[{"count":1,"href":"https:\/\/www.24baires.com\/index.php?rest_route=\/wp\/v2\/posts\/23660\/revisions"}],"predecessor-version":[{"id":23662,"href":"https:\/\/www.24baires.com\/index.php?rest_route=\/wp\/v2\/posts\/23660\/revisions\/23662"}],"wp:attachment":[{"href":"https:\/\/www.24baires.com\/index.php?rest_route=%2Fwp%2Fv2%2Fmedia&parent=23660"}],"wp:term":[{"taxonomy":"category","embeddable":true,"href":"https:\/\/www.24baires.com\/index.php?rest_route=%2Fwp%2Fv2%2Fcategories&post=23660"},{"taxonomy":"post_tag","embeddable":true,"href":"https:\/\/www.24baires.com\/index.php?rest_route=%2Fwp%2Fv2%2Ftags&post=23660"}],"curies":[{"name":"wp","href":"https:\/\/api.w.org\/{rel}","templated":true}]}}