{"id":23651,"date":"2013-05-16T13:00:32","date_gmt":"2013-05-16T16:00:32","guid":{"rendered":"http:\/\/www.24baires.com\/?p=23651"},"modified":"2013-05-16T21:24:45","modified_gmt":"2013-05-17T00:24:45","slug":"los-destinos-del-pais-no-se-definen-mas-desde-la-oficina-de-un-ceo-aseguro-sabbatella","status":"publish","type":"post","link":"https:\/\/www.24baires.com\/?p=23651","title":{"rendered":"\u00abLos destinos del pa\u00eds no se definen m\u00e1s desde la oficina de un CEO\u00bb, asegur\u00f3 Sabbatella"},"content":{"rendered":"<p>As\u00ed lo enfatiz\u00f3 el titular de la Afsca, Mart\u00edn Sabbatella, en referencia a Clar\u00edn. \u00abLo que est\u00e1 haciendo el grupo es demorar la aplicaci\u00f3n de la ley de Medios\u00bb porque \u00abno soporta no estar por encima de las leyes\u00bb como lo hac\u00eda en la d\u00e9cada del \u00b490, asegur\u00f3.<!--more--><br \/>\nEl titular de la Autoridad Federal de Servicios de Comunicaci\u00f3n (Afsca), Mart\u00edn Sabbatella, asegur\u00f3 hoy que \u00abla ley de Medios va a estar vigente para todos porque el grupo Clar\u00edn tiene que entender que desde 2003, los destinos del pa\u00eds no se definen m\u00e1s desde la oficina de un CEO\u00bb.<\/p>\n<p>Sabbatella habl\u00f3 en C\u00f3rdoba, antes de disertar en la 4ta. Jornada de Comunicaci\u00f3n y Televisi\u00f3n Cooperativa que organiza la Cooperativa de Provisi\u00f3n y Comercializaci\u00f3n de Servicios Comunitarios de Radiodifusi\u00f3n (Colsecor).<\/p>\n<p>&nbsp;<\/p>\n<p>&nbsp;<\/p>\n<p>&nbsp;<\/p>\n<p>&nbsp;<\/p>\n<p>&nbsp;<\/p>\n<p>&nbsp;<\/p>\n<p>&nbsp;<\/p>\n<p>&nbsp;<\/p>\n<p>&nbsp;<\/p>\n<p>&nbsp;<\/p>\n<p>&nbsp;<\/p>\n<p>&nbsp;<\/p>\n<p>&nbsp;<\/p>\n<p>&nbsp;<\/p>\n<p>&nbsp;<\/p>\n","protected":false},"excerpt":{"rendered":"<p>As\u00ed lo enfatiz\u00f3 el titular de la Afsca, Mart\u00edn Sabbatella, en referencia a Clar\u00edn. \u00abLo que est\u00e1 haciendo el grupo es demorar la aplicaci\u00f3n de la ley de Medios\u00bb porque \u00abno soporta no estar por encima de las leyes\u00bb como lo hac\u00eda en la d\u00e9cada del \u00b490, asegur\u00f3.<\/p>\n","protected":false},"author":4,"featured_media":0,"comment_status":"open","ping_status":"open","sticky":false,"template":"","format":"standard","meta":{"_jetpack_newsletter_access":"","_jetpack_dont_email_post_to_subs":false,"_jetpack_newsletter_tier_id":0,"_jetpack_memberships_contains_paywalled_content":false,"_jetpack_memberships_contains_paid_content":false,"footnotes":""},"categories":[54],"tags":[],"class_list":["post-23651","post","type-post","status-publish","format-standard","hentry","category-medios"],"jetpack_featured_media_url":"","jetpack_shortlink":"https:\/\/wp.me\/p2JWE0-69t","jetpack-related-posts":[{"id":30950,"url":"https:\/\/www.24baires.com\/?p=30950","url_meta":{"origin":23651,"position":0},"title":"Sabbatella: \u00abClar\u00edn quiere condicionar a los poderes p\u00fablicos y definir el rumbo del pa\u00eds\u00bb","author":"GB","date":"28\/08\/2013","format":false,"excerpt":"El titular de la Autoridad Federal de Servicios de Comunicaci\u00f3n Audiovisual (Afsca), Mart\u00edn Sabbatella, afirm\u00f3 que \"la democracia necesita que la ley de medios se aplique integralmente\", y expres\u00f3 que \"espero que este sea el paso previo para que la Corte (Suprema de Justicia) se pronuncie\", con respecto a la\u2026","rel":"","context":"En \u00abMedios\u00bb","block_context":{"text":"Medios","link":"https:\/\/www.24baires.com\/?cat=54"},"img":{"alt_text":"Sabbatella","src":"https:\/\/i0.wp.com\/www.24baires.com\/wp-content\/uploads\/2013\/08\/Sabbatella.jpg?resize=350%2C200","width":350,"height":200},"classes":[]},{"id":34549,"url":"https:\/\/www.24baires.com\/?p=34549","url_meta":{"origin":23651,"position":1},"title":"Sabbatella: \u00abno vamos a esperar ni un minuto porque es una deuda de hace 30 a\u00f1os\u00bb","author":"GB","date":"03\/11\/2013","format":false,"excerpt":"El presidente de la Autoridad Federal de Servicios de Comunicaci\u00f3n Audiovisual (Afsca) Mart\u00edn Sabbatella se refiri\u00f3 as\u00ed a la adecuaci\u00f3n de oficio del Grupo Clar\u00edn a la ley de Medios y reafirm\u00f3 que la normativa \"busca que est\u00e9n todas las voces\". \"No vamos a esperar ni un minuto, porque ya\u2026","rel":"","context":"En \u00abMedios\u00bb","block_context":{"text":"Medios","link":"https:\/\/www.24baires.com\/?cat=54"},"img":{"alt_text":"sabbatella desafio","src":"https:\/\/i0.wp.com\/www.24baires.com\/wp-content\/uploads\/2012\/10\/sabbatella-desafio.jpg?resize=350%2C200","width":350,"height":200,"srcset":"https:\/\/i0.wp.com\/www.24baires.com\/wp-content\/uploads\/2012\/10\/sabbatella-desafio.jpg?resize=350%2C200 1x, https:\/\/i0.wp.com\/www.24baires.com\/wp-content\/uploads\/2012\/10\/sabbatella-desafio.jpg?resize=525%2C300 1.5x"},"classes":[]},{"id":21276,"url":"https:\/\/www.24baires.com\/?p=21276","url_meta":{"origin":23651,"position":2},"title":"\u00abLa C\u00e1mara se ocup\u00f3 de beneficiar al Grupo Clar\u00edn\u00bb afirm\u00f3 Sabbatella","author":"Grupo Sierra","date":"17\/04\/2013","format":false,"excerpt":"El titular del Afsca, Mart\u00edn Sabbatella, se refiri\u00f3 al fallo de la C\u00e1mara Civil y Comercial que contin\u00faa resguardando los intereses del grupo monop\u00f3lico de medios de comunicaci\u00f3n. El titular de la Afsca, Mart\u00edn Sabbatella, asegur\u00f3 hoy que el organismo acudir\u00e1 a la Corte Suprema \"para que resuelva r\u00e1pidamente\" acerca\u2026","rel":"","context":"En \u00abMedios\u00bb","block_context":{"text":"Medios","link":"https:\/\/www.24baires.com\/?cat=54"},"img":{"alt_text":"sabbatella mendoza","src":"https:\/\/i0.wp.com\/www.24baires.com\/wp-content\/uploads\/2012\/11\/sabbatella-mendoza.jpg?resize=350%2C200","width":350,"height":200,"srcset":"https:\/\/i0.wp.com\/www.24baires.com\/wp-content\/uploads\/2012\/11\/sabbatella-mendoza.jpg?resize=350%2C200 1x, https:\/\/i0.wp.com\/www.24baires.com\/wp-content\/uploads\/2012\/11\/sabbatella-mendoza.jpg?resize=525%2C300 1.5x"},"classes":[]},{"id":34536,"url":"https:\/\/www.24baires.com\/?p=34536","url_meta":{"origin":23651,"position":3},"title":"Sabbatella y Tomada llevaron \u00abtranquilidad\u00bb a los delegados de Canal 13","author":"Grupo Sierra","date":"02\/11\/2013","format":false,"excerpt":"El titular de la AFSCA y el ministro de Trabajo debatieron con delegados de prensa del Canal 13, TN, y autoridades del SAT, la continuidad de los puestos de trabajo del sector audiovisual. En tanto, aseguraron haber \"transmitido tranquilidad a los trabajadores del Grupo Clar\u00edn\". El titular de la Autoridad\u2026","rel":"","context":"En \u00abMedios\u00bb","block_context":{"text":"Medios","link":"https:\/\/www.24baires.com\/?cat=54"},"img":{"alt_text":"","src":"","width":0,"height":0},"classes":[]},{"id":32238,"url":"https:\/\/www.24baires.com\/?p=32238","url_meta":{"origin":23651,"position":4},"title":"\u201cLa ley no regula contenidos, Clar\u00edn vuelve a mentir\u201d lanz\u00f3 Sabbatella","author":"Grupo Sierra","date":"21\/09\/2013","format":false,"excerpt":"El titular de la Afsca, Mart\u00edn Sabbatella, acus\u00f3 al Grupo Clar\u00edn por \u201cmentir a sus lectores\", adem\u00e1s de \"esconder y tergiversar informaci\u00f3n con el \u00fanico objetivo de proteger sus privilegios\u201d, al salir al cruce de una solicitada en contra de la ley de Medios publicada en el principal diario del\u2026","rel":"","context":"En \u00abMedios\u00bb","block_context":{"text":"Medios","link":"https:\/\/www.24baires.com\/?cat=54"},"img":{"alt_text":"","src":"","width":0,"height":0},"classes":[]},{"id":26089,"url":"https:\/\/www.24baires.com\/?p=26089","url_meta":{"origin":23651,"position":5},"title":"Sabbatella pide \u201cceleridad\u201d a la Corte Suprema","author":"Grupo Sierra","date":"16\/06\/2013","format":false,"excerpt":"\u201cLa ley de Medios avanza, a pesar de la acci\u00f3n judicial del Grupo Clar\u00edn y la cantidad de maniobras pol\u00edticas, comunicacionales y judiciales que buscan extender los tiempos para sostener su situaci\u00f3n de privilegio y as\u00ed dilatar la aplicaci\u00f3n integral de la norma\u201d, asegur\u00f3 el titular de la Autoridad Federal\u2026","rel":"","context":"En \u00abMedios\u00bb","block_context":{"text":"Medios","link":"https:\/\/www.24baires.com\/?cat=54"},"img":{"alt_text":"","src":"","width":0,"height":0},"classes":[]}],"jetpack_sharing_enabled":true,"jetpack_likes_enabled":true,"_links":{"self":[{"href":"https:\/\/www.24baires.com\/index.php?rest_route=\/wp\/v2\/posts\/23651","targetHints":{"allow":["GET"]}}],"collection":[{"href":"https:\/\/www.24baires.com\/index.php?rest_route=\/wp\/v2\/posts"}],"about":[{"href":"https:\/\/www.24baires.com\/index.php?rest_route=\/wp\/v2\/types\/post"}],"author":[{"embeddable":true,"href":"https:\/\/www.24baires.com\/index.php?rest_route=\/wp\/v2\/users\/4"}],"replies":[{"embeddable":true,"href":"https:\/\/www.24baires.com\/index.php?rest_route=%2Fwp%2Fv2%2Fcomments&post=23651"}],"version-history":[{"count":3,"href":"https:\/\/www.24baires.com\/index.php?rest_route=\/wp\/v2\/posts\/23651\/revisions"}],"predecessor-version":[{"id":23653,"href":"https:\/\/www.24baires.com\/index.php?rest_route=\/wp\/v2\/posts\/23651\/revisions\/23653"}],"wp:attachment":[{"href":"https:\/\/www.24baires.com\/index.php?rest_route=%2Fwp%2Fv2%2Fmedia&parent=23651"}],"wp:term":[{"taxonomy":"category","embeddable":true,"href":"https:\/\/www.24baires.com\/index.php?rest_route=%2Fwp%2Fv2%2Fcategories&post=23651"},{"taxonomy":"post_tag","embeddable":true,"href":"https:\/\/www.24baires.com\/index.php?rest_route=%2Fwp%2Fv2%2Ftags&post=23651"}],"curies":[{"name":"wp","href":"https:\/\/api.w.org\/{rel}","templated":true}]}}