{"id":2364,"date":"2012-10-16T19:33:49","date_gmt":"2012-10-16T22:33:49","guid":{"rendered":"http:\/\/www.24baires.com\/?p=2364"},"modified":"2012-10-16T19:33:50","modified_gmt":"2012-10-16T22:33:50","slug":"denunciaron-penalmente-a-consejeros-opositores-y-camaristas-del-consejo-de-la-magistratura","status":"publish","type":"post","link":"https:\/\/www.24baires.com\/?p=2364","title":{"rendered":"Denunciaron penalmente a consejeros opositores y camaristas del Consejo de la Magistratura"},"content":{"rendered":"<p>Cinco integrantes opositores del Consejo y dos de la C\u00e1mara Civil y Comercial porte\u00f1a fueron denunciados por la maniobra para impugnar el concurso del juez que debe fallar sobre la Ley de Medios.\u00a0Tanto los consejeros como los camaristas fueron tambi\u00e9n denunciados por designar jueces subrogantes. La denuncia fue hecha por el Gobierno Nacional.<!--more--><\/p>\n<p>La denuncia, por \u201cabuso de autoridad\u201d e \u201cincumplimiento de los deberes de funcionario p\u00fablico\u201d, se realiz\u00f3 este martes a trav\u00e9s de la Procuraci\u00f3n General de la Naci\u00f3n y lleva la firma del jefe de gabinete, Juan Manuel Abal Medina, y qued\u00f3 radicada ante el nuevo juez federal Luis Rodr\u00edguez.<br \/>\nLa presentaci\u00f3n apunta, sin nombrarlos, a los consejeros radicales Oscar Aguad y Mario Cimadevilla, los abogados Alejandro Fargosi y Daniel Ostropolsky y el juez Ricardo Recondo, quienes impugnaron imprevistamente en su tramo final el concurso 258 que debe designar el magistrado que falle sobre la cl\u00e1usula de desinversi\u00f3n de la Ley de Medios.<\/p>\n<p>Tambi\u00e9n pide que investigue el proceder de los camaristas federales Mart\u00edn Farrell y Recondo, presidente y vice del tribunal que design\u00f3 jueces subrogantes rotativos para el juezgado civil y comercial federal como el renunciante Ra\u00fal Tettamanti y ahora a Roberto Torti.<\/p>\n<p>La denuncia que tambi\u00e9n lleva la firma de la procuradora general del Tesoro \u2013jefa del cuerpo de abogados del Estado- Angelina Abbona, tambi\u00e9n apunta a Graciela Medina y Ricardo Guarinoni, integrantes del tribunal de Superintendencia de la C\u00e1mara que fija las subrogancias.<\/p>\n<p>El ministro de Justicia, Julio Alak, hab\u00eda anticipado el lunes que instruir\u00eda a la Procuraci\u00f3n General de la Naci\u00f3n para efectuar la denuncia que por sorte\u00f3 recay\u00f3 en el juzgado de Rodr\u00edguez, con la fiscal\u00eda de Gerardo Di Masi.<\/p>\n","protected":false},"excerpt":{"rendered":"<p>Cinco integrantes opositores del Consejo y dos de la C\u00e1mara Civil y Comercial porte\u00f1a fueron denunciados por la maniobra para impugnar el concurso del juez que debe fallar sobre la Ley de Medios.\u00a0Tanto los consejeros como los camaristas fueron tambi\u00e9n denunciados por designar jueces subrogantes. La denuncia fue hecha por el Gobierno Nacional.<\/p>\n","protected":false},"author":11,"featured_media":0,"comment_status":"open","ping_status":"open","sticky":false,"template":"","format":"standard","meta":{"_jetpack_newsletter_access":"","_jetpack_dont_email_post_to_subs":false,"_jetpack_newsletter_tier_id":0,"_jetpack_memberships_contains_paywalled_content":false,"_jetpack_memberships_contains_paid_content":false,"footnotes":""},"categories":[51],"tags":[],"class_list":["post-2364","post","type-post","status-publish","format-standard","hentry","category-politica"],"jetpack_featured_media_url":"","jetpack_shortlink":"https:\/\/wp.me\/p2JWE0-C8","jetpack-related-posts":[{"id":9605,"url":"https:\/\/www.24baires.com\/?p=9605","url_meta":{"origin":2364,"position":0},"title":"Imputan a jueces y consejeros por delitos durante la designaci\u00f3n de jueces subrogantes","author":"AF","date":"18\/12\/2012","format":false,"excerpt":"La decisi\u00f3n fue tomada por el fiscal Gerardo Di Masi, en el marco de una denuncia formulada por el gobierno por presuntos delitos durante el proceso de designaci\u00f3n de jueces subrogantes y por bloquear un concurso para designar nuevos titulares en los juzgados vacantes. El fiscal Gerardo Di Masi imput\u00f3\u2026","rel":"","context":"En \u00abMedios\u00bb","block_context":{"text":"Medios","link":"https:\/\/www.24baires.com\/?cat=54"},"img":{"alt_text":"","src":"","width":0,"height":0},"classes":[]},{"id":101220,"url":"https:\/\/www.24baires.com\/?p=101220","url_meta":{"origin":2364,"position":1},"title":"Mar del Plata: renunci\u00f3 juez vinculado a causa de trata","author":"AF","date":"22\/03\/2018","format":false,"excerpt":"El juez federal Jorge Ferro present\u00f3 su renuncia a la C\u00e1mara Federal de Apelaciones de Mar del Plata, que se concretar\u00e1 el pr\u00f3ximo 1 de mayo. El letrado hab\u00eda sido denunciado ante el Consejo de la Magistratura por supuestos v\u00ednculos con una red de trata de prost\u00edbulos locales. Ferro, que\u2026","rel":"","context":"En \u00abJUDICIALES\u00bb","block_context":{"text":"JUDICIALES","link":"https:\/\/www.24baires.com\/?cat=68"},"img":{"alt_text":"","src":"https:\/\/i0.wp.com\/www.24baires.com\/wp-content\/uploads\/2018\/03\/jorge-ferro.jpeg?resize=350%2C200","width":350,"height":200,"srcset":"https:\/\/i0.wp.com\/www.24baires.com\/wp-content\/uploads\/2018\/03\/jorge-ferro.jpeg?resize=350%2C200 1x, https:\/\/i0.wp.com\/www.24baires.com\/wp-content\/uploads\/2018\/03\/jorge-ferro.jpeg?resize=525%2C300 1.5x"},"classes":[]},{"id":46960,"url":"https:\/\/www.24baires.com\/?p=46960","url_meta":{"origin":2364,"position":2},"title":"El Consejo de la Magistratura trata denuncias contra 50 jueces","author":"AF","date":"29\/05\/2014","format":false,"excerpt":"La Comisi\u00f3n de Disciplina y Acusaci\u00f3n inici\u00f3 una reuni\u00f3n en la que deber\u00e1 abordar una extensa agenda que incluye expedientes contra los jueces Diego S\u00e1nchez, recordado por tratar de \"brujas\" a sus compa\u00f1eras, Norberto Oyarbide y Claudio Bonadio, ambos se\u00f1alados en diferentes causas por mal desempe\u00f1o. La reuni\u00f3n de la\u2026","rel":"","context":"En \u00abJUDICIALES\u00bb","block_context":{"text":"JUDICIALES","link":"https:\/\/www.24baires.com\/?cat=68"},"img":{"alt_text":"consejo magistratura","src":"https:\/\/i0.wp.com\/www.24baires.com\/wp-content\/uploads\/2012\/10\/consejo-magistratura.jpg?resize=350%2C200","width":350,"height":200,"srcset":"https:\/\/i0.wp.com\/www.24baires.com\/wp-content\/uploads\/2012\/10\/consejo-magistratura.jpg?resize=350%2C200 1x, https:\/\/i0.wp.com\/www.24baires.com\/wp-content\/uploads\/2012\/10\/consejo-magistratura.jpg?resize=525%2C300 1.5x"},"classes":[]},{"id":119502,"url":"https:\/\/www.24baires.com\/?p=119502","url_meta":{"origin":2364,"position":3},"title":"El Presidente critic\u00f3 a los jueces que ordenaron liberar a integrantes de Revoluci\u00f3n Federal","author":"AF","date":"02\/11\/2022","format":false,"excerpt":"El Presidente apunt\u00f3 contra la C\u00e1mara Federal porte\u00f1a, al asegurar que est\u00e1n empecinados \"en tapar que una banda criminal con ramificaciones y financiamiento oscuro atent\u00f3 contra la vida de la vicepresidenta de la Naci\u00f3n\". Tambi\u00e9n desarm\u00f3 la maniobra de Macri en el Consejo de la Magistratura para bloquear a los\u2026","rel":"","context":"En \u00abPol\u00edtica\u00bb","block_context":{"text":"Pol\u00edtica","link":"https:\/\/www.24baires.com\/?cat=51"},"img":{"alt_text":"","src":"https:\/\/i0.wp.com\/www.24baires.com\/wp-content\/uploads\/2022\/09\/alberto.jpg?resize=350%2C200","width":350,"height":200,"srcset":"https:\/\/i0.wp.com\/www.24baires.com\/wp-content\/uploads\/2022\/09\/alberto.jpg?resize=350%2C200 1x, https:\/\/i0.wp.com\/www.24baires.com\/wp-content\/uploads\/2022\/09\/alberto.jpg?resize=525%2C300 1.5x, https:\/\/i0.wp.com\/www.24baires.com\/wp-content\/uploads\/2022\/09\/alberto.jpg?resize=700%2C400 2x"},"classes":[]},{"id":70532,"url":"https:\/\/www.24baires.com\/?p=70532","url_meta":{"origin":2364,"position":4},"title":"El Consejo de la Magistratura investiga a jueces de Bah\u00eda Blanca por causas de lesa","author":"AF","date":"13\/08\/2015","format":false,"excerpt":"La Comisi\u00f3n de Disciplina y Acusaci\u00f3n tratar\u00e1 un expediente que analiza el accionar de magistrados de esa ciudad, en el marco de causas de lesa humanidad. Evaluar\u00e1n tambi\u00e9n, la citaci\u00f3n del juez Luis Armella, por irregularidades en el saneamiento del Riachuelo. Por su parte, la Comisi\u00f3n de Selecci\u00f3n avanzar\u00e1 en\u2026","rel":"","context":"En \u00abJUDICIALES\u00bb","block_context":{"text":"JUDICIALES","link":"https:\/\/www.24baires.com\/?cat=68"},"img":{"alt_text":"","src":"","width":0,"height":0},"classes":[]},{"id":107915,"url":"https:\/\/www.24baires.com\/?p=107915","url_meta":{"origin":2364,"position":5},"title":"Rozanski se present\u00f3 en el juzgado de Ramos Padilla y denunci\u00f3 a Garavano por extorsi\u00f3n","author":"AF","date":"30\/04\/2019","format":false,"excerpt":"Relat\u00f3 que el ministro y el ex juez Cabral lo extorsionaron con un jury para que renunciara. El objetivo, cont\u00f3, era aleccionar a Fari\u00f1a. El ex juez federal de La Plata Carlos Rozanski se present\u00f3 como querellante ante el juzgado de Alejo Ramos Padilla y denunci\u00f3 por extorsi\u00f3n al ministro\u2026","rel":"","context":"En \u00abJUDICIALES\u00bb","block_context":{"text":"JUDICIALES","link":"https:\/\/www.24baires.com\/?cat=68"},"img":{"alt_text":"","src":"https:\/\/i0.wp.com\/www.24baires.com\/wp-content\/uploads\/2015\/04\/carlos-rozanski.jpg?resize=350%2C200","width":350,"height":200,"srcset":"https:\/\/i0.wp.com\/www.24baires.com\/wp-content\/uploads\/2015\/04\/carlos-rozanski.jpg?resize=350%2C200 1x, https:\/\/i0.wp.com\/www.24baires.com\/wp-content\/uploads\/2015\/04\/carlos-rozanski.jpg?resize=525%2C300 1.5x"},"classes":[]}],"jetpack_sharing_enabled":true,"jetpack_likes_enabled":true,"_links":{"self":[{"href":"https:\/\/www.24baires.com\/index.php?rest_route=\/wp\/v2\/posts\/2364","targetHints":{"allow":["GET"]}}],"collection":[{"href":"https:\/\/www.24baires.com\/index.php?rest_route=\/wp\/v2\/posts"}],"about":[{"href":"https:\/\/www.24baires.com\/index.php?rest_route=\/wp\/v2\/types\/post"}],"author":[{"embeddable":true,"href":"https:\/\/www.24baires.com\/index.php?rest_route=\/wp\/v2\/users\/11"}],"replies":[{"embeddable":true,"href":"https:\/\/www.24baires.com\/index.php?rest_route=%2Fwp%2Fv2%2Fcomments&post=2364"}],"version-history":[{"count":0,"href":"https:\/\/www.24baires.com\/index.php?rest_route=\/wp\/v2\/posts\/2364\/revisions"}],"wp:attachment":[{"href":"https:\/\/www.24baires.com\/index.php?rest_route=%2Fwp%2Fv2%2Fmedia&parent=2364"}],"wp:term":[{"taxonomy":"category","embeddable":true,"href":"https:\/\/www.24baires.com\/index.php?rest_route=%2Fwp%2Fv2%2Fcategories&post=2364"},{"taxonomy":"post_tag","embeddable":true,"href":"https:\/\/www.24baires.com\/index.php?rest_route=%2Fwp%2Fv2%2Ftags&post=2364"}],"curies":[{"name":"wp","href":"https:\/\/api.w.org\/{rel}","templated":true}]}}