{"id":23582,"date":"2013-05-15T13:30:17","date_gmt":"2013-05-15T16:30:17","guid":{"rendered":"http:\/\/www.24baires.com\/?p=23582"},"modified":"2013-05-15T12:54:12","modified_gmt":"2013-05-15T15:54:12","slug":"kunkel-aseguro-que-en-ningun-momento-se-penso-en-intervenir-el-grupo-clarin","status":"publish","type":"post","link":"https:\/\/www.24baires.com\/?p=23582","title":{"rendered":"Kunkel asegur\u00f3 que \u00aben ning\u00fan momento\u00bb se pens\u00f3 en intervenir el Grupo Clar\u00edn"},"content":{"rendered":"<p><img data-recalc-dims=\"1\" loading=\"lazy\" decoding=\"async\" class=\"alignleft size-medium wp-image-12889\" alt=\"kunkel\" src=\"https:\/\/i0.wp.com\/www.24baires.com\/wp-content\/uploads\/2013\/01\/kunkel.jpg?resize=300%2C215\" width=\"300\" height=\"215\" srcset=\"https:\/\/i0.wp.com\/www.24baires.com\/wp-content\/uploads\/2013\/01\/kunkel.jpg?resize=300%2C215&amp;ssl=1 300w, https:\/\/i0.wp.com\/www.24baires.com\/wp-content\/uploads\/2013\/01\/kunkel.jpg?w=550&amp;ssl=1 550w\" sizes=\"auto, (max-width: 300px) 100vw, 300px\" \/>El diputado Carlos Kunkel asegur\u00f3 este mi\u00e9rcoles que \u00abnunca\u00bb desde el oficialismo \u00abse pens\u00f3 en intervenir el Grupo Clar\u00edn\u00bb. \u00abSon tonter\u00edas. En ning\u00fan momento se pens\u00f3 en eso\u00bb, enfatiz\u00f3 Kunkel, al ser consultado sobre versiones period\u00edsticas en cuanto a una posible intervenci\u00f3n de la empresa de medios. <!--more--><\/p>\n<p>De todos modos, defendi\u00f3 la iniciativa de un grupo de diputados oficialistas para expropiar parte de las acciones de Papel Prensa.<\/p>\n<p>\u00abCon el actual Papel Prensa no hay ni abastecimiento igualitario ni un precio justo para todos los diarios, por eso creemos que el Gobierno tiene que hacerse cargo de ello\u00bb, consider\u00f3.<\/p>\n<p>En declaraciones radiales, el legislador defendi\u00f3 al Gobierno nacional y consider\u00f3 que algunos due\u00f1os de medios tuvieron hist\u00f3ricamente actitudes \u00abdictatoriales\u00bb.<\/p>\n<p>Tambi\u00e9n evalu\u00f3 que en el caso del decreto firmado por el jefe de Gobierno porte\u00f1o, Mauricio Macri, para la creaci\u00f3n de un fuero judicial sobre libertad de expresi\u00f3n \u00abhabr\u00eda que preguntarle al consultor peruano que asiste\u00bb al l\u00edder del PRO.<\/p>\n<p>&nbsp;<\/p>\n<p>&nbsp;<\/p>\n<p>&nbsp;<\/p>\n<p>&nbsp;<\/p>\n<p>&nbsp;<\/p>\n<p>&nbsp;<\/p>\n<p>&nbsp;<\/p>\n<p>&nbsp;<\/p>\n<p>&nbsp;<\/p>\n<p>&nbsp;<\/p>\n<p>&nbsp;<\/p>\n","protected":false},"excerpt":{"rendered":"<p>El diputado Carlos Kunkel asegur\u00f3 este mi\u00e9rcoles que \u00abnunca\u00bb desde el oficialismo \u00abse pens\u00f3 en intervenir el Grupo Clar\u00edn\u00bb. \u00abSon tonter\u00edas. En ning\u00fan momento se pens\u00f3 en eso\u00bb, enfatiz\u00f3 Kunkel, al ser consultado sobre versiones period\u00edsticas en cuanto a una posible intervenci\u00f3n de la empresa de medios.<\/p>\n","protected":false},"author":4,"featured_media":0,"comment_status":"open","ping_status":"open","sticky":false,"template":"","format":"standard","meta":{"_jetpack_newsletter_access":"","_jetpack_dont_email_post_to_subs":false,"_jetpack_newsletter_tier_id":0,"_jetpack_memberships_contains_paywalled_content":false,"_jetpack_memberships_contains_paid_content":false,"footnotes":""},"categories":[54,51],"tags":[],"class_list":["post-23582","post","type-post","status-publish","format-standard","hentry","category-medios","category-politica"],"jetpack_featured_media_url":"","jetpack_shortlink":"https:\/\/wp.me\/p2JWE0-68m","jetpack-related-posts":[{"id":106022,"url":"https:\/\/www.24baires.com\/?p=106022","url_meta":{"origin":23582,"position":0},"title":"El Senado aprob\u00f3 la desregulaci\u00f3n de la venta y producci\u00f3n de Papel Prensa","author":"Grupo Sierra","date":"19\/12\/2018","format":false,"excerpt":"La ley que desregula la venta y producci\u00f3n de papel prensa, que el gobierno defini\u00f3 como prioritaria al incluirla en el temario de las sesiones extraordinarias, fue aprobada por el Senado con 45 votos a favor, 16 en contra y tres abstenciones. El proyecto presentado por Diego Bossio a principio\u2026","rel":"","context":"En \u00abPol\u00edtica\u00bb","block_context":{"text":"Pol\u00edtica","link":"https:\/\/www.24baires.com\/?cat=51"},"img":{"alt_text":"Resultado de imagen para papel prensa peque\u00c3\u00b1os diarios","src":"https:\/\/i0.wp.com\/www.eldiariodelapampa.com.ar\/images\/2018\/Noviembre\/14-11-2018\/papel-prensa.jpg?resize=350%2C200","width":350,"height":200,"srcset":"https:\/\/i0.wp.com\/www.eldiariodelapampa.com.ar\/images\/2018\/Noviembre\/14-11-2018\/papel-prensa.jpg?resize=350%2C200 1x, https:\/\/i0.wp.com\/www.eldiariodelapampa.com.ar\/images\/2018\/Noviembre\/14-11-2018\/papel-prensa.jpg?resize=525%2C300 1.5x"},"classes":[]},{"id":27353,"url":"https:\/\/www.24baires.com\/?p=27353","url_meta":{"origin":23582,"position":1},"title":"\u00abLa lista de Massa la armaron las corporaciones\u00bb afirm\u00f3 Kunkel","author":"Grupo Sierra","date":"01\/07\/2013","format":false,"excerpt":"El diputado nacional por el Frente para la Victoria consider\u00f3 que la lista que encabeza el intendente de Tigre, Sergio Massa pretende un pa\u00eds \"dependiente\". En ese marco critic\u00f3 a los integrantes de la n\u00f3mina, y calific\u00f3 su incorporaci\u00f3n como \"apoyo log\u00edstico a las corporaciones medi\u00e1ticas\". El diputado nacional y\u2026","rel":"","context":"En \u00abPol\u00edtica\u00bb","block_context":{"text":"Pol\u00edtica","link":"https:\/\/www.24baires.com\/?cat=51"},"img":{"alt_text":"","src":"","width":0,"height":0},"classes":[]},{"id":16484,"url":"https:\/\/www.24baires.com\/?p=16484","url_meta":{"origin":23582,"position":2},"title":"\u00abEl Poder Judicial se debe adecuar al Siglo XXI\u00bb asegur\u00f3 Kunkel","author":"Grupo Sierra","date":"23\/02\/2013","format":false,"excerpt":"El diputado del FpV, Carlos Kunkel, sostuvo que el Poder Judicial debe \"reconocer el pasado\" y \"asumir el presente\", analizando sus conductas para \"adecuarlas a las expectativas, necesidades y aspiraciones de todos\" los argentinos. \"Todo presente tiene una historia, bueno es aclarar que todos coincidiremos en la necesidad de adaptar\u2026","rel":"","context":"En \u00abPoliciales\u00bb","block_context":{"text":"Policiales","link":"https:\/\/www.24baires.com\/?cat=49"},"img":{"alt_text":"kunkel","src":"https:\/\/i0.wp.com\/www.24baires.com\/wp-content\/uploads\/2013\/01\/kunkel-300x215.jpg?resize=350%2C200","width":350,"height":200},"classes":[]},{"id":23149,"url":"https:\/\/www.24baires.com\/?p=23149","url_meta":{"origin":23582,"position":3},"title":"Diputados kirchneristas presentan proyecto para expropiar el 24% de Papel Prensa","author":"Grupo Sierra","date":"09\/05\/2013","format":false,"excerpt":"Diputados nacionales del Frente para la Victoria presentaron un proyecto de ley que propone expropiar el 24 por ciento de las acciones de la empresa Papel Prensa, al declarar de \"utilidad p\u00fablica y sujeto a expropiaci\u00f3n\" ese porcentaje del patrimonio, lo que convertir\u00eda al Estado en socio mayoritario de la\u2026","rel":"","context":"En \u00abMedios\u00bb","block_context":{"text":"Medios","link":"https:\/\/www.24baires.com\/?cat=54"},"img":{"alt_text":"","src":"","width":0,"height":0},"classes":[]},{"id":13691,"url":"https:\/\/www.24baires.com\/?p=13691","url_meta":{"origin":23582,"position":4},"title":"Kunkel se enoj\u00f3 tambi\u00e9n con Scioli por la coparticipaci\u00f3n","author":"Grupo Sierra","date":"27\/01\/2013","format":false,"excerpt":"El diputado nacional por la provincia de Buenos Aires Carlos Kunkel expres\u00f3 esta ma\u00f1ana que \"el equipo del gobernador Scioli estuvo cuatro a\u00f1os y medio al frente del Senado y nunca impuls\u00f3 el debate de la coparticipaci\u00f3n\", y asegur\u00f3 que \"ellos saben bien que la C\u00e1mara de inicio para el\u2026","rel":"","context":"En \u00abPol\u00edtica\u00bb","block_context":{"text":"Pol\u00edtica","link":"https:\/\/www.24baires.com\/?cat=51"},"img":{"alt_text":"","src":"","width":0,"height":0},"classes":[]},{"id":40106,"url":"https:\/\/www.24baires.com\/?p=40106","url_meta":{"origin":23582,"position":5},"title":"\u00abScioli tiene que pasar la interna\u201d enfatiz\u00f3 Kunkel","author":"Grupo Sierra","date":"08\/02\/2014","format":false,"excerpt":"El diputado nacional por el Frente para la Victoria, Carlos Kunkel, public\u00f3 en su p\u00e1gina de facebook, precisiones sobre sus dichos durante la Pe\u00f1a Bonaerense, realizada el pasado fin de semana en Villa Gesell, respecto de Daniel Scioli, \u201cno es mi candidato\u201d hab\u00eda dicho el dirigente del peronismo bonaerense. Hace\u2026","rel":"","context":"En \u00abPol\u00edtica\u00bb","block_context":{"text":"Pol\u00edtica","link":"https:\/\/www.24baires.com\/?cat=51"},"img":{"alt_text":"kunkel_columna","src":"https:\/\/i0.wp.com\/www.24baires.com\/wp-content\/uploads\/2014\/02\/kunkel_columna.jpg?resize=350%2C200","width":350,"height":200,"srcset":"https:\/\/i0.wp.com\/www.24baires.com\/wp-content\/uploads\/2014\/02\/kunkel_columna.jpg?resize=350%2C200 1x, https:\/\/i0.wp.com\/www.24baires.com\/wp-content\/uploads\/2014\/02\/kunkel_columna.jpg?resize=525%2C300 1.5x"},"classes":[]}],"jetpack_sharing_enabled":true,"jetpack_likes_enabled":true,"_links":{"self":[{"href":"https:\/\/www.24baires.com\/index.php?rest_route=\/wp\/v2\/posts\/23582","targetHints":{"allow":["GET"]}}],"collection":[{"href":"https:\/\/www.24baires.com\/index.php?rest_route=\/wp\/v2\/posts"}],"about":[{"href":"https:\/\/www.24baires.com\/index.php?rest_route=\/wp\/v2\/types\/post"}],"author":[{"embeddable":true,"href":"https:\/\/www.24baires.com\/index.php?rest_route=\/wp\/v2\/users\/4"}],"replies":[{"embeddable":true,"href":"https:\/\/www.24baires.com\/index.php?rest_route=%2Fwp%2Fv2%2Fcomments&post=23582"}],"version-history":[{"count":1,"href":"https:\/\/www.24baires.com\/index.php?rest_route=\/wp\/v2\/posts\/23582\/revisions"}],"predecessor-version":[{"id":23583,"href":"https:\/\/www.24baires.com\/index.php?rest_route=\/wp\/v2\/posts\/23582\/revisions\/23583"}],"wp:attachment":[{"href":"https:\/\/www.24baires.com\/index.php?rest_route=%2Fwp%2Fv2%2Fmedia&parent=23582"}],"wp:term":[{"taxonomy":"category","embeddable":true,"href":"https:\/\/www.24baires.com\/index.php?rest_route=%2Fwp%2Fv2%2Fcategories&post=23582"},{"taxonomy":"post_tag","embeddable":true,"href":"https:\/\/www.24baires.com\/index.php?rest_route=%2Fwp%2Fv2%2Ftags&post=23582"}],"curies":[{"name":"wp","href":"https:\/\/api.w.org\/{rel}","templated":true}]}}