{"id":23553,"date":"2013-05-14T21:30:50","date_gmt":"2013-05-15T00:30:50","guid":{"rendered":"http:\/\/www.24baires.com\/?p=23553"},"modified":"2013-05-15T12:57:26","modified_gmt":"2013-05-15T15:57:26","slug":"macri-escribe-y-firma-lo-que-le-dicta-magnetto-afirmo-sabbatella","status":"publish","type":"post","link":"https:\/\/www.24baires.com\/?p=23553","title":{"rendered":"\u00abMacri escribe y firma lo que le dicta Magnetto\u00bb, afirm\u00f3 Sabbatella"},"content":{"rendered":"<p>El presidente de la Autoridad Federal de Servicios de Comunicaci\u00f3n Audiovisual manifest\u00f3 que el \u00abdecreto de Macri no es a favor de la libertad de prensa sino a favor de Clar\u00edn\u00bb porque \u00able quiere crear un cerco de impunidad a la corporaci\u00f3n medi\u00e1tica\u201d.<!--more--><br \/>\nLuego de la conferencia de prensa en la que el jefe de Gobierno porte\u00f1o, Mauricio Macri, anunci\u00f3 que quiere que la justicia local intervenga en la regulaci\u00f3n del mercado de medios, el titular del Afsca sali\u00f3 a cruzarlo con dureza y afirm\u00f3: \u00abMacri escribe y firma lo que le dicta (el CEO de Clar\u00edn, H\u00e9ctor) Magnetto\u00bb.<\/p>\n<p>Y agreg\u00f3: \u201cEl anuncio de Mauricio Macri no es serio. Pero resulta preocupante que alguien con semejante responsabilidad institucional no tenga idea o intente confundir sobre cu\u00e1l es la estructura legal de la Rep\u00fablica\u00bb.<\/p>\n<p>Seg\u00fan afirm\u00f3, \u00ablo que propone es que las leyes nacionales no sean cumplidas en la Ciudad, cre\u00e1ndole un cerco de impunidad a esa corporaci\u00f3n medi\u00e1tica\u201d.<\/p>\n<p>El jefe de Gobierno anunci\u00f3 esta tarde que firm\u00f3 un decreto de necesidad y urgencia en defensa de la libertad de prensa y que enviar\u00e1 a la Legislatura porte\u00f1a un proyecto para crear un tribunal local que intervenga en cuestiones vinculadas a los medios de comunicaci\u00f3n radicados en la Ciudad de Buenos Aires.<\/p>\n<p>\u201cEL DNU no es a favor de la libertad de expresi\u00f3n sino a favor de Clar\u00edn. Para disputar un lugar en la oposici\u00f3n, Macri trata de sumar puntos haci\u00e9ndole los mandados al \u00fanico grupo que no quiere cumplir la ley de la Democracia\u201d, opin\u00f3 el funcionario nacional.<\/p>\n<p>\u201cLo que atenta contra la libertad de expresi\u00f3n es la concentraci\u00f3n medi\u00e1tica del Grupo Clar\u00edn\u201d, dijo Sabbatella y agreg\u00f3: \u201cSi Macri quiere sumarse a la tarea del Gobierno nacional por garantizar la libertad de expresi\u00f3n lo que tiene que hacer es no embarrar la cancha con propuestas disparatadas y pedirle a Clar\u00edn que cumpla la ley\u201d, manifest\u00f3.<\/p>\n<p>En ese sentido, el presidente del AFSCA afirm\u00f3: \u201cPara tomar decisiones que corresponden a la Naci\u00f3n, Macri se tiene que presentar a elecciones presidenciales y ganarlas. \u00c9l es responsable de lo que pasa en la Ciudad; responsable, por ejemplo, de las inundaciones o de la represi\u00f3n de m\u00e9dicos, enfermeros, pacientes y periodistas en el Borda\u201d.<\/p>\n<p>&nbsp;<\/p>\n<p>&nbsp;<\/p>\n<p>&nbsp;<\/p>\n<p>&nbsp;<\/p>\n<p>&nbsp;<\/p>\n<p>&nbsp;<\/p>\n<p>&nbsp;<\/p>\n<p>&nbsp;<\/p>\n<p>&nbsp;<\/p>\n<p>&nbsp;<\/p>\n<p>&nbsp;<\/p>\n","protected":false},"excerpt":{"rendered":"<p>El presidente de la Autoridad Federal de Servicios de Comunicaci\u00f3n Audiovisual manifest\u00f3 que el \u00abdecreto de Macri no es a favor de la libertad de prensa sino a favor de Clar\u00edn\u00bb porque \u00able quiere crear un cerco de impunidad a la corporaci\u00f3n medi\u00e1tica\u201d.<\/p>\n","protected":false},"author":4,"featured_media":0,"comment_status":"open","ping_status":"open","sticky":false,"template":"","format":"standard","meta":{"_jetpack_newsletter_access":"","_jetpack_dont_email_post_to_subs":false,"_jetpack_newsletter_tier_id":0,"_jetpack_memberships_contains_paywalled_content":false,"_jetpack_memberships_contains_paid_content":false,"footnotes":""},"categories":[54,51],"tags":[],"class_list":["post-23553","post","type-post","status-publish","format-standard","hentry","category-medios","category-politica"],"jetpack_featured_media_url":"","jetpack_shortlink":"https:\/\/wp.me\/p2JWE0-67T","jetpack-related-posts":[{"id":107773,"url":"https:\/\/www.24baires.com\/?p=107773","url_meta":{"origin":23553,"position":0},"title":"CFK presentar\u00e1 su libro \u00abSinceramente\u00bb","author":"AF","date":"23\/04\/2019","format":false,"excerpt":"La expresidenta lanzar\u00e1 el 26 de abril un texto que no es \"autobiogr\u00e1fico, ni tampoco una enumeraci\u00f3n de logros personales o pol\u00edticos\". \"Mauricio Macri es el caos y por eso creo firmemente que hay que volver a ordenar la Argentina\", se puede leer en un adelanto. La presentaci\u00f3n ser\u00e1 el\u2026","rel":"","context":"En \u00abPol\u00edtica\u00bb","block_context":{"text":"Pol\u00edtica","link":"https:\/\/www.24baires.com\/?cat=51"},"img":{"alt_text":"","src":"https:\/\/i0.wp.com\/www.24baires.com\/wp-content\/uploads\/2019\/04\/libro-cfk.jpg?resize=350%2C200","width":350,"height":200,"srcset":"https:\/\/i0.wp.com\/www.24baires.com\/wp-content\/uploads\/2019\/04\/libro-cfk.jpg?resize=350%2C200 1x, https:\/\/i0.wp.com\/www.24baires.com\/wp-content\/uploads\/2019\/04\/libro-cfk.jpg?resize=525%2C300 1.5x"},"classes":[]},{"id":102448,"url":"https:\/\/www.24baires.com\/?p=102448","url_meta":{"origin":23553,"position":1},"title":"Macri vet\u00f3 la ley que frenaba los tarifazos aprobada en el Senado de la Naci\u00f3n","author":"GB","date":"31\/05\/2018","format":false,"excerpt":"El presidente firm\u00f3 el decreto de la iniciativa que retrotra\u00eda las subas en los servicios p\u00fablicos al mes de noviembre. La resoluci\u00f3n fue dictada cinco horas despu\u00e9s de que se sancionara el proyecto en el Congreso. Finalmente el presidente, Mauricio Macri, firm\u00f3 el decreto que veta la ley sancionada en\u2026","rel":"","context":"En \u00abPol\u00edtica\u00bb","block_context":{"text":"Pol\u00edtica","link":"https:\/\/www.24baires.com\/?cat=51"},"img":{"alt_text":"","src":"https:\/\/i0.wp.com\/www.24baires.com\/wp-content\/uploads\/2018\/01\/macri-ojos.jpg?resize=350%2C200","width":350,"height":200,"srcset":"https:\/\/i0.wp.com\/www.24baires.com\/wp-content\/uploads\/2018\/01\/macri-ojos.jpg?resize=350%2C200 1x, https:\/\/i0.wp.com\/www.24baires.com\/wp-content\/uploads\/2018\/01\/macri-ojos.jpg?resize=525%2C300 1.5x"},"classes":[]},{"id":58487,"url":"https:\/\/www.24baires.com\/?p=58487","url_meta":{"origin":23553,"position":2},"title":"\u00abMassa es un monstruo que cre\u00f3 Clar\u00edn\u00bb","author":"Grupo Sierra","date":"11\/12\/2014","format":false,"excerpt":"\"Lilita\" Carri\u00f3 profundiz\u00f3 sus cr\u00edticas contra el Grupo y asegur\u00f3 que ella nunca \u201cdefender\u00e1 los negocios de poder de los medios\u201d. La diputada nacional Elisa Carri\u00f3 (Coalici\u00f3n C\u00edvica-ARI) profundiz\u00f3 sus cr\u00edticas al Grupo Clar\u00edn, le pidi\u00f3 que se haga cargo del \"monstruo que construy\u00f3\", en alusi\u00f3n al candidato presidencial del\u2026","rel":"","context":"En \u00abPol\u00edtica\u00bb","block_context":{"text":"Pol\u00edtica","link":"https:\/\/www.24baires.com\/?cat=51"},"img":{"alt_text":"massa carri\u00f3","src":"https:\/\/i0.wp.com\/www.24baires.com\/wp-content\/uploads\/2014\/11\/massa-carri%C3%B3.jpg?resize=350%2C200","width":350,"height":200,"srcset":"https:\/\/i0.wp.com\/www.24baires.com\/wp-content\/uploads\/2014\/11\/massa-carri%C3%B3.jpg?resize=350%2C200 1x, https:\/\/i0.wp.com\/www.24baires.com\/wp-content\/uploads\/2014\/11\/massa-carri%C3%B3.jpg?resize=525%2C300 1.5x"},"classes":[]},{"id":24047,"url":"https:\/\/www.24baires.com\/?p=24047","url_meta":{"origin":23553,"position":3},"title":"La Justicia fren\u00f3 el DNU de Macri contra la Ley de Medios","author":"Grupo Sierra","date":"21\/05\/2013","format":false,"excerpt":"El juez Osvaldo Otheguy, en lo Contencioso Administrativo y Tributario, dict\u00f3 una medida que frena el decreto de necesidad y urgencia que firm\u00f3 Mauricio Macri para \"proteger la libertad de expresi\u00f3n\" en la Ciudad. El juez dio lugar a la medida cautelar solicitada por los legisladores de Nuevo Encuentro, Gabriel\u2026","rel":"","context":"En \u00abMedios\u00bb","block_context":{"text":"Medios","link":"https:\/\/www.24baires.com\/?cat=54"},"img":{"alt_text":"macri","src":"https:\/\/i0.wp.com\/www.24baires.com\/wp-content\/uploads\/2013\/04\/macri-300x168.jpg?resize=350%2C200","width":350,"height":200},"classes":[]},{"id":103076,"url":"https:\/\/www.24baires.com\/?p=103076","url_meta":{"origin":23553,"position":4},"title":"Aprobaron la megafusi\u00f3n entre Cablevisi\u00f3n y Telecom","author":"AF","date":"29\/06\/2018","format":false,"excerpt":"El visto bueno lleg\u00f3 a trav\u00e9s de la \"Comisi\u00f3n Nacional de Defensa de la Competencia\". El negocio de las telecomunicaciones -virtualmente- pasa a manos del Grupo hegem\u00f3nico de H\u00e9ctor Magnetto. El nuevo gigante vale cerca de u$s11 mil millones. Finalmente, el Gobierno de Mauricio Macri aprob\u00f3 la fusi\u00f3n entre Cablevisi\u00f3n,\u2026","rel":"","context":"En \u00abSociedad\u00bb","block_context":{"text":"Sociedad","link":"https:\/\/www.24baires.com\/?cat=1"},"img":{"alt_text":"","src":"https:\/\/i0.wp.com\/www.24baires.com\/wp-content\/uploads\/2012\/12\/cablevisi%C3%B3n1.jpg?resize=350%2C200","width":350,"height":200,"srcset":"https:\/\/i0.wp.com\/www.24baires.com\/wp-content\/uploads\/2012\/12\/cablevisi%C3%B3n1.jpg?resize=350%2C200 1x, https:\/\/i0.wp.com\/www.24baires.com\/wp-content\/uploads\/2012\/12\/cablevisi%C3%B3n1.jpg?resize=525%2C300 1.5x"},"classes":[]},{"id":113392,"url":"https:\/\/www.24baires.com\/?p=113392","url_meta":{"origin":23553,"position":5},"title":"Gin\u00e9s Gonz\u00e1lez Garc\u00eda anunci\u00f3 la restituci\u00f3n del protocolo de ILE","author":"AF","date":"12\/12\/2019","format":false,"excerpt":"El ministro de Salud inform\u00f3 que \"seguir\u00e1 siendo actualizado\". Se termina con la pol\u00e9mica que se gener\u00f3 en el final de la gesti\u00f3n de Macri. El ministro de Salud, Gin\u00e9s Gonz\u00e1lez Garc\u00eda, anunci\u00f3 la restituci\u00f3n del protocolo de Interrupci\u00f3n Legal del Embarazo (ILE) que el gobierno de Mauricio Macri derog\u00f3,\u2026","rel":"","context":"En \u00abSociedad\u00bb","block_context":{"text":"Sociedad","link":"https:\/\/www.24baires.com\/?cat=1"},"img":{"alt_text":"","src":"https:\/\/i0.wp.com\/www.24baires.com\/wp-content\/uploads\/2019\/02\/pa%C3%B1uelo-aborto.jpg?resize=350%2C200","width":350,"height":200,"srcset":"https:\/\/i0.wp.com\/www.24baires.com\/wp-content\/uploads\/2019\/02\/pa%C3%B1uelo-aborto.jpg?resize=350%2C200 1x, https:\/\/i0.wp.com\/www.24baires.com\/wp-content\/uploads\/2019\/02\/pa%C3%B1uelo-aborto.jpg?resize=525%2C300 1.5x"},"classes":[]}],"jetpack_sharing_enabled":true,"jetpack_likes_enabled":true,"_links":{"self":[{"href":"https:\/\/www.24baires.com\/index.php?rest_route=\/wp\/v2\/posts\/23553","targetHints":{"allow":["GET"]}}],"collection":[{"href":"https:\/\/www.24baires.com\/index.php?rest_route=\/wp\/v2\/posts"}],"about":[{"href":"https:\/\/www.24baires.com\/index.php?rest_route=\/wp\/v2\/types\/post"}],"author":[{"embeddable":true,"href":"https:\/\/www.24baires.com\/index.php?rest_route=\/wp\/v2\/users\/4"}],"replies":[{"embeddable":true,"href":"https:\/\/www.24baires.com\/index.php?rest_route=%2Fwp%2Fv2%2Fcomments&post=23553"}],"version-history":[{"count":2,"href":"https:\/\/www.24baires.com\/index.php?rest_route=\/wp\/v2\/posts\/23553\/revisions"}],"predecessor-version":[{"id":23587,"href":"https:\/\/www.24baires.com\/index.php?rest_route=\/wp\/v2\/posts\/23553\/revisions\/23587"}],"wp:attachment":[{"href":"https:\/\/www.24baires.com\/index.php?rest_route=%2Fwp%2Fv2%2Fmedia&parent=23553"}],"wp:term":[{"taxonomy":"category","embeddable":true,"href":"https:\/\/www.24baires.com\/index.php?rest_route=%2Fwp%2Fv2%2Fcategories&post=23553"},{"taxonomy":"post_tag","embeddable":true,"href":"https:\/\/www.24baires.com\/index.php?rest_route=%2Fwp%2Fv2%2Ftags&post=23553"}],"curies":[{"name":"wp","href":"https:\/\/api.w.org\/{rel}","templated":true}]}}