{"id":2355,"date":"2012-10-16T19:01:26","date_gmt":"2012-10-16T22:01:26","guid":{"rendered":"http:\/\/www.24baires.com\/?p=2355"},"modified":"2012-10-16T19:01:26","modified_gmt":"2012-10-16T22:01:26","slug":"lorenzetti-fue-reelecto-como-presidente-de-la-corte-suprema","status":"publish","type":"post","link":"https:\/\/www.24baires.com\/?p=2355","title":{"rendered":"Lorenzetti fue reelecto como Presidente de la Corte Suprema"},"content":{"rendered":"<p><img data-recalc-dims=\"1\" loading=\"lazy\" decoding=\"async\" class=\"aligncenter size-full wp-image-2356\" title=\"lorenzetti-corte-suprema\" src=\"https:\/\/i0.wp.com\/www.24baires.com\/wp-content\/uploads\/2012\/10\/lorenzetti-corte-suprema.jpg?resize=560%2C403\" alt=\"\" width=\"560\" height=\"403\" srcset=\"https:\/\/i0.wp.com\/www.24baires.com\/wp-content\/uploads\/2012\/10\/lorenzetti-corte-suprema.jpg?w=560&amp;ssl=1 560w, https:\/\/i0.wp.com\/www.24baires.com\/wp-content\/uploads\/2012\/10\/lorenzetti-corte-suprema.jpg?resize=300%2C215&amp;ssl=1 300w\" sizes=\"auto, (max-width: 560px) 100vw, 560px\" \/><\/p>\n<p>El presidente de la Corte Suprema de Justicia, Ricardo Lorenzetti, fue reelecto hoy por tercera vez como titular del m\u00e1ximo tribunal del pa\u00eds, se inform\u00f3 oficialmente.<!--more--><br \/>\nLos miembros de la Corte ratificaron tambi\u00e9n que Elena Highton de Nolasco permanezca como vicepresidenta por un nuevo per\u00edodo.<\/p>\n<p>Seg\u00fan la acordada 19\/12, difundida al cabo del habitual acuerdo de los martes, ambos magistrados se mantendr\u00e1n en su cargo en el nuevo per\u00edodo que se inicia en enero pr\u00f3ximo.<\/p>\n<p>Seg\u00fan la acordada, \u201cla doctora Elena Highton de Nolasco propone al doctor Ricardo Luis Lorenzetti como Presidente, posici\u00f3n a la que adhieren los doctores Fayt, Maqueda, Zaffaroni y Argibay\u201d.<\/p>\n<p>Por su parte, Lorenzetti propuso a Highton de Nolasco como Presidenta, pero con su voto los jueces supremos la propusieron para la vicepresidencia, en tanto \u00e9sta lo hac\u00eda por Argibay.<\/p>\n<p>El acuerdo no lleva la firma del ministro Enrique Santiago Petracci.<\/p>\n","protected":false},"excerpt":{"rendered":"<p>El presidente de la Corte Suprema de Justicia, Ricardo Lorenzetti, fue reelecto hoy por tercera vez como titular del m\u00e1ximo tribunal del pa\u00eds, se inform\u00f3 oficialmente.<\/p>\n","protected":false},"author":11,"featured_media":0,"comment_status":"open","ping_status":"open","sticky":false,"template":"","format":"standard","meta":{"_jetpack_newsletter_access":"","_jetpack_dont_email_post_to_subs":false,"_jetpack_newsletter_tier_id":0,"_jetpack_memberships_contains_paywalled_content":false,"_jetpack_memberships_contains_paid_content":false,"footnotes":""},"categories":[51],"tags":[],"class_list":["post-2355","post","type-post","status-publish","format-standard","hentry","category-politica"],"jetpack_featured_media_url":"","jetpack_shortlink":"https:\/\/wp.me\/p2JWE0-BZ","jetpack-related-posts":[{"id":65314,"url":"https:\/\/www.24baires.com\/?p=65314","url_meta":{"origin":2355,"position":0},"title":"Lorenzetti puso en duda asumir un nuevo mandato en la Corte","author":"GB","date":"04\/05\/2015","format":false,"excerpt":"En una reuni\u00f3n mantenida en las \u00faltimas horas, Lorenzetti le comunic\u00f3 a sus colegas, Juan Carlos Maqueda y Elena Highton de Nolasco, su decisi\u00f3n de no continuar a cargo de la presidencia del alto tribunal a partir del 2016. El presidente de la Corte Suprema de Justicia Ricardo Lorenzetti tom\u00f3\u2026","rel":"","context":"En \u00abLocales\u00bb","block_context":{"text":"Locales","link":"https:\/\/www.24baires.com\/?cat=38"},"img":{"alt_text":"lorenzetti-corte-suprema","src":"https:\/\/i0.wp.com\/www.24baires.com\/wp-content\/uploads\/2012\/10\/lorenzetti-corte-suprema.jpg?resize=350%2C200","width":350,"height":200,"srcset":"https:\/\/i0.wp.com\/www.24baires.com\/wp-content\/uploads\/2012\/10\/lorenzetti-corte-suprema.jpg?resize=350%2C200 1x, https:\/\/i0.wp.com\/www.24baires.com\/wp-content\/uploads\/2012\/10\/lorenzetti-corte-suprema.jpg?resize=525%2C300 1.5x"},"classes":[]},{"id":104400,"url":"https:\/\/www.24baires.com\/?p=104400","url_meta":{"origin":2355,"position":1},"title":"Lorenzetti dejar\u00e1 la presidencia de la Corte Suprema y lo reemplazar\u00e1 Rosenkrantz","author":"AF","date":"11\/09\/2018","format":false,"excerpt":"El juez ocupaba ese cargo desde enero de 2007. Lo reemplazar\u00eda Carlos Rosenkrantz. El cambio se har\u00e1 efectivo a partir del 1\u00b0 de octubre pr\u00f3ximo. Luego de 11 a\u00f1os Ricardo Lorenzetti dejar\u00e1 de ser el presidente de la Corte Suprema de Justicia. Su alejamiento del cargo se har\u00e1 efectivo el\u2026","rel":"","context":"En \u00abJUDICIALES\u00bb","block_context":{"text":"JUDICIALES","link":"https:\/\/www.24baires.com\/?cat=68"},"img":{"alt_text":"","src":"https:\/\/i0.wp.com\/www.24baires.com\/wp-content\/uploads\/2012\/10\/lorenzetti-corte-suprema.jpg?resize=350%2C200","width":350,"height":200,"srcset":"https:\/\/i0.wp.com\/www.24baires.com\/wp-content\/uploads\/2012\/10\/lorenzetti-corte-suprema.jpg?resize=350%2C200 1x, https:\/\/i0.wp.com\/www.24baires.com\/wp-content\/uploads\/2012\/10\/lorenzetti-corte-suprema.jpg?resize=525%2C300 1.5x"},"classes":[]},{"id":65363,"url":"https:\/\/www.24baires.com\/?p=65363","url_meta":{"origin":2355,"position":2},"title":"La Corte ratific\u00f3 a Lorenzetti como presidente","author":"GB","date":"05\/05\/2015","format":false,"excerpt":"La Corte Suprema de Justicia ratific\u00f3 \"total y absolutamente\" la acordada que reeligi\u00f3 a su presidente Ricardo Lorenzetti y a la vicepresidenta Elena Highton de Nolasco para ocupar nuevamente los cargos a partir del 1 de enero de 2016. Mediante un comunicado de tres l\u00edneas publicado esta ma\u00f1ana en el\u2026","rel":"","context":"En \u00abPol\u00edtica\u00bb","block_context":{"text":"Pol\u00edtica","link":"https:\/\/www.24baires.com\/?cat=51"},"img":{"alt_text":"lorenzetti2","src":"https:\/\/i0.wp.com\/www.24baires.com\/wp-content\/uploads\/2015\/03\/lorenzetti2.jpg?resize=350%2C200","width":350,"height":200,"srcset":"https:\/\/i0.wp.com\/www.24baires.com\/wp-content\/uploads\/2015\/03\/lorenzetti2.jpg?resize=350%2C200 1x, https:\/\/i0.wp.com\/www.24baires.com\/wp-content\/uploads\/2015\/03\/lorenzetti2.jpg?resize=525%2C300 1.5x"},"classes":[]},{"id":94500,"url":"https:\/\/www.24baires.com\/?p=94500","url_meta":{"origin":2355,"position":3},"title":"La jueza Highton de Nolasco pidi\u00f3 licencia luego de votar el 2&#215;1 a genocidas","author":"AF","date":"15\/05\/2017","format":false,"excerpt":"Hasta el momento no se precisaron las razones ni tampoco la duraci\u00f3n de la licencia. La vicepresidenta de la Corte fue una de los jueces que vot\u00f3 el 2x1 que beneficiaba a un genocida. La vicepresidenta de la Corte Suprema de Justicia, Elena Highton de Nolasco, pidi\u00f3 una licencia oficial\u2026","rel":"","context":"En \u00abSociedad\u00bb","block_context":{"text":"Sociedad","link":"https:\/\/www.24baires.com\/?cat=1"},"img":{"alt_text":"","src":"https:\/\/i0.wp.com\/www.24baires.com\/wp-content\/uploads\/2017\/02\/highton.jpg?resize=350%2C200","width":350,"height":200,"srcset":"https:\/\/i0.wp.com\/www.24baires.com\/wp-content\/uploads\/2017\/02\/highton.jpg?resize=350%2C200 1x, https:\/\/i0.wp.com\/www.24baires.com\/wp-content\/uploads\/2017\/02\/highton.jpg?resize=525%2C300 1.5x"},"classes":[]},{"id":65769,"url":"https:\/\/www.24baires.com\/?p=65769","url_meta":{"origin":2355,"position":4},"title":"Fayt no ir\u00e1 a la acordada de la Corte","author":"AF","date":"12\/05\/2015","format":false,"excerpt":"\"Hubo un cambio de planes y el doctor no va a venir hoy porque parece que no hay acuerdo\u201d, dijo esta ma\u00f1ana una fuente allegada al ministro del m\u00e1ximo tribunal. El longevo ministro de la Corte Suprema de Justicia Carlos Fayt \u201cno concurrir\u00e1 hoy\u201d al Palacio de Justicia donde estaba\u2026","rel":"","context":"En \u00abJUDICIALES\u00bb","block_context":{"text":"JUDICIALES","link":"https:\/\/www.24baires.com\/?cat=68"},"img":{"alt_text":"fayt2","src":"https:\/\/i0.wp.com\/www.24baires.com\/wp-content\/uploads\/2014\/10\/fayt2.jpg?resize=350%2C200","width":350,"height":200,"srcset":"https:\/\/i0.wp.com\/www.24baires.com\/wp-content\/uploads\/2014\/10\/fayt2.jpg?resize=350%2C200 1x, https:\/\/i0.wp.com\/www.24baires.com\/wp-content\/uploads\/2014\/10\/fayt2.jpg?resize=525%2C300 1.5x"},"classes":[]},{"id":112972,"url":"https:\/\/www.24baires.com\/?p=112972","url_meta":{"origin":2355,"position":5},"title":"Etchecolatz cumplir\u00e1 su condena en la prisi\u00f3n","author":"AF","date":"12\/11\/2019","format":false,"excerpt":"La Corte Suprema de Justicia de la Naci\u00f3n defini\u00f3 que el genocida Miguel Osvaldo Etchecolatz cumplir\u00e1 su condena en la prisi\u00f3n y no en su casa como pretend\u00eda. En una acordada de hoy publicada en el sitio del Centro de Informaciones Judiciales se dio a conocer que desestim\u00f3 el recurso\u2026","rel":"","context":"En \u00abJUDICIALES\u00bb","block_context":{"text":"JUDICIALES","link":"https:\/\/www.24baires.com\/?cat=68"},"img":{"alt_text":"","src":"https:\/\/i0.wp.com\/www.24baires.com\/wp-content\/uploads\/2016\/08\/etchecolaz.jpg?resize=350%2C200","width":350,"height":200,"srcset":"https:\/\/i0.wp.com\/www.24baires.com\/wp-content\/uploads\/2016\/08\/etchecolaz.jpg?resize=350%2C200 1x, https:\/\/i0.wp.com\/www.24baires.com\/wp-content\/uploads\/2016\/08\/etchecolaz.jpg?resize=525%2C300 1.5x"},"classes":[]}],"jetpack_sharing_enabled":true,"jetpack_likes_enabled":true,"_links":{"self":[{"href":"https:\/\/www.24baires.com\/index.php?rest_route=\/wp\/v2\/posts\/2355","targetHints":{"allow":["GET"]}}],"collection":[{"href":"https:\/\/www.24baires.com\/index.php?rest_route=\/wp\/v2\/posts"}],"about":[{"href":"https:\/\/www.24baires.com\/index.php?rest_route=\/wp\/v2\/types\/post"}],"author":[{"embeddable":true,"href":"https:\/\/www.24baires.com\/index.php?rest_route=\/wp\/v2\/users\/11"}],"replies":[{"embeddable":true,"href":"https:\/\/www.24baires.com\/index.php?rest_route=%2Fwp%2Fv2%2Fcomments&post=2355"}],"version-history":[{"count":0,"href":"https:\/\/www.24baires.com\/index.php?rest_route=\/wp\/v2\/posts\/2355\/revisions"}],"wp:attachment":[{"href":"https:\/\/www.24baires.com\/index.php?rest_route=%2Fwp%2Fv2%2Fmedia&parent=2355"}],"wp:term":[{"taxonomy":"category","embeddable":true,"href":"https:\/\/www.24baires.com\/index.php?rest_route=%2Fwp%2Fv2%2Fcategories&post=2355"},{"taxonomy":"post_tag","embeddable":true,"href":"https:\/\/www.24baires.com\/index.php?rest_route=%2Fwp%2Fv2%2Ftags&post=2355"}],"curies":[{"name":"wp","href":"https:\/\/api.w.org\/{rel}","templated":true}]}}