{"id":23525,"date":"2013-05-14T19:00:39","date_gmt":"2013-05-14T22:00:39","guid":{"rendered":"http:\/\/www.24baires.com\/?p=23525"},"modified":"2013-05-14T15:38:05","modified_gmt":"2013-05-14T18:38:05","slug":"verbitsky-las-cautelares-a-favor-de-clarin-demuestran-que-la-neutralidad-de-la-justicia-no-existe","status":"publish","type":"post","link":"https:\/\/www.24baires.com\/?p=23525","title":{"rendered":"Verbitsky: las cautelares a favor de Clar\u00edn \u201cdemuestran que la neutralidad de la Justicia no existe\u201d"},"content":{"rendered":"<p>Lo asegur\u00f3 el titular del Centro de Estudios Legales y Sociales (Cels), Horacio Verbitsky, al hablar en la inauguraci\u00f3n del \u00abCongreso Nacional sobre Democratizaci\u00f3n de la Justicia\u00bb.<!--more--><br \/>\n\u00abLa indefinici\u00f3n de la justicia en la causa Clar\u00edn por la ley de medios y la medida cautelar que beneficia a La Naci\u00f3n desde hace diez a\u00f1os para que no cumpla con las obligaciones impositivas, demuestran que la neutralidad de la justicia no existe, es un mito, se cae a pedazos\u00bb, sostuvo Verbitsky en la inauguraci\u00f3n del Congreso Nacional sobre Democratizaci\u00f3n de la Justicia, que se lleva adelante en la Universidad Nacional de La Matanza (UNLaM).<\/p>\n<p>En ese sentido, enfatiz\u00f3 que \u00abpor eso desde el CELS acompa\u00f1amos la democratizaci\u00f3n de la justicia que busca romper la hegemon\u00eda representada principalmente por las asociaciones de magistrados nacionales y provinciales\u00bb.<\/p>\n<p>Verbitsky destac\u00f3 tambi\u00e9n la conformaci\u00f3n del espacio Justicia Leg\u00edtima que \u00abdemostr\u00f3 la ruptura interna que puso en crisis la hegemon\u00eda de los sectores m\u00e1s conservadores\u00bb.<\/p>\n<p>Para Verbitsky, \u00abla disputa por el Consejo de la Magistratura sirve y logra desarmar la configuraci\u00f3n de ese sector conservador y la representaci\u00f3n popular viene a romper con esa hegemon\u00eda\u00bb.<\/p>\n<p>En ese marco, el periodista remarc\u00f3 que \u00abser\u00eda importante que la Corte Suprema de Justicia exprese claramente si acompa\u00f1a estos cambios del gobierno o si se opone a su profundizaci\u00f3n\u00bb y \u00abpor algunos indicios parece que la Corte no est\u00e1 dispuesta a aceptar los cambios\u00bb.<\/p>\n<p>Seg\u00fan el titular del CELS, \u00abla propuesta de reforma judicial debe exceder en mucho lo que propuso el Poder Ejecutivo con estas seis leyes\u00bb y habl\u00f3 de una \u00abagenda pendiente que es imprescindible adoptarla como por ejemplo un plan nacional de acceso a la justicia y una reforma de procedimientos\u00bb.<\/p>\n<p>Verbitsky se\u00f1al\u00f3 que \u00abesta reforma debe evitar el desarrollo de programas y alianzas pol\u00edticas, a trav\u00e9s de la demagogia punitiva,\u00bb y puso de ejemplo el caso de Luciano Arruga \u00aben el que se vio la corrupci\u00f3n policial, la pobreza criminalizada y el Estado gendarme\u00bb.<\/p>\n<p>Critic\u00f3 las iniciativas de \u00abdarle mayor atribuci\u00f3n a la polic\u00eda\u00bb y remarc\u00f3 que \u00abel problema no se resuelve por ese camino\u00bb y puso de ejemplo el caso Candela Rodr\u00edguez \u00aben el que se recomendaron sanciones a jefes policiales que finalmente fueron ratificados\u00bb.<\/p>\n<p>\u00abHay que desarmar la idea de la puerta giratoria de c\u00e1rceles llenas de pobres que salen resentidos\u00bb, advirti\u00f3.<\/p>\n<p>En tanto, manifest\u00f3 la necesidad de que \u00ablos cambios que implica la democratizaci\u00f3n de la justicia debe repercutir en los sistemas judiciales de las provincias, donde muchas veces se da una utilizaci\u00f3n de la justicia como un instrumento de dominaci\u00f3n\u00bb y puso de ejemplo \u00abla lucha por la tierra de los abor\u00edgenes, casos que terminan en violencia amparados por \u00f3rdenes judiciales\u00bb.<\/p>\n<p>&nbsp;<\/p>\n<p>&nbsp;<\/p>\n<p>&nbsp;<\/p>\n<p>&nbsp;<\/p>\n<p>&nbsp;<\/p>\n<p>&nbsp;<\/p>\n<p>&nbsp;<\/p>\n<p>&nbsp;<\/p>\n<p>&nbsp;<\/p>\n<p>&nbsp;<\/p>\n<p>&nbsp;<\/p>\n","protected":false},"excerpt":{"rendered":"<p>Lo asegur\u00f3 el titular del Centro de Estudios Legales y Sociales (Cels), Horacio Verbitsky, al hablar en la inauguraci\u00f3n del \u00abCongreso Nacional sobre Democratizaci\u00f3n de la Justicia\u00bb.<\/p>\n","protected":false},"author":4,"featured_media":0,"comment_status":"open","ping_status":"open","sticky":false,"template":"","format":"standard","meta":{"_jetpack_newsletter_access":"","_jetpack_dont_email_post_to_subs":false,"_jetpack_newsletter_tier_id":0,"_jetpack_memberships_contains_paywalled_content":false,"_jetpack_memberships_contains_paid_content":false,"footnotes":""},"categories":[54,1],"tags":[],"class_list":["post-23525","post","type-post","status-publish","format-standard","hentry","category-medios","category-sociedad"],"jetpack_featured_media_url":"","jetpack_shortlink":"https:\/\/wp.me\/p2JWE0-67r","jetpack-related-posts":[{"id":88121,"url":"https:\/\/www.24baires.com\/?p=88121","url_meta":{"origin":23525,"position":0},"title":"Milani sobre Verbitsky: \u00abTiene que explicar su paso por la dictadura militar\u00bb","author":"AF","date":"29\/09\/2016","format":false,"excerpt":"El ex jefe del Ej\u00e9rcito volvi\u00f3 a negar su participaci\u00f3n en la desaparici\u00f3n del soldado Alberto Ledo y cuestion\u00f3 al periodista y titular del CELS. C\u00e9sar Milani, ex jefe del Ej\u00e9rcito, enfrenta acusaciones tanto por delitos ligados a la represi\u00f3n ilegal como por enriquecimiento il\u00edcito. Esta ma\u00f1ana se defendi\u00f3 de\u2026","rel":"","context":"En \u00abPol\u00edtica\u00bb","block_context":{"text":"Pol\u00edtica","link":"https:\/\/www.24baires.com\/?cat=51"},"img":{"alt_text":"Verbitsky","src":"https:\/\/i0.wp.com\/www.24baires.com\/wp-content\/uploads\/2012\/11\/Verbitsky.jpg?resize=350%2C200","width":350,"height":200,"srcset":"https:\/\/i0.wp.com\/www.24baires.com\/wp-content\/uploads\/2012\/11\/Verbitsky.jpg?resize=350%2C200 1x, https:\/\/i0.wp.com\/www.24baires.com\/wp-content\/uploads\/2012\/11\/Verbitsky.jpg?resize=525%2C300 1.5x"},"classes":[]},{"id":20947,"url":"https:\/\/www.24baires.com\/?p=20947","url_meta":{"origin":23525,"position":1},"title":"Por una nota de Verbitsky sobre la regulaci\u00f3n de las cautelares, Pichetto convoc\u00f3 al CELS","author":"Grupo Sierra","date":"14\/04\/2013","format":false,"excerpt":"El presidente del bloque de senadores del kirchnerismo, Miguel Angel Pichetto, asegur\u00f3 que en la iniciativa est\u00e1n \"resguardados\" los derechos individuales y apunta a los grandes grupos econ\u00f3micos. \"Si el problema es el Grupo Clar\u00edn no hay por qu\u00e9 desamparar a los condenados de la tierra\" escribi\u00f3 Verbitsky hoy en\u2026","rel":"","context":"En \u00abPol\u00edtica\u00bb","block_context":{"text":"Pol\u00edtica","link":"https:\/\/www.24baires.com\/?cat=51"},"img":{"alt_text":"pichetto","src":"https:\/\/i0.wp.com\/www.24baires.com\/wp-content\/uploads\/2013\/04\/pichetto-300x200.jpg?resize=350%2C200","width":350,"height":200},"classes":[]},{"id":21109,"url":"https:\/\/www.24baires.com\/?p=21109","url_meta":{"origin":23525,"position":2},"title":"El CELS y otras organizaciones expondr\u00e1n en el Senado sus opiniones sobre las cautelares","author":"Grupo Sierra","date":"15\/04\/2013","format":false,"excerpt":"Autoridades del Centro de Estudios Legales y Sociales (CELS) y de otras organizaciones relacionadas con el derecho expondr\u00e1n ma\u00f1ana en un plenario de las comisiones Justicia y Legislaci\u00f3n General del Senado sobre el proyecto que regula las medidas cautelares. A la reuni\u00f3n, que se realizar\u00e1 a las 11 en el\u2026","rel":"","context":"En \u00abPol\u00edtica\u00bb","block_context":{"text":"Pol\u00edtica","link":"https:\/\/www.24baires.com\/?cat=51"},"img":{"alt_text":"senado nacional","src":"https:\/\/i0.wp.com\/www.24baires.com\/wp-content\/uploads\/2013\/04\/senado-nacional.jpg?resize=350%2C200","width":350,"height":200,"srcset":"https:\/\/i0.wp.com\/www.24baires.com\/wp-content\/uploads\/2013\/04\/senado-nacional.jpg?resize=350%2C200 1x, https:\/\/i0.wp.com\/www.24baires.com\/wp-content\/uploads\/2013\/04\/senado-nacional.jpg?resize=525%2C300 1.5x"},"classes":[]},{"id":31337,"url":"https:\/\/www.24baires.com\/?p=31337","url_meta":{"origin":23525,"position":3},"title":"Horacio Verbitsky: \u201cSi pudieran, Clar\u00edn y La Naci\u00f3n har\u00edan un golpe\u201d","author":"AF","date":"05\/09\/2013","format":false,"excerpt":"El periodista y presidente del CELS, Horacio Verbitsky, sostuvo hoy que la gesti\u00f3n de la presidenta Cristina Fern\u00e1ndez de Kirchner \u201cmolesta mucho\u201d y que hay algunos sectores, incluidos los medios de comunicaci\u00f3n, que \u201cse lo quieren sacar de encima lo antes posibles y de la peor manera\u201d. Verbitsky critic\u00f3 la\u2026","rel":"","context":"En \u00abMedios\u00bb","block_context":{"text":"Medios","link":"https:\/\/www.24baires.com\/?cat=54"},"img":{"alt_text":"Verbitsky","src":"https:\/\/i0.wp.com\/www.24baires.com\/wp-content\/uploads\/2012\/11\/Verbitsky.jpg?resize=350%2C200","width":350,"height":200,"srcset":"https:\/\/i0.wp.com\/www.24baires.com\/wp-content\/uploads\/2012\/11\/Verbitsky.jpg?resize=350%2C200 1x, https:\/\/i0.wp.com\/www.24baires.com\/wp-content\/uploads\/2012\/11\/Verbitsky.jpg?resize=525%2C300 1.5x"},"classes":[]},{"id":21185,"url":"https:\/\/www.24baires.com\/?p=21185","url_meta":{"origin":23525,"position":4},"title":"El CELS propone que las cautelares protejan a sectores vulnerables, trabajadores y usuarios","author":"Grupo Sierra","date":"16\/04\/2013","format":false,"excerpt":"El presidente del Centro de Estudios Legales y Sociales (CELS) Horacio Verbitsky, expres\u00f3 que no cree que los proyectos de reforma judicial \"solucionen todos los problemas de la Justicia en Argentina\", pero advirti\u00f3 que tampoco piensa \"que est\u00e9n en peligro las instituciones\". \u00a0 \u00a0 \"Hay que tener menos tragedia espa\u00f1ola\u2026","rel":"","context":"En \u00abPol\u00edtica\u00bb","block_context":{"text":"Pol\u00edtica","link":"https:\/\/www.24baires.com\/?cat=51"},"img":{"alt_text":"","src":"","width":0,"height":0},"classes":[]},{"id":28387,"url":"https:\/\/www.24baires.com\/?p=28387","url_meta":{"origin":23525,"position":5},"title":"Verbitsky desmiente a La Naci\u00f3n a trav\u00e9s de una carta de lectores al diario","author":"AF","date":"16\/07\/2013","format":false,"excerpt":"El presidente del CELS afirm\u00f3 que la instituci\u00f3n \"no impulsa ni promueve ascensos en el \u00e1mbito militar\" y reiter\u00f3 que no poseen informaci\u00f3n que incrimine al general C\u00e9sar Milani como nuevo jefe del Ej\u00e9rcito. A ra\u00edz de una investigaci\u00f3n del programa de Jorge Lanata, que vincul\u00f3 al flamante jefe del\u2026","rel":"","context":"En \u00abSociedad\u00bb","block_context":{"text":"Sociedad","link":"https:\/\/www.24baires.com\/?cat=1"},"img":{"alt_text":"","src":"","width":0,"height":0},"classes":[]}],"jetpack_sharing_enabled":true,"jetpack_likes_enabled":true,"_links":{"self":[{"href":"https:\/\/www.24baires.com\/index.php?rest_route=\/wp\/v2\/posts\/23525","targetHints":{"allow":["GET"]}}],"collection":[{"href":"https:\/\/www.24baires.com\/index.php?rest_route=\/wp\/v2\/posts"}],"about":[{"href":"https:\/\/www.24baires.com\/index.php?rest_route=\/wp\/v2\/types\/post"}],"author":[{"embeddable":true,"href":"https:\/\/www.24baires.com\/index.php?rest_route=\/wp\/v2\/users\/4"}],"replies":[{"embeddable":true,"href":"https:\/\/www.24baires.com\/index.php?rest_route=%2Fwp%2Fv2%2Fcomments&post=23525"}],"version-history":[{"count":2,"href":"https:\/\/www.24baires.com\/index.php?rest_route=\/wp\/v2\/posts\/23525\/revisions"}],"predecessor-version":[{"id":23529,"href":"https:\/\/www.24baires.com\/index.php?rest_route=\/wp\/v2\/posts\/23525\/revisions\/23529"}],"wp:attachment":[{"href":"https:\/\/www.24baires.com\/index.php?rest_route=%2Fwp%2Fv2%2Fmedia&parent=23525"}],"wp:term":[{"taxonomy":"category","embeddable":true,"href":"https:\/\/www.24baires.com\/index.php?rest_route=%2Fwp%2Fv2%2Fcategories&post=23525"},{"taxonomy":"post_tag","embeddable":true,"href":"https:\/\/www.24baires.com\/index.php?rest_route=%2Fwp%2Fv2%2Ftags&post=23525"}],"curies":[{"name":"wp","href":"https:\/\/api.w.org\/{rel}","templated":true}]}}