{"id":2333,"date":"2012-10-16T13:21:06","date_gmt":"2012-10-16T16:21:06","guid":{"rendered":"http:\/\/www.24baires.com\/?p=2333"},"modified":"2012-10-17T12:07:11","modified_gmt":"2012-10-17T15:07:11","slug":"se-constituyo-la-comision-bicameral-de-seguimiento-de-la-ley-de-medios","status":"publish","type":"post","link":"https:\/\/www.24baires.com\/?p=2333","title":{"rendered":"Se constituy\u00f3 la Comisi\u00f3n Bicameral de seguimiento de la Ley de Medios"},"content":{"rendered":"<p style=\"text-align: center;\"><img data-recalc-dims=\"1\" loading=\"lazy\" decoding=\"async\" class=\"size-full wp-image-2334 aligncenter\" title=\"bicameral_medios_161012_3_ef_31165\" src=\"https:\/\/i0.wp.com\/www.24baires.com\/wp-content\/uploads\/2012\/10\/bicameral_medios_161012_3_ef_31165.jpg?resize=560%2C345\" alt=\"\" width=\"560\" height=\"345\" srcset=\"https:\/\/i0.wp.com\/www.24baires.com\/wp-content\/uploads\/2012\/10\/bicameral_medios_161012_3_ef_31165.jpg?w=560&amp;ssl=1 560w, https:\/\/i0.wp.com\/www.24baires.com\/wp-content\/uploads\/2012\/10\/bicameral_medios_161012_3_ef_31165.jpg?resize=300%2C184&amp;ssl=1 300w\" sizes=\"auto, (max-width: 560px) 100vw, 560px\" \/><\/p>\n<p>La Comisi\u00f3n Bicameral de seguimiento de la Ley de Comunicaci\u00f3n Audiovisual comenz\u00f3 a sesionar esta ma\u00f1ana donde se eligieron sus autoridades y qued\u00f3 formalmente constituida. \u00abNosotros aspiramos fuertemente que los grupos econ\u00f3micos que son propietarios de licencias audiovisuales cumplan y se adecuen con la ley de medios\u00bb, dijo el flamante titular de la comisi\u00f3n, el jefe del bloque oficialista en Diputados, Agust\u00edn Rossi.<!--more--><\/p>\n<p>La reuni\u00f3n se desarroll\u00f3 a partir de un pedido formulado a principios de mes ante ambas c\u00e1maras por el nuevo titular de la Autoridad Federal de Servicios de Comunicaci\u00f3n Audiovisual (AFSCA), Mart\u00edn Sabbatella. La comisi\u00f3n est\u00e1 integrada por 16 legisladores de ambas C\u00e1maras: cinco senadores oficialistas y cinco diputados, tres senadores y tres diputados de la oposici\u00f3n.<\/p>\n<p>A finalizar el encuentro Rossi se\u00f1al\u00f3 que su vicepresidenta ser\u00e1 la senadora del FpV, Liliana Fellner y el radical Ricardo Buryaile ser\u00e1 el secretario por la oposici\u00f3n. Adem\u00e1s revel\u00f3 que la oposici\u00f3n propuso su candidatos para el AFSCA y RTA y que el oficialismo candidateo a la periodista Cynthia Ottaviano como defensora del p\u00fablico. Los legisladores quedaron en que se reunir\u00e1n todos los martes a las 11.<\/p>\n<p>De esta manera el Gobierno avanz\u00f3 en la construcci\u00f3n de los organismos que se crearon dentro de la ley de medios. El nombre formal del organismo legislativo es \u00abComisi\u00f3n Bicameral Permanente De Promoci\u00f3n Y Seguimiento De La Comunicaci\u00f3n Audiovisual &#8211; Ley 26.522, Art.18\u00bb.<\/p>\n<p>Por el kirchnerismo de Diputados la integran Agust\u00edn Rossi, M\u00f3nica Guti\u00e9rrez, Mario Oporto, Mara Brawer y Marcos Cleri. Por la oposici\u00f3n, los radicales Oscar Aguad, Ricardo Gil Lavedra y un integrante del peronismo federal.<\/p>\n<p>En el Senado, el kirchnerismo nomin\u00f3 a Mar\u00eda de los \u00c1ngeles Higonet, Liliana Fellner, Osvaldo Ram\u00f3n L\u00f3pez, Juan Manuel Irrazabal y Ruperto Godoy. Mientras que la oposici\u00f3n lleva a los radicales Roy Nikisch y Pablo Verani y la juecista Norma Morandini.<\/p>\n<p>Ayer, Mart\u00edn Sabbatella, nuevo presidente del AFSCA, se reuni\u00f3 con Rossi y Cynthia Ottaviano, periodista y comunicadora social a la que el kirchnerismo postul\u00f3 como defensora del p\u00fablico, otro de los cargos comprendidos en la ley de medios, nominaci\u00f3n que se hizo tambi\u00e9n en la reuni\u00f3n constitutiva de la Comisi\u00f3n Bicameral de Promoci\u00f3n y Seguimiento ya que la ley prev\u00e9 que sea designada a propuesta de ese cuerpo. La defensora del p\u00fablico debe recibir y canalizar las consultas, reclamos y denuncias del p\u00fablico de la radio y la televisi\u00f3n.<\/p>\n","protected":false},"excerpt":{"rendered":"<p>La Comisi\u00f3n Bicameral de seguimiento de la Ley de Comunicaci\u00f3n Audiovisual comenz\u00f3 a sesionar esta ma\u00f1ana donde se eligieron sus autoridades y qued\u00f3 formalmente constituida. \u00abNosotros aspiramos fuertemente que los grupos econ\u00f3micos que son propietarios de licencias audiovisuales cumplan y se adecuen con la ley de medios\u00bb, dijo el flamante titular de la comisi\u00f3n, el jefe del bloque oficialista en [&#8230;]<\/p>\n","protected":false},"author":11,"featured_media":0,"comment_status":"open","ping_status":"open","sticky":false,"template":"","format":"standard","meta":{"_jetpack_newsletter_access":"","_jetpack_dont_email_post_to_subs":false,"_jetpack_newsletter_tier_id":0,"_jetpack_memberships_contains_paywalled_content":false,"_jetpack_memberships_contains_paid_content":false,"footnotes":""},"categories":[54],"tags":[],"class_list":["post-2333","post","type-post","status-publish","format-standard","hentry","category-medios"],"jetpack_featured_media_url":"","jetpack_shortlink":"https:\/\/wp.me\/p2JWE0-BD","jetpack-related-posts":[{"id":820,"url":"https:\/\/www.24baires.com\/?p=820","url_meta":{"origin":2333,"position":0},"title":"El gobierno \u00abno vino a estatizar, sino a hacer cumplir la ley\u00bb asegur\u00f3 Sabbatella","author":"Grupo Sierra","date":"02\/10\/2012","format":false,"excerpt":"El titular de la Autoridad Federal de Servicios de Comunicaci\u00f3n Audiovisual (AFSCA), Mart\u00edn Sabbatella, reiter\u00f3 que el gobierno \"no vino a estatizar, sino a hacer cumplir la ley\". El moronense se reuni\u00f3 con los titulares de ambas c\u00e1maras legislativas y el presidente del bloque de diputados del FpV.\u00a0 El Congreso\u2026","rel":"","context":"En \u00abMedios\u00bb","block_context":{"text":"Medios","link":"https:\/\/www.24baires.com\/?cat=54"},"img":{"alt_text":"","src":"https:\/\/i0.wp.com\/www.24baires.com\/wp-content\/uploads\/2012\/10\/sabbatella-congreso1.jpg?resize=350%2C200","width":350,"height":200,"srcset":"https:\/\/i0.wp.com\/www.24baires.com\/wp-content\/uploads\/2012\/10\/sabbatella-congreso1.jpg?resize=350%2C200 1x, https:\/\/i0.wp.com\/www.24baires.com\/wp-content\/uploads\/2012\/10\/sabbatella-congreso1.jpg?resize=525%2C300 1.5x"},"classes":[]},{"id":34797,"url":"https:\/\/www.24baires.com\/?p=34797","url_meta":{"origin":2333,"position":1},"title":"El Congreso nombr\u00f3 los directores de la Afsca","author":"GB","date":"07\/11\/2013","format":false,"excerpt":"La Comisi\u00f3n Bicameral de Seguimiento de la Comunicaci\u00f3n Audiovisual aprob\u00f3 hoy la designaci\u00f3n de los representantes del oficialismo y de la oposici\u00f3n en el directorio de la Autoridad Federal de Servicios de Comunicaci\u00f3n Audiovisual. La comisi\u00f3n, que preside la senadora Liliana Fellner, aval\u00f3 los nombramientos de Claudio Schifer, en representaci\u00f3n\u2026","rel":"","context":"En \u00abMedios\u00bb","block_context":{"text":"Medios","link":"https:\/\/www.24baires.com\/?cat=54"},"img":{"alt_text":"","src":"","width":0,"height":0},"classes":[]},{"id":105352,"url":"https:\/\/www.24baires.com\/?p=105352","url_meta":{"origin":2333,"position":2},"title":"Senadores dieron ingreso al Presupuesto provincial","author":"AF","date":"08\/11\/2018","format":false,"excerpt":"El Senado bonaerense inici\u00f3 hoy formalmente el debate por el Presupuesto y la Ley Impositiva 2019, al dar estado parlamentario a los proyectos enviados por el Ejecutivo. En tanto, la c\u00e1mara alta se autoconvoc\u00f3 a sesiones extraordinarias, lo que marca las expectativas del oficialismo de que el debate se va\u2026","rel":"","context":"En \u00abProvincia\u00bb","block_context":{"text":"Provincia","link":"https:\/\/www.24baires.com\/?cat=40"},"img":{"alt_text":"","src":"https:\/\/i0.wp.com\/www.24baires.com\/wp-content\/uploads\/2017\/07\/senado.jpg?resize=350%2C200","width":350,"height":200,"srcset":"https:\/\/i0.wp.com\/www.24baires.com\/wp-content\/uploads\/2017\/07\/senado.jpg?resize=350%2C200 1x, https:\/\/i0.wp.com\/www.24baires.com\/wp-content\/uploads\/2017\/07\/senado.jpg?resize=525%2C300 1.5x"},"classes":[]},{"id":114171,"url":"https:\/\/www.24baires.com\/?p=114171","url_meta":{"origin":2333,"position":3},"title":"Se puso en marcha la Bicameral de Seguimiento de las emergencias de Kicillof","author":"AF","date":"19\/02\/2020","format":false,"excerpt":"La Legislatura bonaerense conform\u00f3 el cuerpo bicameral que pondr\u00e1 el foco en las emergencias de la provincia. El senador peronista ser\u00e1 quien la presida. Tal como estaba previsto, este mi\u00e9rcoles comenz\u00f3 a funcionar la Comisi\u00f3n Bicameral de Seguimiento, Fiscalizaci\u00f3n y Control para la Emergencia que dar\u00e1 seguimiento a las acciones\u2026","rel":"","context":"En \u00abProvincia\u00bb","block_context":{"text":"Provincia","link":"https:\/\/www.24baires.com\/?cat=40"},"img":{"alt_text":"","src":"https:\/\/i0.wp.com\/www.24baires.com\/wp-content\/uploads\/2020\/02\/bicameral.jpg?resize=350%2C200","width":350,"height":200,"srcset":"https:\/\/i0.wp.com\/www.24baires.com\/wp-content\/uploads\/2020\/02\/bicameral.jpg?resize=350%2C200 1x, https:\/\/i0.wp.com\/www.24baires.com\/wp-content\/uploads\/2020\/02\/bicameral.jpg?resize=525%2C300 1.5x"},"classes":[]},{"id":6560,"url":"https:\/\/www.24baires.com\/?p=6560","url_meta":{"origin":2333,"position":4},"title":"Impugnan al candidato del FAP para el directorio de la AFSCA por \u00abhaber falseado datos de su curriculum\u00bb","author":"Grupo Sierra","date":"23\/11\/2012","format":false,"excerpt":"La Autoridad Federal de Servicios de Comunicaci\u00f3n Audiovisual (AFSCA) avanz\u00f3 en la conformaci\u00f3n de su directorio, con la excepci\u00f3n del abogado Alejandro Pereyra, propuesto por el FAP, cuyo pliego fue impugnado y ahor\u00e1 ser\u00e1 girado nuevamente a la comisi\u00f3n bicameral parlamentaria. Por lo tanto, la Comisi\u00f3n Bicameral de Promoci\u00f3n y\u2026","rel":"","context":"En \u00abMedios\u00bb","block_context":{"text":"Medios","link":"https:\/\/www.24baires.com\/?cat=54"},"img":{"alt_text":"","src":"","width":0,"height":0},"classes":[]},{"id":106908,"url":"https:\/\/www.24baires.com\/?p=106908","url_meta":{"origin":2333,"position":5},"title":"El Congreso rechaz\u00f3 el DNU de Macri sobre la extinci\u00f3n de dominio","author":"AF","date":"19\/02\/2019","format":false,"excerpt":"La Comisi\u00f3n Bicameral tambi\u00e9n repudi\u00f3 los decretos sobre la Agencia del Deporte Nacional y la cesi\u00f3n del espectro radioel\u00e9ctrico del ARSAT. La oposici\u00f3n parlamentaria consigui\u00f3 el dictamen de mayor\u00eda en la comisi\u00f3n de Tr\u00e1mite Legislativo para rechazar el decreto que establece el r\u00e9gimen de extinci\u00f3n de dominio para recuperar los\u2026","rel":"","context":"En \u00abPol\u00edtica\u00bb","block_context":{"text":"Pol\u00edtica","link":"https:\/\/www.24baires.com\/?cat=51"},"img":{"alt_text":"","src":"https:\/\/i0.wp.com\/www.24baires.com\/wp-content\/uploads\/2018\/10\/MACRI-IDEA.jpg?resize=350%2C200","width":350,"height":200,"srcset":"https:\/\/i0.wp.com\/www.24baires.com\/wp-content\/uploads\/2018\/10\/MACRI-IDEA.jpg?resize=350%2C200 1x, https:\/\/i0.wp.com\/www.24baires.com\/wp-content\/uploads\/2018\/10\/MACRI-IDEA.jpg?resize=525%2C300 1.5x"},"classes":[]}],"jetpack_sharing_enabled":true,"jetpack_likes_enabled":true,"_links":{"self":[{"href":"https:\/\/www.24baires.com\/index.php?rest_route=\/wp\/v2\/posts\/2333","targetHints":{"allow":["GET"]}}],"collection":[{"href":"https:\/\/www.24baires.com\/index.php?rest_route=\/wp\/v2\/posts"}],"about":[{"href":"https:\/\/www.24baires.com\/index.php?rest_route=\/wp\/v2\/types\/post"}],"author":[{"embeddable":true,"href":"https:\/\/www.24baires.com\/index.php?rest_route=\/wp\/v2\/users\/11"}],"replies":[{"embeddable":true,"href":"https:\/\/www.24baires.com\/index.php?rest_route=%2Fwp%2Fv2%2Fcomments&post=2333"}],"version-history":[{"count":0,"href":"https:\/\/www.24baires.com\/index.php?rest_route=\/wp\/v2\/posts\/2333\/revisions"}],"wp:attachment":[{"href":"https:\/\/www.24baires.com\/index.php?rest_route=%2Fwp%2Fv2%2Fmedia&parent=2333"}],"wp:term":[{"taxonomy":"category","embeddable":true,"href":"https:\/\/www.24baires.com\/index.php?rest_route=%2Fwp%2Fv2%2Fcategories&post=2333"},{"taxonomy":"post_tag","embeddable":true,"href":"https:\/\/www.24baires.com\/index.php?rest_route=%2Fwp%2Fv2%2Ftags&post=2333"}],"curies":[{"name":"wp","href":"https:\/\/api.w.org\/{rel}","templated":true}]}}