{"id":2328,"date":"2012-10-16T12:59:35","date_gmt":"2012-10-16T15:59:35","guid":{"rendered":"http:\/\/www.24baires.com\/?p=2328"},"modified":"2012-10-16T13:00:05","modified_gmt":"2012-10-16T16:00:05","slug":"volvemos-a-equivocarnos-dijo-mouilleron-por-la-ley-de-art","status":"publish","type":"post","link":"https:\/\/www.24baires.com\/?p=2328","title":{"rendered":"\u00abVolvemos a equivocarnos\u00bb, dijo Mouiller\u00f3n por la Ley de ART"},"content":{"rendered":"<p style=\"text-align: center;\"><img data-recalc-dims=\"1\" loading=\"lazy\" decoding=\"async\" class=\"size-full wp-image-2329 aligncenter\" title=\"mouilleron\" src=\"https:\/\/i0.wp.com\/www.24baires.com\/wp-content\/uploads\/2012\/10\/mouilleron.jpg?resize=560%2C224\" alt=\"\" width=\"560\" height=\"224\" srcset=\"https:\/\/i0.wp.com\/www.24baires.com\/wp-content\/uploads\/2012\/10\/mouilleron.jpg?w=560&amp;ssl=1 560w, https:\/\/i0.wp.com\/www.24baires.com\/wp-content\/uploads\/2012\/10\/mouilleron.jpg?resize=300%2C120&amp;ssl=1 300w\" sizes=\"auto, (max-width: 560px) 100vw, 560px\" \/><\/p>\n<p>De convalidarse, la normativa que regular\u00e1 los accidentes de trabajo \u00abest\u00e1 encaminada a fracasar\u00bb, advierte el diputado nacional Roberto Mouiller\u00f3n. \u00abPerjudica a los trabajadores y en alg\u00fan momento la Corte Suprema retrotraer\u00e1 la situaci\u00f3n\u00bb .<!--more--><br \/>\n\u201cCon tan s\u00f3lo quince d\u00edas m\u00e1s y con voluntad suficiente como para discutir y mejorar algunos aspectos, los diputados podr\u00edamos consensuar una nueva ley de Riesgos de Trabajo que beneficie a los trabajadores y no que, pese a todo lo se predica, retrotraiga el desamparo de otros tiempos en materia de cobertura de riesgos laborales\u201d<br \/>\nAs\u00ed se manifest\u00f3 el diputado tandilense Roberto Mouiller\u00f3n respecto a una propuesta que ya tuvo despacho favorable en la C\u00e1mara Alta y que, seg\u00fan todo lo indica, se encamina a ser aprobada en forma urgente en Diputados.<br \/>\n\u201cLa iniciativa del Frente para la Victoria incrementa el monto de las indemnizaciones pero elimina la doble v\u00eda para el reclamo que hasta hoy pueden practicar los trabajadores accidentados y, de acuerdo al diputado del bloque de Uni\u00f3n Peronista, en general los art\u00edculos \u201cest\u00e1n centrados en la reparaci\u00f3n y no en la prevenci\u00f3n, o sea que arranca con una distorsi\u00f3n legislativa condenada al fracaso\u201d, evalu\u00f3 el tandilense en un parte de prensa.<br \/>\n\u201cCuesta creer que algunas cosas tengan que resolverse a libro cerrado, de la noche a la ma\u00f1ana \u2013expres\u00f3 Mouiller\u00f3n- mientras asuntos impostergables como el proyecto que consagra al fin la protecci\u00f3n jur\u00eddica de los trabajadores de casas particulares descansan en el Senado desde hace dos a\u00f1os y medio\u201d.<br \/>\nA su entender, la premura oficial \u201cresulta tan inexplicable e injusta como el desconocimiento que el gobierno hace de seis alternativas que en relaci\u00f3n a los riesgos laborales elaboraron pacientemente legisladores de diferentes partidos (entre ellos del propio FPV) y hasta de las conclusiones que emiti\u00f3 el Consejo Federal del Trabajo (CFT) quienes, en todos los casos, priorizan acciones para evitar accidentes y reci\u00e9n luego se centran en la reparaci\u00f3n\u201d.<br \/>\n\u201cAqu\u00ed hay una sola realidad y es lo de siempre \u2013protest\u00f3-: los diputados tenemos que tratar en forma urgente y sin alterar una coma un proyecto del cual no sabemos siquiera qui\u00e9n es su autor y que con alta probabilidad va a generar pleitos judiciales que desembocar\u00e1n en una futura decisi\u00f3n de la Corte Suprema que desestimar\u00e1 la intenci\u00f3n visible de esta reforma\u201d.<\/p>\n","protected":false},"excerpt":{"rendered":"<p>De convalidarse, la normativa que regular\u00e1 los accidentes de trabajo \u00abest\u00e1 encaminada a fracasar\u00bb, advierte el diputado nacional Roberto Mouiller\u00f3n. \u00abPerjudica a los trabajadores y en alg\u00fan momento la Corte Suprema retrotraer\u00e1 la situaci\u00f3n\u00bb .<\/p>\n","protected":false},"author":11,"featured_media":0,"comment_status":"open","ping_status":"open","sticky":false,"template":"","format":"standard","meta":{"_jetpack_newsletter_access":"","_jetpack_dont_email_post_to_subs":false,"_jetpack_newsletter_tier_id":0,"_jetpack_memberships_contains_paywalled_content":false,"_jetpack_memberships_contains_paid_content":false,"footnotes":""},"categories":[51],"tags":[],"class_list":["post-2328","post","type-post","status-publish","format-standard","hentry","category-politica"],"jetpack_featured_media_url":"","jetpack_shortlink":"https:\/\/wp.me\/p2JWE0-By","jetpack-related-posts":[{"id":113188,"url":"https:\/\/www.24baires.com\/?p=113188","url_meta":{"origin":2328,"position":0},"title":"Asumieron los nuevos legisladores a la C\u00e1mara de Diputados","author":"GB","date":"29\/11\/2019","format":false,"excerpt":"Finalmente Mercedes Trimarchi, Cristina Vilotta y Nicol\u00e1s Russo, juraron como diputados provinciales y, se embarcan para desempe\u00f1arse dentro de la C\u00e1mara por los pr\u00f3ximos dos a\u00f1os. Despu\u00e9s de una sesi\u00f3n marat\u00f3nica y, un tanto conflictiva, la C\u00e1mara de Diputados renov\u00f3 sus autoridades. Tres nuevos legisladores se preparan para afrontar los\u2026","rel":"","context":"En \u00abProvincia\u00bb","block_context":{"text":"Provincia","link":"https:\/\/www.24baires.com\/?cat=40"},"img":{"alt_text":"","src":"https:\/\/i0.wp.com\/www.24baires.com\/wp-content\/uploads\/2018\/06\/diputados.jpg?resize=350%2C200","width":350,"height":200,"srcset":"https:\/\/i0.wp.com\/www.24baires.com\/wp-content\/uploads\/2018\/06\/diputados.jpg?resize=350%2C200 1x, https:\/\/i0.wp.com\/www.24baires.com\/wp-content\/uploads\/2018\/06\/diputados.jpg?resize=525%2C300 1.5x"},"classes":[]},{"id":98500,"url":"https:\/\/www.24baires.com\/?p=98500","url_meta":{"origin":2328,"position":1},"title":"Legisladores de Cambiemos respaldaron el Presupuesto 2018","author":"GB","date":"02\/11\/2017","format":false,"excerpt":"Diputados y senadores destacaron la inversi\u00f3n en infraestructura y la baja del d\u00e9ficit y de la presi\u00f3n impositiva. Tras las cr\u00edticas del PJ, diputados y senadores de Cambiemos respaldaron el proyecto de Presupuesto 2018 enviado por Mar\u00eda Eugenia Vidal y destacaron el incremento de la inversi\u00f3n en obra p\u00fablica y\u2026","rel":"","context":"En \u00abEconom\u00eda\u00bb","block_context":{"text":"Econom\u00eda","link":"https:\/\/www.24baires.com\/?cat=45"},"img":{"alt_text":"","src":"https:\/\/i0.wp.com\/www.24baires.com\/wp-content\/uploads\/2017\/11\/legisladores-cambiemos.jpg?resize=350%2C200","width":350,"height":200,"srcset":"https:\/\/i0.wp.com\/www.24baires.com\/wp-content\/uploads\/2017\/11\/legisladores-cambiemos.jpg?resize=350%2C200 1x, https:\/\/i0.wp.com\/www.24baires.com\/wp-content\/uploads\/2017\/11\/legisladores-cambiemos.jpg?resize=525%2C300 1.5x"},"classes":[]},{"id":80281,"url":"https:\/\/www.24baires.com\/?p=80281","url_meta":{"origin":2328,"position":2},"title":"Fondos Buitre: Senadora pidi\u00f3 cambiar el proyecto y complicar\u00eda la realizaci\u00f3n del acuerdo","author":"GB","date":"17\/03\/2016","format":false,"excerpt":"Se trata de Liliana Negre de Alonso, senadora de Compromiso Federal. De aceptarse los cambios, el proyecto deber\u00eda volver a diputados y complicar\u00eda los tiempos del macrismo, ya que el l\u00edmite para firmar el acuerdo es el 14 de abril. Federico Pinedo advirti\u00f3 que \"es peligroso\". Luego de obtener media\u2026","rel":"","context":"En \u00abPol\u00edtica\u00bb","block_context":{"text":"Pol\u00edtica","link":"https:\/\/www.24baires.com\/?cat=51"},"img":{"alt_text":"de alonso","src":"https:\/\/i0.wp.com\/www.24baires.com\/wp-content\/uploads\/2016\/03\/de-alonso.jpg?resize=350%2C200","width":350,"height":200,"srcset":"https:\/\/i0.wp.com\/www.24baires.com\/wp-content\/uploads\/2016\/03\/de-alonso.jpg?resize=350%2C200 1x, https:\/\/i0.wp.com\/www.24baires.com\/wp-content\/uploads\/2016\/03\/de-alonso.jpg?resize=525%2C300 1.5x"},"classes":[]},{"id":122707,"url":"https:\/\/www.24baires.com\/?p=122707","url_meta":{"origin":2328,"position":3},"title":"Kicillof logr\u00f3 convertir en Ley el Presupuesto y la Impositiva, pero no junt\u00f3 los votos para el endeudamiento","author":"GB","date":"27\/11\/2025","format":false,"excerpt":"Luego de una marat\u00f3nica jornada de negociaciones, tanto Diputados como Senadores aprobaron el Presupuesto 2026 y la Ley Impositiva. El endeudamiento se tratar\u00e1 el viernes si el oficialismo consigue los dos tercios necesarios para aprobarlo. Finalmente, y con 9 horas de atraso, sesion\u00f3 Diputados, pero solo aprob\u00f3 el Presupuesto 2026\u2026","rel":"","context":"En \u00abProvincia\u00bb","block_context":{"text":"Provincia","link":"https:\/\/www.24baires.com\/?cat=40"},"img":{"alt_text":"","src":"https:\/\/i0.wp.com\/www.24baires.com\/wp-content\/uploads\/2019\/12\/diputados-bonaerenses.jpg?resize=350%2C200","width":350,"height":200,"srcset":"https:\/\/i0.wp.com\/www.24baires.com\/wp-content\/uploads\/2019\/12\/diputados-bonaerenses.jpg?resize=350%2C200 1x, https:\/\/i0.wp.com\/www.24baires.com\/wp-content\/uploads\/2019\/12\/diputados-bonaerenses.jpg?resize=525%2C300 1.5x, https:\/\/i0.wp.com\/www.24baires.com\/wp-content\/uploads\/2019\/12\/diputados-bonaerenses.jpg?resize=700%2C400 2x"},"classes":[]},{"id":116851,"url":"https:\/\/www.24baires.com\/?p=116851","url_meta":{"origin":2328,"position":4},"title":"Diputados debate la legalizaci\u00f3n del aborto en una sesi\u00f3n marat\u00f3nica","author":"GB","date":"10\/12\/2020","format":false,"excerpt":"La C\u00e1mara de Diputados tratar\u00e1 este mi\u00e9rcoles los proyectos de legalizaci\u00f3n del aborto y del \"Plan de los 1000 d\u00edas\", los votar\u00eda el viernes y se esperan movilizaciones al Congreso desde temprano. La C\u00e1mara de Diputados encarar\u00e1 una sesi\u00f3n especial hist\u00f3rica para tratar el proyecto de legalizaci\u00f3n del aborto. Ser\u00e1\u2026","rel":"","context":"En \u00abPol\u00edtica\u00bb","block_context":{"text":"Pol\u00edtica","link":"https:\/\/www.24baires.com\/?cat=51"},"img":{"alt_text":"","src":"https:\/\/i0.wp.com\/www.24baires.com\/wp-content\/uploads\/2019\/02\/pa%C3%B1uelo-aborto.jpg?resize=350%2C200","width":350,"height":200,"srcset":"https:\/\/i0.wp.com\/www.24baires.com\/wp-content\/uploads\/2019\/02\/pa%C3%B1uelo-aborto.jpg?resize=350%2C200 1x, https:\/\/i0.wp.com\/www.24baires.com\/wp-content\/uploads\/2019\/02\/pa%C3%B1uelo-aborto.jpg?resize=525%2C300 1.5x"},"classes":[]},{"id":114428,"url":"https:\/\/www.24baires.com\/?p=114428","url_meta":{"origin":2328,"position":5},"title":"Diputados sesionar\u00e1n solo en caso que se requiera una ley para atender la pandemia","author":"AF","date":"17\/03\/2020","format":false,"excerpt":"Los jefes de bloque de la C\u00e1mara de Diputados mantuvieron un encuentro con el ministro Gin\u00e9s Gonz\u00e1lez Garc\u00eda y definieron c\u00f3mo continuar\u00e1 la actividad parlamentaria. Este martes, los titulares de los diferentes bloques de la C\u00e1mara de Diputados mantuvieron un encuentro con el titular de la cartera de Salud, Gin\u00e9s\u2026","rel":"","context":"En \u00abPol\u00edtica\u00bb","block_context":{"text":"Pol\u00edtica","link":"https:\/\/www.24baires.com\/?cat=51"},"img":{"alt_text":"","src":"https:\/\/i0.wp.com\/www.24baires.com\/wp-content\/uploads\/2018\/10\/dipiutades.jpg?resize=350%2C200","width":350,"height":200,"srcset":"https:\/\/i0.wp.com\/www.24baires.com\/wp-content\/uploads\/2018\/10\/dipiutades.jpg?resize=350%2C200 1x, https:\/\/i0.wp.com\/www.24baires.com\/wp-content\/uploads\/2018\/10\/dipiutades.jpg?resize=525%2C300 1.5x"},"classes":[]}],"jetpack_sharing_enabled":true,"jetpack_likes_enabled":true,"_links":{"self":[{"href":"https:\/\/www.24baires.com\/index.php?rest_route=\/wp\/v2\/posts\/2328","targetHints":{"allow":["GET"]}}],"collection":[{"href":"https:\/\/www.24baires.com\/index.php?rest_route=\/wp\/v2\/posts"}],"about":[{"href":"https:\/\/www.24baires.com\/index.php?rest_route=\/wp\/v2\/types\/post"}],"author":[{"embeddable":true,"href":"https:\/\/www.24baires.com\/index.php?rest_route=\/wp\/v2\/users\/11"}],"replies":[{"embeddable":true,"href":"https:\/\/www.24baires.com\/index.php?rest_route=%2Fwp%2Fv2%2Fcomments&post=2328"}],"version-history":[{"count":0,"href":"https:\/\/www.24baires.com\/index.php?rest_route=\/wp\/v2\/posts\/2328\/revisions"}],"wp:attachment":[{"href":"https:\/\/www.24baires.com\/index.php?rest_route=%2Fwp%2Fv2%2Fmedia&parent=2328"}],"wp:term":[{"taxonomy":"category","embeddable":true,"href":"https:\/\/www.24baires.com\/index.php?rest_route=%2Fwp%2Fv2%2Fcategories&post=2328"},{"taxonomy":"post_tag","embeddable":true,"href":"https:\/\/www.24baires.com\/index.php?rest_route=%2Fwp%2Fv2%2Ftags&post=2328"}],"curies":[{"name":"wp","href":"https:\/\/api.w.org\/{rel}","templated":true}]}}