{"id":2326,"date":"2012-10-16T12:47:46","date_gmt":"2012-10-16T15:47:46","guid":{"rendered":"http:\/\/www.24baires.com\/?p=2326"},"modified":"2012-10-16T12:47:46","modified_gmt":"2012-10-16T15:47:46","slug":"duros-cuestionamientos-a-la-juan-domingo-en-lanus","status":"publish","type":"post","link":"https:\/\/www.24baires.com\/?p=2326","title":{"rendered":"Duros cuestionamientos a &#8216;La Juan Domingo&#8217; en Lan\u00fas"},"content":{"rendered":"<p>Concejales del Frente para la Victoria denuncian que la agrupaci\u00f3n sciolista intenta \u201cpolitizar\u201d algunos debates importantes para perjudicar la gesti\u00f3n del intendente local Dar\u00edo D\u00edaz P\u00e9rez. Al ser consultado el titular del bloque oficialista, H\u00e9ctor Montero, calific\u00f3 la situaci\u00f3n como \u201clamentable\u201d.<br \/>\n<!--more--><br \/>\nLas denuncias del FPV apuntan al bloque \u201c17 de Octubre\u201d, que responde desde el Concejo Deliberante de Lan\u00fas a la agrupaci\u00f3n \u201cLa Juan Domingo\u201d, liderada por el senador provincial Baldomero \u201cCacho\u201d \u00c1lvarez.<\/p>\n<p>Uno de los debates que los ediles sciolistas pretenden \u201cpolitizar\u201d en contra del intendente Dar\u00edo D\u00edaz P\u00e9rez tiene que ver con la investigaci\u00f3n que se llevar\u00e1 a cabo en el predio de la ex fabrica \u201cCampomar\u201d, donde estaba prevista la construcci\u00f3n de un complejo de viviendas. La obra fue detenida ante las denuncias de algunos vecinos de que en el lugar pudo haber funcionado un centro clandestino de detenci\u00f3n durante la \u00faltima dictadura.<\/p>\n<p>En dialogo con AgePeBA, el concejal del FPV H\u00e9ctor Montero explic\u00f3 que el municipio par\u00f3 las obras en el predio para facilitar la investigaci\u00f3n que impulsa la Comisi\u00f3n Provincial por la Memoria.<\/p>\n<p>Sin embargo, \u201cLa Juan Domingo\u201d lanz\u00f3 una campa\u00f1a de afiches para acusar a D\u00edaz P\u00e9rez de querer ocultar el tema: \u201cIntentan desgastar la imagen del intendente y manipular la visi\u00f3n de los vecinos de Lan\u00fas en un tema tan delicado como este\u201d, afirm\u00f3 Montero.<\/p>\n<p>\u201cEl accionar de esta agrupaci\u00f3n es vergonzoso porque en este tema el intendente brind\u00f3 todo su apoyo para la investigaci\u00f3n, y la Comisi\u00f3n Provincial por la Memoria tiene todo el respaldo municipal\u201d, remarc\u00f3.<\/p>\n<p>Montero asegur\u00f3 que las diferencias con \u201cLa Juan Domingo\u201d son \u201chabituales\u201d y puso como ejemplo la \u00faltima sesi\u00f3n del HCD local, cuando se puso en debate un proyecto de resoluci\u00f3n para declarar de \u201clesa humanidad\u201d el crimen del sindicalista Jos\u00e9 Ignacio Rucci en 1973.<\/p>\n<p>El edil explic\u00f3 que la totalidad de los bloques estaba de acuerdo con apoyar la iniciativa de la familia para esclarecer el crimen, pero no con algunas consideraciones de la resoluci\u00f3n, como la declaraci\u00f3n de \u201ccrimen de lesa humanidad\u201d.<\/p>\n<p>\u201cPara nosotros es lamentable llevar una interna peronista a una sesi\u00f3n cuando hay otros temas para tratar, m\u00e1s relacionados con los vecinos de Lan\u00fas\u201d, dijo al respecto.<\/p>\n<p>Montero consider\u00f3 que los concejales de \u201cLa Juan Domingo\u201d est\u00e1n mal aconsejados y que \u201ccomo no tienen forma de debatir proyectos serios para Lan\u00fas, y tampoco tienen el apoyo de la gente, hacen picard\u00edas con las que no ganan nada\u201d.<\/p>\n","protected":false},"excerpt":{"rendered":"<p>Concejales del Frente para la Victoria denuncian que la agrupaci\u00f3n sciolista intenta \u201cpolitizar\u201d algunos debates importantes para perjudicar la gesti\u00f3n del intendente local Dar\u00edo D\u00edaz P\u00e9rez. Al ser consultado el titular del bloque oficialista, H\u00e9ctor Montero, calific\u00f3 la situaci\u00f3n como \u201clamentable\u201d.<\/p>\n","protected":false},"author":11,"featured_media":0,"comment_status":"open","ping_status":"open","sticky":false,"template":"","format":"standard","meta":{"_jetpack_newsletter_access":"","_jetpack_dont_email_post_to_subs":false,"_jetpack_newsletter_tier_id":0,"_jetpack_memberships_contains_paywalled_content":false,"_jetpack_memberships_contains_paid_content":false,"footnotes":""},"categories":[51],"tags":[],"class_list":["post-2326","post","type-post","status-publish","format-standard","hentry","category-politica"],"jetpack_featured_media_url":"","jetpack_shortlink":"https:\/\/wp.me\/p2JWE0-Bw","jetpack-related-posts":[{"id":2652,"url":"https:\/\/www.24baires.com\/?p=2652","url_meta":{"origin":2326,"position":0},"title":"\u201cEl peronismo se divide porque se est\u00e1 acomodando al pr\u00f3ximo a\u00f1o electoral\u201d","author":"Grupo Sierra","date":"19\/10\/2012","format":false,"excerpt":"LAN\u00daS.- La concejal del Frente Para la Victoria de Lan\u00fas, Mabel Gagino, realiz\u00f3 un an\u00e1lisis de las internas del PJ local y consider\u00f3 \u201cnormales\u201d las divisiones y los distintos posicionamientos que tambi\u00e9n se registran a nivel provincial y nacional. La sesi\u00f3n de este viernes del Concejo Deliberante de Lan\u00fas comenz\u00f3\u2026","rel":"","context":"En \u00abPol\u00edtica\u00bb","block_context":{"text":"Pol\u00edtica","link":"https:\/\/www.24baires.com\/?cat=51"},"img":{"alt_text":"","src":"https:\/\/i0.wp.com\/www.24baires.com\/wp-content\/uploads\/2012\/10\/gagino-FPV-Lanus.jpg?resize=350%2C200","width":350,"height":200,"srcset":"https:\/\/i0.wp.com\/www.24baires.com\/wp-content\/uploads\/2012\/10\/gagino-FPV-Lanus.jpg?resize=350%2C200 1x, https:\/\/i0.wp.com\/www.24baires.com\/wp-content\/uploads\/2012\/10\/gagino-FPV-Lanus.jpg?resize=525%2C300 1.5x"},"classes":[]},{"id":11039,"url":"https:\/\/www.24baires.com\/?p=11039","url_meta":{"origin":2326,"position":1},"title":"Aseguran que \u00ab&#8216;La Juan Domingo&#8217; es capaz de cualquier cosa\u00bb","author":"Grupo Sierra","date":"02\/01\/2013","format":false,"excerpt":"LAN\u00daS.- El concejal H\u00e9ctor Montero (FpV) dijo que este a\u00f1o habr\u00e1 \u201cmuchos intereses en juego\u201d y advirti\u00f3 que la agrupaci\u00f3n sciolista que lidera el senador Baldomero \u201cCacho\u201d \u00c1lvarez, \u201cLa Juan Domingo\u201d, es capaz de \u201ccualquier cosa\u201d. Puso como ejemplo los robos organizados antes de Navidad y el apoyo a la\u2026","rel":"","context":"En \u00abPol\u00edtica\u00bb","block_context":{"text":"Pol\u00edtica","link":"https:\/\/www.24baires.com\/?cat=51"},"img":{"alt_text":"alvarez cacho-Scioli","src":"https:\/\/i0.wp.com\/www.24baires.com\/wp-content\/uploads\/2013\/01\/alvarez-cacho-Scioli.jpg?resize=350%2C200","width":350,"height":200,"srcset":"https:\/\/i0.wp.com\/www.24baires.com\/wp-content\/uploads\/2013\/01\/alvarez-cacho-Scioli.jpg?resize=350%2C200 1x, https:\/\/i0.wp.com\/www.24baires.com\/wp-content\/uploads\/2013\/01\/alvarez-cacho-Scioli.jpg?resize=525%2C300 1.5x"},"classes":[]},{"id":6169,"url":"https:\/\/www.24baires.com\/?p=6169","url_meta":{"origin":2326,"position":2},"title":"\u00abLo de Pampuro es lamentable\u00bb","author":"Grupo Sierra","date":"20\/11\/2012","format":false,"excerpt":"LAN\u00daS - El intendente Dar\u00edo D\u00edaz P\u00e9rez, critic\u00f3 que el vice del Banco Provincia haya alentado la candidatura presidencial de Daniel Scioli sin consultar al Partido Justicialista de Lan\u00fas, del cual es presidente. Tambi\u00e9n le recrimin\u00f3 los ataques al diputado Andr\u00e9s Larroque y consider\u00f3 que perjudica al propio gobernador cuando\u2026","rel":"","context":"En \u00abPol\u00edtica\u00bb","block_context":{"text":"Pol\u00edtica","link":"https:\/\/www.24baires.com\/?cat=51"},"img":{"alt_text":"","src":"https:\/\/i0.wp.com\/www.24baires.com\/wp-content\/uploads\/2012\/11\/diaz-perez.jpg?resize=350%2C200","width":350,"height":200,"srcset":"https:\/\/i0.wp.com\/www.24baires.com\/wp-content\/uploads\/2012\/11\/diaz-perez.jpg?resize=350%2C200 1x, https:\/\/i0.wp.com\/www.24baires.com\/wp-content\/uploads\/2012\/11\/diaz-perez.jpg?resize=525%2C300 1.5x"},"classes":[]},{"id":4218,"url":"https:\/\/www.24baires.com\/?p=4218","url_meta":{"origin":2326,"position":3},"title":"El Intendente de Lan\u00fas le pide a los vecinos que se movilicen por la Ley de Medios","author":"Grupo Sierra","date":"02\/11\/2012","format":false,"excerpt":"El intendente Dar\u00edo\u00a0D\u00edaz Perez\u00a0plante\u00f3 hoy la necesidad de consolidar \u201cun proceso in\u00e9dito en la Argentina\" de cara al pr\u00f3ximo 7 de diciembre, cuando vence la medida cautelar que \u201cevita el cumplimiento completo\u201d de la Ley de Servicios de Comunicaci\u00f3n Audiovisual. \u201cLa Presidenta (Cristina Fern\u00e1ndez de Kirchner) necesita de cada uno\u2026","rel":"","context":"En \u00abMedios\u00bb","block_context":{"text":"Medios","link":"https:\/\/www.24baires.com\/?cat=54"},"img":{"alt_text":"","src":"","width":0,"height":0},"classes":[]},{"id":12402,"url":"https:\/\/www.24baires.com\/?p=12402","url_meta":{"origin":2326,"position":4},"title":"Dar\u00edo D\u00edaz P\u00e9rez habl\u00f3 de la &#8216;gaffe&#8217; de TN","author":"Grupo Sierra","date":"16\/01\/2013","format":false,"excerpt":"LAN\u00daS.- El intendente de Lan\u00fas, Dar\u00edo D\u00edaz P\u00e9rez, denunci\u00f3 una campa\u00f1a del Grupo Clar\u00edn, \u00a0acus\u00f3 a la empresa y a \"pol\u00edticos de la oposici\u00f3n\", luego de que el viernes pasado TN difundiera como noticia el crimen de un empresario en el municipio que hab\u00eda ocurrido hace cinco a\u00f1os. \"Una torpeza\u2026","rel":"","context":"En \u00abMedios\u00bb","block_context":{"text":"Medios","link":"https:\/\/www.24baires.com\/?cat=54"},"img":{"alt_text":"diaz-perez","src":"https:\/\/i0.wp.com\/www.24baires.com\/wp-content\/uploads\/2012\/11\/diaz-perez.jpg?resize=350%2C200","width":350,"height":200,"srcset":"https:\/\/i0.wp.com\/www.24baires.com\/wp-content\/uploads\/2012\/11\/diaz-perez.jpg?resize=350%2C200 1x, https:\/\/i0.wp.com\/www.24baires.com\/wp-content\/uploads\/2012\/11\/diaz-perez.jpg?resize=525%2C300 1.5x"},"classes":[]},{"id":41549,"url":"https:\/\/www.24baires.com\/?p=41549","url_meta":{"origin":2326,"position":5},"title":"Ataque barrabrava: el Presidente de El Porvenir, nuevamente perseguido","author":"Grupo Sierra","date":"05\/03\/2014","format":false,"excerpt":"LAN\u00daS- Ocurri\u00f3 a 9 d\u00edas del ataque al Presidente de Los Andes, Oscar Ferreyra, quien renunci\u00f3 tras que balearan sucasa. Esta ma\u00f1ana, barras del club de Gerli quemaron un patrullero que custodiaba la vivienda de Enrique Merelas en Lan\u00fas Oeste. El dirigente confes\u00f3 que el club \"es un dep\u00f3sito de\u2026","rel":"","context":"En \u00abLocales\u00bb","block_context":{"text":"Locales","link":"https:\/\/www.24baires.com\/?cat=38"},"img":{"alt_text":"merelas","src":"https:\/\/i0.wp.com\/www.24baires.com\/wp-content\/uploads\/2014\/03\/merelas.jpg?resize=350%2C200","width":350,"height":200,"srcset":"https:\/\/i0.wp.com\/www.24baires.com\/wp-content\/uploads\/2014\/03\/merelas.jpg?resize=350%2C200 1x, https:\/\/i0.wp.com\/www.24baires.com\/wp-content\/uploads\/2014\/03\/merelas.jpg?resize=525%2C300 1.5x"},"classes":[]}],"jetpack_sharing_enabled":true,"jetpack_likes_enabled":true,"_links":{"self":[{"href":"https:\/\/www.24baires.com\/index.php?rest_route=\/wp\/v2\/posts\/2326","targetHints":{"allow":["GET"]}}],"collection":[{"href":"https:\/\/www.24baires.com\/index.php?rest_route=\/wp\/v2\/posts"}],"about":[{"href":"https:\/\/www.24baires.com\/index.php?rest_route=\/wp\/v2\/types\/post"}],"author":[{"embeddable":true,"href":"https:\/\/www.24baires.com\/index.php?rest_route=\/wp\/v2\/users\/11"}],"replies":[{"embeddable":true,"href":"https:\/\/www.24baires.com\/index.php?rest_route=%2Fwp%2Fv2%2Fcomments&post=2326"}],"version-history":[{"count":0,"href":"https:\/\/www.24baires.com\/index.php?rest_route=\/wp\/v2\/posts\/2326\/revisions"}],"wp:attachment":[{"href":"https:\/\/www.24baires.com\/index.php?rest_route=%2Fwp%2Fv2%2Fmedia&parent=2326"}],"wp:term":[{"taxonomy":"category","embeddable":true,"href":"https:\/\/www.24baires.com\/index.php?rest_route=%2Fwp%2Fv2%2Fcategories&post=2326"},{"taxonomy":"post_tag","embeddable":true,"href":"https:\/\/www.24baires.com\/index.php?rest_route=%2Fwp%2Fv2%2Ftags&post=2326"}],"curies":[{"name":"wp","href":"https:\/\/api.w.org\/{rel}","templated":true}]}}