{"id":2307,"date":"2012-10-15T22:40:38","date_gmt":"2012-10-16T01:40:38","guid":{"rendered":"http:\/\/www.24baires.com\/?p=2307"},"modified":"2012-10-15T22:40:38","modified_gmt":"2012-10-16T01:40:38","slug":"cristina-anuncio-programa-para-jovenes-e-inauguro-obras-en-gral-pinto-y-avellaneda","status":"publish","type":"post","link":"https:\/\/www.24baires.com\/?p=2307","title":{"rendered":"Cristina anunci\u00f3 programa para j\u00f3venes e inaugur\u00f3 obras en Gral. Pinto y Avellaneda"},"content":{"rendered":"<div class=\"alignleft\"><object width=\"280\" height=\"210\" classid=\"clsid:d27cdb6e-ae6d-11cf-96b8-444553540000\" codebase=\"http:\/\/download.macromedia.com\/pub\/shockwave\/cabs\/flash\/swflash.cab#version=6,0,40,0\"><param name=\"allowFullScreen\" value=\"true\" \/><param name=\"allowscriptaccess\" value=\"always\" \/><param name=\"src\" value=\"http:\/\/www.youtube.com\/v\/ez5-ovQK3tw?version=3&amp;hl=es_ES;rel=0;showinfo=0;controls=0\" \/><param name=\"allowfullscreen\" value=\"true\" \/><\/object><\/div>\n<p>La presidenta Cristina Fern\u00e1ndez de Kirchner anunci\u00f3 que ser\u00e1n destinados 50 millones de pesos al programa de capacitaci\u00f3n para j\u00f3venes Emplear-Tec, durante un acto en Casa de Gobierno. Tambi\u00e9n por videoconferencia\u00a0inaugur\u00f3 obras para las provincias de Buenos Aires y Mendoza. Concretamente en las localidades de\u00a0General Pinto y Avellaneda.<!--more--><br \/>\nLa Presidenta destac\u00f3 el impulso que el Gobierno le da a la industria del software, al afirmar que su crecimiento tambi\u00e9n significa \u00abun impacto en todas las otras industrias por su impacto en la competitividad\u00bb.<br \/>\nLa jefa de Estado encabez\u00f3 en Casa de Gobierno un acto por el lanzamiento del plan de formaci\u00f3n continua Emplear-Tec e inauguraci\u00f3n de obras para las provincias de Buenos Aires y Mendoza.<br \/>\nEn ese sentido, Cristina subray\u00f3 que \u00abesta es una industria que no tiene techo, cada vez hay mayor demanda y comienza a impactar en todas las otras industrias por la competitividad\u00bb.<br \/>\nEn esa direcci\u00f3n, ejemplific\u00f3 \u00abdesde la l\u00ednea blanca que necesita de software, desde la telefon\u00eda, desde el sector automotriz para que las autopartes sean con software, porque esto da mucho valor agregado y nos deja una balanza positiva\u00bb.<br \/>\nAcompa\u00f1aron a Cristina el jefe de Gabinete, Juan Manuel Abal Medina y los ministros de Trabajo Carlos Tomada; de Planificaci\u00f3n Federal, Julio de Vido y de Industria D\u00e9bora Giorgi, entre otros funcionarios.<br \/>\nEl acto se llev\u00f3 a cabo en el sal\u00f3n de las Mujeres del Bicentenario y se realizaron videoconferencias con General Pinto y Avellaneda, en la provincia de Buenos Aires, y Guaymall\u00e9n, Mendoza, municipios en los que se inauguraron distintas obras con apoyo del gobierno nacional.<br \/>\nLa jefa de Estado anunci\u00f3 que ser\u00e1n destinados 50 millones de pesos al programa de capacitaci\u00f3n para j\u00f3venes Emplear-Tec. Detall\u00f3 que esa inversi\u00f3n servir\u00e1 para desarrollar laboratorios de inform\u00e1tica y simuladores de vuelo, entre otras actividades.<br \/>\n\u00abEsta industria ha llegado a contar en el a\u00f1o 2011 con 2.984 millones de d\u00f3lares en su facturaci\u00f3n y 765 millones de exportaciones y ha generado 67.100 mil empleos y con expectativas para este 2012 de aumentar esa facturaci\u00f3n en un 19.6, en un 13.4 sus exportaciones y en un 11.1 su empleo\u00bb.<br \/>\nInsisti\u00f3 la mandataria que \u00abes una actividad que ha hecho punta y exponencialmente es la que m\u00e1s ha crecido de todas\u00bb. \u00abAdem\u00e1s -explicit\u00f3- con un aditamento que a m\u00ed me maravilla que es el alto valor agregado y el particular valor agregado que tienen las empresas de software\u00bb.<br \/>\nEn sinton\u00eda, Cristina dijo que es un sector que \u00abtiene un alt\u00edsimo grado de capacitaci\u00f3n y una actividad muy bien remunerada porque requiere capacitaci\u00f3n y creatividad y somos adem\u00e1s un pa\u00eds que ha podido generar una industria de dise\u00f1o, no masivo\u00bb.<br \/>\n\u00abLa Argentina -ponder\u00f3- tiene la capacidad de poder dise\u00f1ar software a medida de lo que necesita la persona, la empresa o la actividad\u00bb, sostuvo.<br \/>\nY reflexion\u00f3 que \u00abesto nos da un valor agregado reconocido en el mundo muy importante y muchas de sus terminales est\u00e1n ac\u00e1 en la Rep\u00fablica Argentina\u00bb.<br \/>\nCristina se\u00f1al\u00f3 que \u00abpor eso hemos puesto especial empe\u00f1o en capacitar a trav\u00e9s del Ministerio de Trabajo a los j\u00f3venes\u00bb.<br \/>\nEn la teleconferencia con Mendoza, donde se inaugur\u00f3 un centro cultural, Cristina al hablar con Quino, presente en el acto junto al gobernador Francisco P\u00e9rez, lo defini\u00f3 como \u00ab\u00eddolo popular\u00bb y \u00abmaestro\u00bb y rescat\u00f3 de \u00e9l que a trav\u00e9s de Mafalda \u00abilumin\u00f3 a toda una generaci\u00f3n y dec\u00eda las cosas que no se pod\u00edan decir en \u00e9pocas en que la palabra estaba prohibida\u00bb.<br \/>\n\u00abVer esta especie de Notre Dame de la cultura para m\u00ed es una cosa incre\u00edble\u00bb, le se\u00f1al\u00f3 a su vez Quino a la presidenta, y le agradeci\u00f3 y le dese\u00f3 \u00abmucha suerte en esta changuita de gobernar que tiene usted\u00bb, frase que la Presidenta festej\u00f3 y le agradeci\u00f3.<\/p>\n","protected":false},"excerpt":{"rendered":"<p>La presidenta Cristina Fern\u00e1ndez de Kirchner anunci\u00f3 que ser\u00e1n destinados 50 millones de pesos al programa de capacitaci\u00f3n para j\u00f3venes Emplear-Tec, durante un acto en Casa de Gobierno. Tambi\u00e9n por videoconferencia\u00a0inaugur\u00f3 obras para las provincias de Buenos Aires y Mendoza. Concretamente en las localidades de\u00a0General Pinto y Avellaneda.<\/p>\n","protected":false},"author":11,"featured_media":0,"comment_status":"open","ping_status":"open","sticky":false,"template":"","format":"standard","meta":{"_jetpack_newsletter_access":"","_jetpack_dont_email_post_to_subs":false,"_jetpack_newsletter_tier_id":0,"_jetpack_memberships_contains_paywalled_content":false,"_jetpack_memberships_contains_paid_content":false,"footnotes":""},"categories":[51],"tags":[],"class_list":["post-2307","post","type-post","status-publish","format-standard","hentry","category-politica"],"jetpack_featured_media_url":"","jetpack_shortlink":"https:\/\/wp.me\/p2JWE0-Bd","jetpack-related-posts":[{"id":6082,"url":"https:\/\/www.24baires.com\/?p=6082","url_meta":{"origin":2307,"position":0},"title":"Ferraresi inaugur\u00f3 el polideportivo de Avellaneda acompa\u00f1ado por Grondona","author":"AF","date":"20\/11\/2012","format":false,"excerpt":"En el municipio de Avellaneda, el jefe comunal Jorge Ferraresi, inaugur\u00f3 las obras realizadas en el polideportivo Participar de Villa Corina, y en su discurso expres\u00f3 que \"trabajamos para recuperar espacios con poca infraestructura por la inclusi\u00f3n de los chicos\". Cont\u00f3 con la compa\u00f1\u00eda del titular de la AFA, Julio\u2026","rel":"","context":"En \u00abLocales\u00bb","block_context":{"text":"Locales","link":"https:\/\/www.24baires.com\/?cat=38"},"img":{"alt_text":"","src":"https:\/\/i0.wp.com\/www.24baires.com\/wp-content\/uploads\/2012\/11\/ferraresi-grondona.jpg?resize=350%2C200","width":350,"height":200},"classes":[]},{"id":55884,"url":"https:\/\/www.24baires.com\/?p=55884","url_meta":{"origin":2307,"position":1},"title":"Cristina se reunir\u00e1 con Estela de Carlotto y a su nieto en Olivos","author":"GB","date":"23\/10\/2014","format":false,"excerpt":"La presidenta Cristina Fern\u00e1ndez de Kirchner recibir\u00e1 hoy a la titular de Abuelas de Plaza de Mayo, Estela de Carlotto, y a su nieto Ignacio Guido Montoya Carlotto en la Residencia de Olivos y luego partir\u00e1 a Chaco para encabezar los actos de inauguraci\u00f3n de un centro de biotecnolog\u00eda moderna\u2026","rel":"","context":"En \u00abPol\u00edtica\u00bb","block_context":{"text":"Pol\u00edtica","link":"https:\/\/www.24baires.com\/?cat=51"},"img":{"alt_text":"cristina y guido 2","src":"https:\/\/i0.wp.com\/www.24baires.com\/wp-content\/uploads\/2014\/08\/cristina-y-guido-2.jpg?resize=350%2C200","width":350,"height":200,"srcset":"https:\/\/i0.wp.com\/www.24baires.com\/wp-content\/uploads\/2014\/08\/cristina-y-guido-2.jpg?resize=350%2C200 1x, https:\/\/i0.wp.com\/www.24baires.com\/wp-content\/uploads\/2014\/08\/cristina-y-guido-2.jpg?resize=525%2C300 1.5x"},"classes":[]},{"id":65775,"url":"https:\/\/www.24baires.com\/?p=65775","url_meta":{"origin":2307,"position":2},"title":"Cristina: \u00abSi alguien tiene una receta mejor que la explique bien\u00bb","author":"AF","date":"12\/05\/2015","format":false,"excerpt":"La Presidenta habl\u00f3 en Casa de Gobierno en un acto en el que encabez\u00f3 distintas inauguraciones en Salta, Formosa y la provincia de Buenos Aires y en el que se firm\u00f3 con 17 provincias una nueva pr\u00f3rroga del plan de refinanciamiento de deudas. La presidenta Cristina Fern\u00e1ndez de Kirchner encabez\u00f3\u2026","rel":"","context":"En \u00abPol\u00edtica\u00bb","block_context":{"text":"Pol\u00edtica","link":"https:\/\/www.24baires.com\/?cat=51"},"img":{"alt_text":"cristina","src":"https:\/\/i0.wp.com\/www.24baires.com\/wp-content\/uploads\/2015\/04\/cristina.jpg?resize=350%2C200","width":350,"height":200,"srcset":"https:\/\/i0.wp.com\/www.24baires.com\/wp-content\/uploads\/2015\/04\/cristina.jpg?resize=350%2C200 1x, https:\/\/i0.wp.com\/www.24baires.com\/wp-content\/uploads\/2015\/04\/cristina.jpg?resize=525%2C300 1.5x"},"classes":[]},{"id":33403,"url":"https:\/\/www.24baires.com\/?p=33403","url_meta":{"origin":2307,"position":3},"title":"Randazzo se refiri\u00f3 a Cristina como \u00abla Presidente m\u00e1s maltratada\u00a8","author":"GB","date":"11\/10\/2013","format":false,"excerpt":"Lo afirm\u00f3 el ministro de Interior y Transporte, Florencio Randazzo, en referencia a Cristina Fern\u00e1ndez de Kirchner, durante una recorrida de obras en Avellaneda. \"Hay que ayudarla a Cristina, y mucho; ha quedado en evidencia con esto la tarea incesante que realiza con aciertos y errores\", consider\u00f3 el funcionario nacional.\u2026","rel":"","context":"En \u00abPol\u00edtica\u00bb","block_context":{"text":"Pol\u00edtica","link":"https:\/\/www.24baires.com\/?cat=51"},"img":{"alt_text":"Randazzo-LAN","src":"https:\/\/i0.wp.com\/www.24baires.com\/wp-content\/uploads\/2013\/08\/Randazzo-LAN-300x199.jpg?resize=350%2C200","width":350,"height":200},"classes":[]},{"id":4576,"url":"https:\/\/www.24baires.com\/?p=4576","url_meta":{"origin":2307,"position":4},"title":"Rutas bonaerenses: es alarmante el estado en el que est\u00e1n","author":"AF","date":"06\/11\/2012","format":false,"excerpt":"Unos 98 millones de pesos fueron destinados a la construcci\u00f3n de esta v\u00eda, que \"une\" la cabecera del partido bonaerense de General Pinto y la localidad de Germania. La ruta se llama \"N\u00e9stor Kirchner\", y fue inaugurada el 15 de octubre pasado, en un acto v\u00eda teleconferencia entre la presidenta\u2026","rel":"","context":"En \u00abLocales\u00bb","block_context":{"text":"Locales","link":"https:\/\/www.24baires.com\/?cat=38"},"img":{"alt_text":"","src":"https:\/\/i0.wp.com\/www.24baires.com\/wp-content\/uploads\/2012\/11\/ruta-50.jpg?resize=350%2C200","width":350,"height":200,"srcset":"https:\/\/i0.wp.com\/www.24baires.com\/wp-content\/uploads\/2012\/11\/ruta-50.jpg?resize=350%2C200 1x, https:\/\/i0.wp.com\/www.24baires.com\/wp-content\/uploads\/2012\/11\/ruta-50.jpg?resize=525%2C300 1.5x"},"classes":[]},{"id":14369,"url":"https:\/\/www.24baires.com\/?p=14369","url_meta":{"origin":2307,"position":5},"title":"Gran crecimiento industrial en Avellaneda","author":"AF","date":"02\/02\/2013","format":false,"excerpt":"\u201cEn 2012 el crecimiento industrial en Avellaneda fue de 37,5 por ciento y este a\u00f1o seguimos con el mismo proceso de desarrollo\u201d, dijo el jefe comunal de Jorge Ferraresi, al presentar la ampliaci\u00f3n realizada en una empresa donde se producen envases y l\u00e1minas pl\u00e1sticas en Sarand\u00ed. El intendente de Avellaneda,\u2026","rel":"","context":"En \u00abLocales\u00bb","block_context":{"text":"Locales","link":"https:\/\/www.24baires.com\/?cat=38"},"img":{"alt_text":"ferraresi avellaneda","src":"https:\/\/i0.wp.com\/www.24baires.com\/wp-content\/uploads\/2012\/10\/ferraresi-avellaneda-300x187.jpg?resize=350%2C200","width":350,"height":200},"classes":[]}],"jetpack_sharing_enabled":true,"jetpack_likes_enabled":true,"_links":{"self":[{"href":"https:\/\/www.24baires.com\/index.php?rest_route=\/wp\/v2\/posts\/2307","targetHints":{"allow":["GET"]}}],"collection":[{"href":"https:\/\/www.24baires.com\/index.php?rest_route=\/wp\/v2\/posts"}],"about":[{"href":"https:\/\/www.24baires.com\/index.php?rest_route=\/wp\/v2\/types\/post"}],"author":[{"embeddable":true,"href":"https:\/\/www.24baires.com\/index.php?rest_route=\/wp\/v2\/users\/11"}],"replies":[{"embeddable":true,"href":"https:\/\/www.24baires.com\/index.php?rest_route=%2Fwp%2Fv2%2Fcomments&post=2307"}],"version-history":[{"count":0,"href":"https:\/\/www.24baires.com\/index.php?rest_route=\/wp\/v2\/posts\/2307\/revisions"}],"wp:attachment":[{"href":"https:\/\/www.24baires.com\/index.php?rest_route=%2Fwp%2Fv2%2Fmedia&parent=2307"}],"wp:term":[{"taxonomy":"category","embeddable":true,"href":"https:\/\/www.24baires.com\/index.php?rest_route=%2Fwp%2Fv2%2Fcategories&post=2307"},{"taxonomy":"post_tag","embeddable":true,"href":"https:\/\/www.24baires.com\/index.php?rest_route=%2Fwp%2Fv2%2Ftags&post=2307"}],"curies":[{"name":"wp","href":"https:\/\/api.w.org\/{rel}","templated":true}]}}