{"id":23036,"date":"2013-05-08T19:48:37","date_gmt":"2013-05-08T22:48:37","guid":{"rendered":"http:\/\/www.24baires.com\/?p=23036"},"modified":"2013-05-08T19:48:37","modified_gmt":"2013-05-08T22:48:37","slug":"las-premuras-de-marijuan","status":"publish","type":"post","link":"https:\/\/www.24baires.com\/?p=23036","title":{"rendered":"Las premuras de Mariju\u00e1n"},"content":{"rendered":"<p><img data-recalc-dims=\"1\" loading=\"lazy\" decoding=\"async\" class=\"aligncenter size-full wp-image-23037\" alt=\"marijuan2\" src=\"https:\/\/i0.wp.com\/www.24baires.com\/wp-content\/uploads\/2013\/05\/marijuan2.jpg?resize=560%2C419\" width=\"560\" height=\"419\" srcset=\"https:\/\/i0.wp.com\/www.24baires.com\/wp-content\/uploads\/2013\/05\/marijuan2.jpg?w=560&amp;ssl=1 560w, https:\/\/i0.wp.com\/www.24baires.com\/wp-content\/uploads\/2013\/05\/marijuan2.jpg?resize=300%2C224&amp;ssl=1 300w\" sizes=\"auto, (max-width: 560px) 100vw, 560px\" \/><\/p>\n<p>Los aprietes, las amenazas, las intimidaciones\u2026 siempre entran en el dec\u00e1logo de la infamia, de lo repudiable. Son cobard\u00edas usualmente obradas bajo el c\u00f3modo techo del anonimato. Sombras que suelen cernirse sobre determinadas personas para que dejen de hacer lo que hacen, o deber\u00edan hacer.<!--more--><\/p>\n<p>Esto ha sucedido con el fiscal Guillermo Mariju\u00e1n, quien ha denunciado amenazas contra s\u00ed y su familia en las \u00faltimas horas. \u00bfDe quienes provienen? Bueno, hay decenas de especulaciones. Muchos medios han optado por se\u00f1alarlas en el marco de la causa iniciada por dicho fiscal al empresario L\u00e1zaro B\u00e1ez, entre otros.<br \/>\nAunque el inter\u00e9s de estas l\u00edneas no es hacer especulaciones sobre el ya famoso sobre que recibi\u00f3 Mariju\u00e1n con la intimidaci\u00f3n escrita dentro, sino avanzar un poco en el an\u00e1lisis de las prioridades de este fiscal en los \u00faltimos a\u00f1os y los diversos tipos de coacciones que existen.<\/p>\n<p>Para esto debemos se\u00f1alar algo fundamental: hace cinco a\u00f1os Hern\u00e1n Arbizu, ahora ex vicepresidente del banco JP Morgan, denunci\u00f3 al Grupo Clar\u00edn (y otras 469 empresas) por presunto lavado de dinero. Esa causa y desde esa fecha est\u00e1 en posesi\u00f3n del mismo fiscal, quien durante todo ese per\u00edodo de tiempo s\u00f3lo present\u00f3 dos escritos y no solicit\u00f3 indagatorias e, incluso, no se les permiti\u00f3 participar en la causa ni a la AFIP y a la UIF (Unidad de Investigaciones Financieras).<br \/>\nPero, marcando demasiadas diferencias, s\u00ed imput\u00f3 a L\u00e1zaro B\u00e1ez, y bastante r\u00e1pido, a s\u00f3lo dos d\u00edas de hacerse cargo de la causa por presunto lavado de activos. Qu\u00e9 distinto, \u00bfno?<\/p>\n<p>\u00bfEst\u00e1 mal que haya actuado con tanta celeridad en el caso del empresario que se se\u00f1ala cercano al Kirchnerismo? No. \u00bfEst\u00e1 mal que la otra causa, la que investiga el presunto lavado de dinero por parte empresas como el Grupo Clar\u00edn, no haya sido objeto de la misma premura y no haya avanzado en cinco a\u00f1os? Si. Claro que si.<br \/>\nSabemos que luego del informe emitido en un programa de televisi\u00f3n conducido por Jorge Lanata, c\u00e1mara oculta de por medio, luego desmentida por el mismo protagonista del video, Fari\u00f1a, quien dijo que fue todo ficci\u00f3n solicitada por el conductor de Periodismo Para Todos, Mariju\u00e1n sum\u00f3 a la lista de imputados no s\u00f3lo a B\u00e1ez, sino tambi\u00e9n a su hijo Mart\u00edn, el contador Daniel P\u00e9rez Gad\u00edn y Fabi\u00e1n Rossi. En d\u00edas.<\/p>\n<p>No hace mucha falta marcar los contrastes. Como en un juego de esos que sol\u00edan aparecer en las \u00faltimas p\u00e1ginas de los diarios, donde hab\u00eda dos im\u00e1genes hipot\u00e9ticamente iguales, y el lector, atento, deb\u00eda se\u00f1alar las diferencias, aqu\u00ed podr\u00edamos marcar unas cuantas.<\/p>\n<p>Ahora, Arbizu tambi\u00e9n sufri\u00f3 amenazas cuando denunci\u00f3 a Clar\u00edn y las otras empresas, perdi\u00f3 su trabajo, su familia, su vida tal y como la conoc\u00eda por embarcarse en este bote de la justicia argentina que hace agua por todos cuando se denuncia a poderosos, pero poderosos de verdad. Arbizu dice que Mariju\u00e1n no movi\u00f3 la causa en un lustro por presiones. Si as\u00ed fuese, nunca las conocimos, nunca saltaron como rata por tirante como salt\u00f3 esta \u00faltima y por la cual la procuradora General de la Naci\u00f3n pidi\u00f3 reforzar la custodia al fiscal. Nunca se hicieron p\u00fablicas, si es que existieron.<\/p>\n<p>Tal vez Mariju\u00e1n pueda explicar las discrepancias abismales que encontramos entre las dos im\u00e1genes, la de la causa contra el Grupo Clar\u00edn que duerme el sue\u00f1o de los justos, y la erigida en horas, contra B\u00e1ez. Y si as\u00ed fuese, ser\u00eda bueno que lo haga, porque los lectores, atentos y l\u00e1piz en mano, pueden se\u00f1alar, como se hac\u00eda en las \u00faltimas p\u00e1ginas del diario, las diferencias s\u00f3lo en una de las dos im\u00e1genes que, a simple vista, siempre pretend\u00edan hacernos creer igual a la otra.<\/p>\n<p>&nbsp;<\/p>\n","protected":false},"excerpt":{"rendered":"<p>Los aprietes, las amenazas, las intimidaciones\u2026 siempre entran en el dec\u00e1logo de la infamia, de lo repudiable. Son cobard\u00edas usualmente obradas bajo el c\u00f3modo techo del anonimato. Sombras que suelen cernirse sobre determinadas personas para que dejen de hacer lo que hacen, o deber\u00edan hacer.<\/p>\n","protected":false},"author":11,"featured_media":0,"comment_status":"open","ping_status":"open","sticky":false,"template":"","format":"standard","meta":{"_jetpack_newsletter_access":"","_jetpack_dont_email_post_to_subs":false,"_jetpack_newsletter_tier_id":0,"_jetpack_memberships_contains_paywalled_content":false,"_jetpack_memberships_contains_paid_content":false,"footnotes":""},"categories":[64],"tags":[],"class_list":["post-23036","post","type-post","status-publish","format-standard","hentry","category-opinion"],"jetpack_featured_media_url":"","jetpack_shortlink":"https:\/\/wp.me\/p2JWE0-5Zy","jetpack-related-posts":[{"id":104824,"url":"https:\/\/www.24baires.com\/?p=104824","url_meta":{"origin":23036,"position":0},"title":"Fiscal denunci\u00f3 penalmente a Iguacel por la compensaci\u00f3n del gas en 24 cuotas","author":"GB","date":"08\/10\/2018","format":false,"excerpt":"El fiscal Guillermo Marijuan denunci\u00f3 penalmente al secretario de Energ\u00eda, Javier Iguacel, por el supuesto delito de abuso de autoridad e incumplimiento de deberes de funcionario p\u00fablico, a ra\u00edz de la compensaci\u00f3n por la devaluaci\u00f3n del peso a las compa\u00f1\u00edas distribuidoras de gas que va a generar una fuerte suba\u2026","rel":"","context":"En \u00abJUDICIALES\u00bb","block_context":{"text":"JUDICIALES","link":"https:\/\/www.24baires.com\/?cat=68"},"img":{"alt_text":"","src":"https:\/\/i0.wp.com\/www.24baires.com\/wp-content\/uploads\/2018\/10\/fiscal-300x200.jpg?resize=350%2C200","width":350,"height":200},"classes":[]},{"id":111098,"url":"https:\/\/www.24baires.com\/?p=111098","url_meta":{"origin":23036,"position":1},"title":"Imputan a Stanley y a Rubinstein por la falta de vacunas","author":"AF","date":"05\/07\/2019","format":false,"excerpt":"El fiscal Guillermo Marijuan imput\u00f3 a la ministra de Salud y Desarrollo Social y al secretario de Salud por violar la sentencia donde se hizo lugar para que el gobierno cumpla con la vacunaci\u00f3n contra la bacteria del meningococo. El fiscal Guillermo Marijuan imput\u00f3 a la ministra de Salud y\u2026","rel":"","context":"En \u00abJUDICIALES\u00bb","block_context":{"text":"JUDICIALES","link":"https:\/\/www.24baires.com\/?cat=68"},"img":{"alt_text":"","src":"https:\/\/i0.wp.com\/www.24baires.com\/wp-content\/uploads\/2019\/07\/stanley-macri.jpg?resize=350%2C200","width":350,"height":200,"srcset":"https:\/\/i0.wp.com\/www.24baires.com\/wp-content\/uploads\/2019\/07\/stanley-macri.jpg?resize=350%2C200 1x, https:\/\/i0.wp.com\/www.24baires.com\/wp-content\/uploads\/2019\/07\/stanley-macri.jpg?resize=525%2C300 1.5x"},"classes":[]},{"id":86846,"url":"https:\/\/www.24baires.com\/?p=86846","url_meta":{"origin":23036,"position":2},"title":"Marijuan advirti\u00f3 que seguir\u00e1 informando a la prensa \u00aben on y en off\u00bb","author":"AF","date":"28\/08\/2016","format":false,"excerpt":"El fiscal federal Guillermo Marijuan afirm\u00f3 que continuar\u00e1 informando \"en on y en off the record a la prensa todo lo que a la Fiscal\u00eda le parezca importante\", en respuesta a cr\u00edticas y planteos judiciales que le hicieron luego de la conocida filtraci\u00f3n del audio de una conversaci\u00f3n privada. Las\u2026","rel":"","context":"En \u00abJUDICIALES\u00bb","block_context":{"text":"JUDICIALES","link":"https:\/\/www.24baires.com\/?cat=68"},"img":{"alt_text":"marijuan2","src":"https:\/\/i0.wp.com\/www.24baires.com\/wp-content\/uploads\/2013\/05\/marijuan2.jpg?resize=350%2C200","width":350,"height":200,"srcset":"https:\/\/i0.wp.com\/www.24baires.com\/wp-content\/uploads\/2013\/05\/marijuan2.jpg?resize=350%2C200 1x, https:\/\/i0.wp.com\/www.24baires.com\/wp-content\/uploads\/2013\/05\/marijuan2.jpg?resize=525%2C300 1.5x"},"classes":[]},{"id":87208,"url":"https:\/\/www.24baires.com\/?p=87208","url_meta":{"origin":23036,"position":3},"title":"Marijuan consider\u00f3 que \u00abla ex Presidente est\u00e1 cerca de la detenci\u00f3n\u00bb","author":"GB","date":"05\/09\/2016","format":false,"excerpt":"El fiscal Guillermo Marijuan tuvo su mano a mano con Alejandro Fantino y no evit\u00f3 ning\u00fan tema luego de la pol\u00e9mica por el audio en que aseguraba que Cristina Kirchner podr\u00eda ser detenida. Adem\u00e1s dijo que no conoce a Gils Carb\u00f3 pero que le \"gustar\u00eda ser Procurador\". Guillermo Marijuan, fiscal\u2026","rel":"","context":"En \u00abPol\u00edtica\u00bb","block_context":{"text":"Pol\u00edtica","link":"https:\/\/www.24baires.com\/?cat=51"},"img":{"alt_text":"marijuan2","src":"https:\/\/i0.wp.com\/www.24baires.com\/wp-content\/uploads\/2013\/05\/marijuan2.jpg?resize=350%2C200","width":350,"height":200,"srcset":"https:\/\/i0.wp.com\/www.24baires.com\/wp-content\/uploads\/2013\/05\/marijuan2.jpg?resize=350%2C200 1x, https:\/\/i0.wp.com\/www.24baires.com\/wp-content\/uploads\/2013\/05\/marijuan2.jpg?resize=525%2C300 1.5x"},"classes":[]},{"id":22912,"url":"https:\/\/www.24baires.com\/?p=22912","url_meta":{"origin":23036,"position":4},"title":"Gils Carb\u00f3 pidi\u00f3 custodia para Marijuan y Salum","author":"AF","date":"07\/05\/2013","format":false,"excerpt":"La procuradora General de la Naci\u00f3n pidi\u00f3 custodia y protecci\u00f3n para los fiscales, luego de que se denunciara que el primero recibi\u00f3 amenazas, mientras Salum sufri\u00f3 un \"escrache\" por parte de familiares de polic\u00edas presos por torturas. La funcionaria elev\u00f3 el pedido al Ministerio de Seguridad de la Naci\u00f3n, adonde\u2026","rel":"","context":"En \u00abSociedad\u00bb","block_context":{"text":"Sociedad","link":"https:\/\/www.24baires.com\/?cat=1"},"img":{"alt_text":"gils_carbo_senado_070812_12_ef_47659","src":"https:\/\/i0.wp.com\/www.24baires.com\/wp-content\/uploads\/2012\/11\/gils_carbo_senado_070812_12_ef_47659-300x193.jpg?resize=350%2C200","width":350,"height":200},"classes":[]},{"id":90716,"url":"https:\/\/www.24baires.com\/?p=90716","url_meta":{"origin":23036,"position":5},"title":"Imputaron a Macri, Prat Gay y Pe\u00f1a por incorporar al blanqueo a familiares de funcionarios","author":"GB","date":"13\/12\/2016","format":false,"excerpt":"Lo hizo el fiscal Marijuan. Pidi\u00f3 investigar al Presidente por modificar una ley por decreto para que los familiares de funcionarios p\u00fablicos puedan ingresar al programa El fiscal federal Guillermo Marijuan imput\u00f3 este martes al presidente Mauricio Macri por modificar una ley por decreto para que los familiares de funcionarios\u2026","rel":"","context":"En \u00abPol\u00edtica\u00bb","block_context":{"text":"Pol\u00edtica","link":"https:\/\/www.24baires.com\/?cat=51"},"img":{"alt_text":"","src":"https:\/\/i0.wp.com\/www.24baires.com\/wp-content\/uploads\/2016\/11\/macri.jpg?resize=350%2C200","width":350,"height":200,"srcset":"https:\/\/i0.wp.com\/www.24baires.com\/wp-content\/uploads\/2016\/11\/macri.jpg?resize=350%2C200 1x, https:\/\/i0.wp.com\/www.24baires.com\/wp-content\/uploads\/2016\/11\/macri.jpg?resize=525%2C300 1.5x"},"classes":[]}],"jetpack_sharing_enabled":true,"jetpack_likes_enabled":true,"_links":{"self":[{"href":"https:\/\/www.24baires.com\/index.php?rest_route=\/wp\/v2\/posts\/23036","targetHints":{"allow":["GET"]}}],"collection":[{"href":"https:\/\/www.24baires.com\/index.php?rest_route=\/wp\/v2\/posts"}],"about":[{"href":"https:\/\/www.24baires.com\/index.php?rest_route=\/wp\/v2\/types\/post"}],"author":[{"embeddable":true,"href":"https:\/\/www.24baires.com\/index.php?rest_route=\/wp\/v2\/users\/11"}],"replies":[{"embeddable":true,"href":"https:\/\/www.24baires.com\/index.php?rest_route=%2Fwp%2Fv2%2Fcomments&post=23036"}],"version-history":[{"count":3,"href":"https:\/\/www.24baires.com\/index.php?rest_route=\/wp\/v2\/posts\/23036\/revisions"}],"predecessor-version":[{"id":23040,"href":"https:\/\/www.24baires.com\/index.php?rest_route=\/wp\/v2\/posts\/23036\/revisions\/23040"}],"wp:attachment":[{"href":"https:\/\/www.24baires.com\/index.php?rest_route=%2Fwp%2Fv2%2Fmedia&parent=23036"}],"wp:term":[{"taxonomy":"category","embeddable":true,"href":"https:\/\/www.24baires.com\/index.php?rest_route=%2Fwp%2Fv2%2Fcategories&post=23036"},{"taxonomy":"post_tag","embeddable":true,"href":"https:\/\/www.24baires.com\/index.php?rest_route=%2Fwp%2Fv2%2Ftags&post=23036"}],"curies":[{"name":"wp","href":"https:\/\/api.w.org\/{rel}","templated":true}]}}