{"id":22992,"date":"2013-05-08T14:00:18","date_gmt":"2013-05-08T17:00:18","guid":{"rendered":"http:\/\/www.24baires.com\/?p=22992"},"modified":"2013-05-08T13:27:36","modified_gmt":"2013-05-08T16:27:36","slug":"nuevos-amigos-en-facebook-con-solo-chocar-los-vasos-de-cerveza","status":"publish","type":"post","link":"https:\/\/www.24baires.com\/?p=22992","title":{"rendered":"Nuevos amigos en Facebook con s\u00f3lo chocar los vasos de cerveza"},"content":{"rendered":"<p><img data-recalc-dims=\"1\" loading=\"lazy\" decoding=\"async\" class=\"aligncenter size-full wp-image-22994\" alt=\"buddy cup\" src=\"https:\/\/i0.wp.com\/www.24baires.com\/wp-content\/uploads\/2013\/05\/buddy-cup.jpg?resize=560%2C421\" width=\"560\" height=\"421\" srcset=\"https:\/\/i0.wp.com\/www.24baires.com\/wp-content\/uploads\/2013\/05\/buddy-cup.jpg?w=560&amp;ssl=1 560w, https:\/\/i0.wp.com\/www.24baires.com\/wp-content\/uploads\/2013\/05\/buddy-cup.jpg?resize=300%2C225&amp;ssl=1 300w\" sizes=\"auto, (max-width: 560px) 100vw, 560px\" \/>Con el Buddy Cup de Budweiser Brasil pod\u00e9s tener nuevos amigos en Facebook con s\u00f3lo chocar los vasos. \u00bfEsperar a entrar en confianza para compartir toda tu informaci\u00f3n personal? \u00a1Para qu\u00e9!<!--more--><br \/>\nBudweiser Brasil llev\u00f3 el hecho de brindar a otro nivel. Si us\u00e1s el nuevo Buddy Cup, cuando conozcas a alguien y quieras mantener el contacto, no vas a tener que pedirle ni el tel\u00e9fono ni el nombre, bastar\u00e1 con chocar los vasos y ya ser\u00e1n amigos de Facebook. \u00bfAmistad de verdad? Eso qued\u00f3 en 2012.<\/p>\n<p>Los vasos empezaron a circular en el pa\u00eds carioca en eventos y recitales patrocinados, en los que al ingresar, los invitados pudieron escanear con su tel\u00e9fono el c\u00f3digo QR del vaso que les toc\u00f3 y as\u00ed hacer la conexi\u00f3n inmediata con su perfil en la red social. As\u00ed que para repartir informaci\u00f3n personal sin filtro no hace falta estar pasado de copas.<\/p>\n<p>&nbsp;<\/p>\n<p>&nbsp;<\/p>\n<p>&nbsp;<\/p>\n<p>&nbsp;<\/p>\n<p>&nbsp;<\/p>\n<p>&nbsp;<\/p>\n<p>&nbsp;<\/p>\n<p>&nbsp;<\/p>\n<p>&nbsp;<\/p>\n<p>&nbsp;<\/p>\n<p>&nbsp;<\/p>\n<p>&nbsp;<\/p>\n","protected":false},"excerpt":{"rendered":"<p>Con el Buddy Cup de Budweiser Brasil pod\u00e9s tener nuevos amigos en Facebook con s\u00f3lo chocar los vasos. \u00bfEsperar a entrar en confianza para compartir toda tu informaci\u00f3n personal? \u00a1Para qu\u00e9!<\/p>\n","protected":false},"author":4,"featured_media":0,"comment_status":"open","ping_status":"open","sticky":false,"template":"","format":"standard","meta":{"_jetpack_newsletter_access":"","_jetpack_dont_email_post_to_subs":false,"_jetpack_newsletter_tier_id":0,"_jetpack_memberships_contains_paywalled_content":false,"_jetpack_memberships_contains_paid_content":false,"footnotes":""},"categories":[52],"tags":[],"class_list":["post-22992","post","type-post","status-publish","format-standard","hentry","category-cocina-vinos"],"jetpack_featured_media_url":"","jetpack_shortlink":"https:\/\/wp.me\/p2JWE0-5YQ","jetpack-related-posts":[{"id":41206,"url":"https:\/\/www.24baires.com\/?p=41206","url_meta":{"origin":22992,"position":0},"title":"El periodista Tit\u00ed Fern\u00e1ndez sufri\u00f3 un ACV pero se encuentra estable","author":"Grupo Sierra","date":"27\/02\/2014","format":false,"excerpt":"El periodista deportivo sufri\u00f3 una descompensaci\u00f3n pero sigue estable. Se descompuso mientras manejaba y termin\u00f3 chocando. El mi\u00e9rcoles por la noche, Tit\u00ed Fern\u00e1ndez vivi\u00f3 un susto tremendo al terminar de grabar el ciclo 90 minutos, en Fox Sports. El periodista deportivo iba manejando al salir del canal hacia su casa\u2026","rel":"","context":"En \u00abGeneral\u00bb","block_context":{"text":"General","link":"https:\/\/www.24baires.com\/?cat=67"},"img":{"alt_text":"titi","src":"https:\/\/i0.wp.com\/www.24baires.com\/wp-content\/uploads\/2014\/02\/titi.jpg?resize=350%2C200","width":350,"height":200,"srcset":"https:\/\/i0.wp.com\/www.24baires.com\/wp-content\/uploads\/2014\/02\/titi.jpg?resize=350%2C200 1x, https:\/\/i0.wp.com\/www.24baires.com\/wp-content\/uploads\/2014\/02\/titi.jpg?resize=525%2C300 1.5x"},"classes":[]},{"id":45544,"url":"https:\/\/www.24baires.com\/?p=45544","url_meta":{"origin":22992,"position":1},"title":"Tragedia en Merlo: \u00abma\u00f1ana vas a tener noticias de tu amiga y a sus hijos muertos\u00bb","author":"GB","date":"08\/05\/2014","format":false,"excerpt":"Se lo dijo el ex de Karina Flamenco a una vecina de la mujer que muri\u00f3 este jueves en su vivienda de Merlo. El sujeto ya hab\u00eda sido denunciado por sus reiteradas agresiones. Todos los vecinos del matrimonio y los seis chicos, que murieron tras el incendio de su vivenda\u2026","rel":"","context":"En \u00abSociedad\u00bb","block_context":{"text":"Sociedad","link":"https:\/\/www.24baires.com\/?cat=1"},"img":{"alt_text":"bomberos-combatieron-incendio-fabrica-textil","src":"https:\/\/i0.wp.com\/www.24baires.com\/wp-content\/uploads\/2014\/03\/bomberos-combatieron-incendio-fabrica-textil.jpg?resize=350%2C200","width":350,"height":200,"srcset":"https:\/\/i0.wp.com\/www.24baires.com\/wp-content\/uploads\/2014\/03\/bomberos-combatieron-incendio-fabrica-textil.jpg?resize=350%2C200 1x, https:\/\/i0.wp.com\/www.24baires.com\/wp-content\/uploads\/2014\/03\/bomberos-combatieron-incendio-fabrica-textil.jpg?resize=525%2C300 1.5x"},"classes":[]},{"id":59077,"url":"https:\/\/www.24baires.com\/?p=59077","url_meta":{"origin":22992,"position":2},"title":"\u00abMe voy a hacer una panzada como Jefe de la Polic\u00eda Judicial\u00bb","author":"Grupo Sierra","date":"23\/12\/2014","format":false,"excerpt":"Lo afirm\u00f3 el diputado bonaerense, Marcelo Sa\u00edn, que sali\u00f3 al cruce de la iniciativa de la Procuradora Falbo para que se avance con la estabilidad. \u201cLos chetitos de la Justicia quieren estabilidad pero no se fijan si van a meter presos o no a los poderosos\u201d, lanz\u00f3. El legislador bonaerense\u2026","rel":"","context":"En \u00abPol\u00edtica\u00bb","block_context":{"text":"Pol\u00edtica","link":"https:\/\/www.24baires.com\/?cat=51"},"img":{"alt_text":"sain marcelo","src":"https:\/\/i0.wp.com\/www.24baires.com\/wp-content\/uploads\/2013\/02\/sain-marcelo.jpg?resize=350%2C200","width":350,"height":200},"classes":[]},{"id":62366,"url":"https:\/\/www.24baires.com\/?p=62366","url_meta":{"origin":22992,"position":3},"title":"Mar del Plata: Camioneros y concejales, a las pi\u00f1as en el Concejo Deliberante","author":"AF","date":"27\/02\/2015","format":false,"excerpt":"El pase a archivo de un expediente que beneficiaba al gremio de los camioneros provoc\u00f3 la reacci\u00f3n de los trabajadores, quienes se trenzaron a golpes con algunos concejales. Tal como ocurri\u00f3 en octubre del 2014, nuevamente hubo incidentes en el Concejo Deliberante. En esta ocasi\u00f3n los concejales fueron agredidos por\u2026","rel":"","context":"En \u00abLocales\u00bb","block_context":{"text":"Locales","link":"https:\/\/www.24baires.com\/?cat=38"},"img":{"alt_text":"municipio mar del plata","src":"https:\/\/i0.wp.com\/www.24baires.com\/wp-content\/uploads\/2015\/02\/municipio-mar-del-plata.jpg?resize=350%2C200","width":350,"height":200,"srcset":"https:\/\/i0.wp.com\/www.24baires.com\/wp-content\/uploads\/2015\/02\/municipio-mar-del-plata.jpg?resize=350%2C200 1x, https:\/\/i0.wp.com\/www.24baires.com\/wp-content\/uploads\/2015\/02\/municipio-mar-del-plata.jpg?resize=525%2C300 1.5x"},"classes":[]},{"id":44335,"url":"https:\/\/www.24baires.com\/?p=44335","url_meta":{"origin":22992,"position":4},"title":"Facebook ahora te muestra qu\u00e9 amigos est\u00e1n cerca de tu casa","author":"Grupo Sierra","date":"20\/04\/2014","format":false,"excerpt":"La nueva funci\u00f3n de la red social se llama Amigos Cercanos y estar\u00e1 disponible en tel\u00e9fonos celulares con Android. Una nueva herramienta para facilitar encuentros cercanos. Facebook comenz\u00f3 a implementar una nueva caracter\u00edstica llamada Nearby Friends (amigos cercanos) que ayuda a descubrir cu\u00e1les de nuestros amigos de Facebook est\u00e1n cerca\u2026","rel":"","context":"En \u00abTecnolog\u00eda\u00bb","block_context":{"text":"Tecnolog\u00eda","link":"https:\/\/www.24baires.com\/?cat=46"},"img":{"alt_text":"facebook falla","src":"https:\/\/i0.wp.com\/www.24baires.com\/wp-content\/uploads\/2013\/06\/facebook-falla-300x224.jpg?resize=350%2C200","width":350,"height":200},"classes":[]},{"id":11566,"url":"https:\/\/www.24baires.com\/?p=11566","url_meta":{"origin":22992,"position":5},"title":"An\u00edbal Fern\u00e1ndez invit\u00f3 a Scioli a pesificar sus ahorros","author":"Grupo Sierra","date":"08\/01\/2013","format":false,"excerpt":"El senador, a quien la Presidenta en su momento conmin\u00f3 p\u00fablicamente a hacer lo propio \u201cencabezando la fila\u201d, dijo que \u201cno se puede decir que particip\u00e1s de una propuesta pol\u00edtica com\u00fan, y despu\u00e9s hacer lo que se te antoje\u201d. El Senador Nacional por el Frente para la Victoria, An\u00edbal Fern\u00e1ndez,\u2026","rel":"","context":"En \u00abPol\u00edtica\u00bb","block_context":{"text":"Pol\u00edtica","link":"https:\/\/www.24baires.com\/?cat=51"},"img":{"alt_text":"","src":"","width":0,"height":0},"classes":[]}],"jetpack_sharing_enabled":true,"jetpack_likes_enabled":true,"_links":{"self":[{"href":"https:\/\/www.24baires.com\/index.php?rest_route=\/wp\/v2\/posts\/22992","targetHints":{"allow":["GET"]}}],"collection":[{"href":"https:\/\/www.24baires.com\/index.php?rest_route=\/wp\/v2\/posts"}],"about":[{"href":"https:\/\/www.24baires.com\/index.php?rest_route=\/wp\/v2\/types\/post"}],"author":[{"embeddable":true,"href":"https:\/\/www.24baires.com\/index.php?rest_route=\/wp\/v2\/users\/4"}],"replies":[{"embeddable":true,"href":"https:\/\/www.24baires.com\/index.php?rest_route=%2Fwp%2Fv2%2Fcomments&post=22992"}],"version-history":[{"count":2,"href":"https:\/\/www.24baires.com\/index.php?rest_route=\/wp\/v2\/posts\/22992\/revisions"}],"predecessor-version":[{"id":22996,"href":"https:\/\/www.24baires.com\/index.php?rest_route=\/wp\/v2\/posts\/22992\/revisions\/22996"}],"wp:attachment":[{"href":"https:\/\/www.24baires.com\/index.php?rest_route=%2Fwp%2Fv2%2Fmedia&parent=22992"}],"wp:term":[{"taxonomy":"category","embeddable":true,"href":"https:\/\/www.24baires.com\/index.php?rest_route=%2Fwp%2Fv2%2Fcategories&post=22992"},{"taxonomy":"post_tag","embeddable":true,"href":"https:\/\/www.24baires.com\/index.php?rest_route=%2Fwp%2Fv2%2Ftags&post=22992"}],"curies":[{"name":"wp","href":"https:\/\/api.w.org\/{rel}","templated":true}]}}