{"id":2277,"date":"2012-10-15T21:10:43","date_gmt":"2012-10-16T00:10:43","guid":{"rendered":"http:\/\/www.24baires.com\/?p=2277"},"modified":"2012-10-15T21:10:43","modified_gmt":"2012-10-16T00:10:43","slug":"esperan-que-diputados-apruebe-a-la-brevedad-el-proyecto-que-previene-la-tortura-en-las-carceles-bonaerenses","status":"publish","type":"post","link":"https:\/\/www.24baires.com\/?p=2277","title":{"rendered":"Esperan que Diputados apruebe a la brevedad el proyecto que previene la tortura en las c\u00e1rceles bonaerenses"},"content":{"rendered":"<p><img data-recalc-dims=\"1\" loading=\"lazy\" decoding=\"async\" class=\"aligncenter size-full wp-image-2278\" title=\"carreras santiago\" src=\"https:\/\/i0.wp.com\/www.24baires.com\/wp-content\/uploads\/2012\/10\/carreras-santiago.jpg?resize=560%2C328\" alt=\"\" width=\"560\" height=\"328\" srcset=\"https:\/\/i0.wp.com\/www.24baires.com\/wp-content\/uploads\/2012\/10\/carreras-santiago.jpg?w=560&amp;ssl=1 560w, https:\/\/i0.wp.com\/www.24baires.com\/wp-content\/uploads\/2012\/10\/carreras-santiago.jpg?resize=300%2C175&amp;ssl=1 300w\" sizes=\"auto, (max-width: 560px) 100vw, 560px\" \/><br \/>\nEl proyecto para la conformaci\u00f3n de un Sistema Provincial de Prevenci\u00f3n de la Tortura en el Servicio Penitenciario fue girado a la C\u00e1mara baja. Su impulsor, el senador Santiago Carreras, \u00a0se mostr\u00f3 confiado en que \u201cmuy pronto recibir\u00e1 el aval necesario para convertirse en ley\u201d.<!--more--><br \/>\nEl tratamiento de la creaci\u00f3n de un Sistema Provincial de Prevenci\u00f3n de la Tortura en el Servicio Penitenciario fue girado a Diputados luego de obtener su aprobaci\u00f3n por unanimidad en todas las comisiones del Senado.<\/p>\n<p>El proyecto, que busca desarrollar una pol\u00edtica de prevenci\u00f3n de la tortura, para monitorear los lugares de detenci\u00f3n de personas y as\u00ed enfrentar un flagelo extendido y reiterado que es la violencia institucional, la tortura y malos tratos a personas privadas de su libertad, est\u00e1 m\u00e1s cerca de convertirse en ley.<\/p>\n<p>Santiago Carreras, senador del Frente para la Victoria, y quien impulsa el proyecto, dijo a esta agencia que \u201cla presidenta de la Comisi\u00f3n de Derechos Humanos, Fernanda Raverta, estaba trabajando tambi\u00e9n el tema para poder darle despacho en su comisi\u00f3n y que haga el recorrido habitual en la C\u00e1mara de Diputados\u201d.<\/p>\n<p>\u201cSi el proyecto no recibe ning\u00fan veto por parte del poder Ejecutivo comenzaremos a articular r\u00e1pidamente su constituci\u00f3n para avanzar en las elecciones de las autoridades\u201d, adelant\u00f3 el Senador bonaerense.<\/p>\n<p>En ese sentido, aunque se mostr\u00f3 confiado de que la propuesta contar\u00e1 con el aval necesario, Carreras se\u00f1al\u00f3 que ante un pedido de reformas al proyecto en Diputados \u2013se estima que podr\u00edan pedirlo los sciolistas- \u201c estar\u00edan en todo el derecho de realizar cambios\u201d.<\/p>\n<p>Carreras indic\u00f3 que con el proyecto \u201chemos logrado un gran consenso, teniendo siempre presente la necesidad de crear una comisi\u00f3n de estas caracter\u00edsticas\u201d y dijo: \u201chemos tenido mucha participaci\u00f3n para su elaboraci\u00f3n, hemos consultado a los organismos de Derechos Humanos de casi toda la provincia y hemos tomado como base el proyecto de la Comisi\u00f3n Provincial por la Memoria\u201d.<\/p>\n<p>\u201cAdem\u00e1s \u2013prosigui\u00f3- ha alcanzado una muy buena repercusi\u00f3n. Desde Emilio Gin\u00e9s Santidri\u00e1n representante de la ONU a la Argentina quien dio una charla especial en el Senado y puso como ejemplo nuestro proyecto, hasta el apoyo de diferentes organizaciones de Derechos Humanos a nivel provincial que consideraron importante que exista un seguimiento, una visualizaci\u00f3n, un trabajo complementario con el Comit\u00e9 contra la Tortura entendiendo la importancia de sumar una herramienta m\u00e1s para la prevenci\u00f3n y no para el castigo\u201d.<\/p>\n<p>El Legislador resalt\u00f3 que el objetivo es \u201caportar a una vida siempre mucho m\u00e1s digna y m\u00e1s articulada con el mundo externo que viven los internos en cada una de las unidades penitenciarias de la Provincia. Ese es el esp\u00edritu del proyecto y por eso la alegr\u00eda de obtener consenso en el Senado\u201d.<\/p>\n<p>\u201cEstamos muy contentos con el recorrido que ha tenido este proyecto. M\u00e1s aun por tratarse un tema de tanta sensibilidad como lo es la vida de la gente dentro de la c\u00e1rceles\u201d, remarc\u00f3 Carreras.<\/p>\n","protected":false},"excerpt":{"rendered":"<p>El proyecto para la conformaci\u00f3n de un Sistema Provincial de Prevenci\u00f3n de la Tortura en el Servicio Penitenciario fue girado a la C\u00e1mara baja. Su impulsor, el senador Santiago Carreras, \u00a0se mostr\u00f3 confiado en que \u201cmuy pronto recibir\u00e1 el aval necesario para convertirse en ley\u201d.<\/p>\n","protected":false},"author":11,"featured_media":0,"comment_status":"open","ping_status":"open","sticky":false,"template":"","format":"standard","meta":{"_jetpack_newsletter_access":"","_jetpack_dont_email_post_to_subs":false,"_jetpack_newsletter_tier_id":0,"_jetpack_memberships_contains_paywalled_content":false,"_jetpack_memberships_contains_paid_content":false,"footnotes":""},"categories":[40],"tags":[],"class_list":["post-2277","post","type-post","status-publish","format-standard","hentry","category-provincia"],"jetpack_featured_media_url":"","jetpack_shortlink":"https:\/\/wp.me\/p2JWE0-AJ","jetpack-related-posts":[{"id":7380,"url":"https:\/\/www.24baires.com\/?p=7380","url_meta":{"origin":2277,"position":0},"title":"La CPM reclam\u00f3 que diputados bonaerenses traten el mecanismo contra la tortura","author":"Grupo Sierra","date":"30\/11\/2012","format":false,"excerpt":"Tras celebrar la ley que se aprob\u00f3 en el Congreso Nacional, la Comisi\u00f3n Provincial por la Memoria (CPM), aprovech\u00f3 para pedir celeridad en torno a una iniciativa similar que ya cuenta con media sanci\u00f3n del Senado bonaerense. \u201cEl importante apoyo que tuvo la sanci\u00f3n del proyecto a nivel nacional deber\u00eda\u2026","rel":"","context":"En \u00abProvincia\u00bb","block_context":{"text":"Provincia","link":"https:\/\/www.24baires.com\/?cat=40"},"img":{"alt_text":"","src":"","width":0,"height":0},"classes":[]},{"id":111505,"url":"https:\/\/www.24baires.com\/?p=111505","url_meta":{"origin":2277,"position":1},"title":"En 2018 se denunciaron m\u00e1s 6 mil hechos de torturas en c\u00e1rceles y comisar\u00edas del pa\u00eds","author":"GB","date":"08\/08\/2019","format":false,"excerpt":"Este jueves se presenta el informe 2018 del Registro Nacional de Casos de Tortura y\/o Malos Tratos Este ueves 8 de agosto a las 16, en la sede de la Comisi\u00f3n Provincial por la Memoria, se presenta el informe 2018 del Registro Nacional de Casos de Tortura y\/o Malos Tratos.\u2026","rel":"","context":"En \u00abSociedad\u00bb","block_context":{"text":"Sociedad","link":"https:\/\/www.24baires.com\/?cat=1"},"img":{"alt_text":"","src":"https:\/\/i0.wp.com\/www.24baires.com\/wp-content\/uploads\/2017\/09\/carcel.jpg?resize=350%2C200","width":350,"height":200,"srcset":"https:\/\/i0.wp.com\/www.24baires.com\/wp-content\/uploads\/2017\/09\/carcel.jpg?resize=350%2C200 1x, https:\/\/i0.wp.com\/www.24baires.com\/wp-content\/uploads\/2017\/09\/carcel.jpg?resize=525%2C300 1.5x"},"classes":[]},{"id":112443,"url":"https:\/\/www.24baires.com\/?p=112443","url_meta":{"origin":2277,"position":2},"title":"Denuncian \u00abviolaci\u00f3n estructural de DDHH en c\u00e1rceles y comisar\u00edas de la provincia\u00bb","author":"GB","date":"10\/10\/2019","format":false,"excerpt":"El Comit\u00e9 Nacional para la Prevenci\u00f3n de la Tortura (CNPT) denunci\u00f3 esta tarde la grave situaci\u00f3n en los lugares de encierro de la provincia de Buenos Aires. Lo hizo durante la exposici\u00f3n de sus informes sobre las personas privadas de libertad en las c\u00e1rceles y comisar\u00edas bonaerenses, encuentro que tuvo\u2026","rel":"","context":"En \u00abProvincia\u00bb","block_context":{"text":"Provincia","link":"https:\/\/www.24baires.com\/?cat=40"},"img":{"alt_text":"","src":"https:\/\/i0.wp.com\/www.24baires.com\/wp-content\/uploads\/2014\/03\/c%C3%A1rcel-300x189.jpeg?resize=350%2C200","width":350,"height":200},"classes":[]},{"id":112998,"url":"https:\/\/www.24baires.com\/?p=112998","url_meta":{"origin":2277,"position":3},"title":"Comisi\u00f3n Provincial por la Memoria, nombrada como mecanismo de prevenci\u00f3n contra la tortura","author":"GB","date":"14\/11\/2019","format":false,"excerpt":"El Consejo Federal de Prevenci\u00f3n de la Tortura destac\u00f3 a la Comisi\u00f3n Provincial por la Memoria (CPM) por el trabajo sostenido que realiza en el control y monitoreo de lugares de encierro y pol\u00edticas de seguridad. El organismo lucha contra la tortura en las c\u00e1rceles denunciando las graves violaciones de\u2026","rel":"","context":"En \u00abProvincia\u00bb","block_context":{"text":"Provincia","link":"https:\/\/www.24baires.com\/?cat=40"},"img":{"alt_text":"","src":"https:\/\/i0.wp.com\/www.24baires.com\/wp-content\/uploads\/2019\/11\/comision-provincial-por-la-tortura.png?resize=350%2C200","width":350,"height":200},"classes":[]},{"id":104603,"url":"https:\/\/www.24baires.com\/?p=104603","url_meta":{"origin":2277,"position":4},"title":"Preocupaci\u00f3n por el avance de las torturas sistem\u00e1ticas en c\u00e1rceles","author":"AF","date":"21\/09\/2018","format":false,"excerpt":"\"El sistema de encierro atraviesa una crisis humanitaria que no para de profundizarse ante la inacci\u00f3n, pasividad o complicidad de los tres poderes del Estado\", denunciaron desde la Comisi\u00f3n Provincial por la Memoria. La Comisi\u00f3n Provincial por la Memoria (CPM), la Procuraci\u00f3n Penitenciaria de la Naci\u00f3n y el GESPyDH del\u2026","rel":"","context":"En \u00abSociedad\u00bb","block_context":{"text":"Sociedad","link":"https:\/\/www.24baires.com\/?cat=1"},"img":{"alt_text":"","src":"https:\/\/i0.wp.com\/www.24baires.com\/wp-content\/uploads\/2018\/04\/c%C3%A1rcel-virrey-del-pino.jpg?resize=350%2C200","width":350,"height":200,"srcset":"https:\/\/i0.wp.com\/www.24baires.com\/wp-content\/uploads\/2018\/04\/c%C3%A1rcel-virrey-del-pino.jpg?resize=350%2C200 1x, https:\/\/i0.wp.com\/www.24baires.com\/wp-content\/uploads\/2018\/04\/c%C3%A1rcel-virrey-del-pino.jpg?resize=525%2C300 1.5x"},"classes":[]},{"id":37114,"url":"https:\/\/www.24baires.com\/?p=37114","url_meta":{"origin":2277,"position":5},"title":"Cifras alarmantes: 328 casos de tortura policial en cuatro meses","author":"Grupo Sierra","date":"19\/12\/2013","format":false,"excerpt":"La Defensor\u00eda P\u00fablica bonaerense denunci\u00f3 que desde mayo hasta septiembre pasado se produjeron 328 casos de torturas o malos tratos en dependencias policiales o del servicio penitenciario, 100 de los cuales tuvieron como v\u00edctimas a menores de edad. Los datos surgen del segundo informe cuatrimestral sobre la evoluci\u00f3n de casos\u2026","rel":"","context":"En \u00abProvincia\u00bb","block_context":{"text":"Provincia","link":"https:\/\/www.24baires.com\/?cat=40"},"img":{"alt_text":"abuso-policial-2","src":"https:\/\/i0.wp.com\/www.24baires.com\/wp-content\/uploads\/2013\/12\/abuso-policial-2-300x220.jpg?resize=350%2C200","width":350,"height":200},"classes":[]}],"jetpack_sharing_enabled":true,"jetpack_likes_enabled":true,"_links":{"self":[{"href":"https:\/\/www.24baires.com\/index.php?rest_route=\/wp\/v2\/posts\/2277","targetHints":{"allow":["GET"]}}],"collection":[{"href":"https:\/\/www.24baires.com\/index.php?rest_route=\/wp\/v2\/posts"}],"about":[{"href":"https:\/\/www.24baires.com\/index.php?rest_route=\/wp\/v2\/types\/post"}],"author":[{"embeddable":true,"href":"https:\/\/www.24baires.com\/index.php?rest_route=\/wp\/v2\/users\/11"}],"replies":[{"embeddable":true,"href":"https:\/\/www.24baires.com\/index.php?rest_route=%2Fwp%2Fv2%2Fcomments&post=2277"}],"version-history":[{"count":0,"href":"https:\/\/www.24baires.com\/index.php?rest_route=\/wp\/v2\/posts\/2277\/revisions"}],"wp:attachment":[{"href":"https:\/\/www.24baires.com\/index.php?rest_route=%2Fwp%2Fv2%2Fmedia&parent=2277"}],"wp:term":[{"taxonomy":"category","embeddable":true,"href":"https:\/\/www.24baires.com\/index.php?rest_route=%2Fwp%2Fv2%2Fcategories&post=2277"},{"taxonomy":"post_tag","embeddable":true,"href":"https:\/\/www.24baires.com\/index.php?rest_route=%2Fwp%2Fv2%2Ftags&post=2277"}],"curies":[{"name":"wp","href":"https:\/\/api.w.org\/{rel}","templated":true}]}}