{"id":22709,"date":"2013-05-05T13:51:54","date_gmt":"2013-05-05T16:51:54","guid":{"rendered":"http:\/\/www.24baires.com\/?p=22709"},"modified":"2013-05-08T19:35:11","modified_gmt":"2013-05-08T22:35:11","slug":"mala-semana-para-la-nacion-y-clarin","status":"publish","type":"post","link":"https:\/\/www.24baires.com\/?p=22709","title":{"rendered":"Mala semana para La Naci\u00f3n y Clar\u00edn"},"content":{"rendered":"<p><img data-recalc-dims=\"1\" loading=\"lazy\" decoding=\"async\" class=\"aligncenter size-full wp-image-22710\" alt=\"mitre_y_magnetto_Papel-Prensa\" src=\"https:\/\/i0.wp.com\/www.24baires.com\/wp-content\/uploads\/2013\/05\/mitre_y_magnetto_Papel-Prensa.jpg?resize=560%2C441\" width=\"560\" height=\"441\" srcset=\"https:\/\/i0.wp.com\/www.24baires.com\/wp-content\/uploads\/2013\/05\/mitre_y_magnetto_Papel-Prensa.jpg?w=560&amp;ssl=1 560w, https:\/\/i0.wp.com\/www.24baires.com\/wp-content\/uploads\/2013\/05\/mitre_y_magnetto_Papel-Prensa.jpg?resize=300%2C236&amp;ssl=1 300w\" sizes=\"auto, (max-width: 560px) 100vw, 560px\" \/><\/p>\n<p>Semana complicada para los dos diarios opositores al gobierno nacional. Clar\u00edn y La Naci\u00f3n, aunque poca falta hace aclarar cuales son. Lo que nunca, el peri\u00f3dico fundado por Mitre, debi\u00f3 salir a pedir disculpas a la Presidenta de la Rep\u00fablica, por haber publicado en 2008 una nota donde se la difamaba (seg\u00fan resolvi\u00f3 la justicia italiana) y se la se\u00f1alaba de manera negativa por realizar un supuesto tour de compras por Roma. La nota copiada y pegada era del diario Corriere Della Sera, quienes hab\u00edan publicado originalmente esa falacia, que postulaba a la mandataria argentina como una derrochadora mientras asist\u00eda a una cumbre sobre el hambre de la FAO. Cristina demand\u00f3 al peri\u00f3dico italiano y gan\u00f3 el juicio.<!--more--><\/p>\n<p>De all\u00ed el pedido de disculpas desde Europa y desde La Naci\u00f3n, que no perdi\u00f3 la oportunidad para pegar un palito y exponer la falta de comunicaci\u00f3n sistem\u00e1tica del Gobierno Nacional que se niega a responder las preguntas de ese diario, porque ellos, nadie podr\u00eda dudar semejante cosa, actuaron de buena fe.<br \/>\nComo si no seleccionaran ese tipo de notas, verdaderas o inventadas, como ha quedado demostrado por la justicia soberana de otro pa\u00eds, las destacaran, las difundieran con el claro objetivo de disponer la opini\u00f3n p\u00fablica \u2013al menos la que se informa por ese medio centenario-, y direccionarla con fines obvios.<br \/>\nPor este juicio la presidenta le gan\u00f3 41.000 euros al diario Corriere Della Sera, dinero que adelant\u00f3 donar\u00e1 al Hospital de Ni\u00f1os de la ciudad de La Plata, tan castigada despu\u00e9s de las inundaciones.<\/p>\n<p>Por otro lado \u201cEl gran diario argentino\u201d, como gusta llamarse a s\u00ed mismo, tampoco la est\u00e1 pasando nada bien, aunque aun no se ha disculpado por mentir, le ha aparecido una piedrecita en el zapato, ya que la justicia investiga cuatro empresas que el Grupo Clar\u00edn tiene en Panam\u00e1.<br \/>\nAunque no es la primera vez que se investiga este holding multimillonario, de hecho actualmente hay varias causas de lavado de activos y evasi\u00f3n tributaria, muchas de ellas presentadas por Hern\u00e1n Arbizu. Ahora Clar\u00edn tambi\u00e9n deber\u00e1 explicar por qu\u00e9 no declar\u00f3 en la Argentina la radicaci\u00f3n de sociedades en Panam\u00e1, ya que las sociedades no figuran en las declaraciones juradas de sus titulares, de los cuales el m\u00e1s conocido es Magnetto.<\/p>\n<p>Trascendi\u00f3 que las sociedades an\u00f3nimas en Panam\u00e1 ser\u00edan AGEA Inversora SA, Semar Inversora SA, Lexsol SA y Noirland SA. Aunque algunas de ellas aparentemente habr\u00edan sido cerradas antes de ser declaradas, todas fueron y son dirigidas por H\u00e9ctor Magnetto, CEO de Clar\u00edn, en sociedad con los directores Jos\u00e9 Antonio Aranda, y Lucio Rafael Pagliaro. Las dos primeras firmas son las que denunci\u00f3 por lavado de dinero el arrepentido JP Morgan, Arbizu, hace ya varios a\u00f1os, en un combo de 469 compa\u00f1\u00edas. Aunque el avance de este tipo de causas es siempre dificultoso ya que el Grupo de Acci\u00f3n Financiera Internacional (GAFI) no considera lavado de activos al dinero que se deriva de la evasi\u00f3n impositiva sino s\u00f3lo a aquellos montos que surgen del narcotr\u00e1fico y el terrorismo, hay, adem\u00e1s de estas cuatro firmas, otras m\u00e1s implicadas, puesto que, seg\u00fan trascendi\u00f3, Clar\u00edn no s\u00f3lo ten\u00eda como banco gestor de negocios al JP Morgan sino que tambi\u00e9n tiene cuentas manejadas por la Uni\u00f3n de Bancos Suizos (UBS) y Goldman Sachs. Por algo se debe hacer de esa manera, cabe imaginar, por lo complicado de rastrear y probar, ni qu\u00e9 decir condenar.<br \/>\nEst\u00e1 claro que Clar\u00edn est\u00e1 un tanto m\u00e1s complicado que La Naci\u00f3n, ya que lo \u00fanico que sali\u00f3 fustigado del diario de Mitre fue su credibilidad, puesta en duda ya varias veces, y en el caso del oligopolio, los problemas parecen ser un tanto m\u00e1s importantes, donde un simple pedido de disculpas no va a arreglar nada.<\/p>\n<p>&nbsp;<\/p>\n<p>&nbsp;<\/p>\n","protected":false},"excerpt":{"rendered":"<p>Semana complicada para los dos diarios opositores al gobierno nacional. Clar\u00edn y La Naci\u00f3n, aunque poca falta hace aclarar cuales son. Lo que nunca, el peri\u00f3dico fundado por Mitre, debi\u00f3 salir a pedir disculpas a la Presidenta de la Rep\u00fablica, por haber publicado en 2008 una nota donde se la difamaba (seg\u00fan resolvi\u00f3 la justicia italiana) y se la se\u00f1alaba [&#8230;]<\/p>\n","protected":false},"author":11,"featured_media":0,"comment_status":"open","ping_status":"open","sticky":false,"template":"","format":"standard","meta":{"_jetpack_newsletter_access":"","_jetpack_dont_email_post_to_subs":false,"_jetpack_newsletter_tier_id":0,"_jetpack_memberships_contains_paywalled_content":false,"_jetpack_memberships_contains_paid_content":false,"footnotes":""},"categories":[64],"tags":[],"class_list":["post-22709","post","type-post","status-publish","format-standard","hentry","category-opinion"],"jetpack_featured_media_url":"","jetpack_shortlink":"https:\/\/wp.me\/p2JWE0-5Uh","jetpack-related-posts":[{"id":22629,"url":"https:\/\/www.24baires.com\/?p=22629","url_meta":{"origin":22709,"position":0},"title":"La Naci\u00f3n le pidi\u00f3 disculpas a Cristina por replicar lo publicado por el Corriere Della Sera","author":"AF","date":"04\/05\/2013","format":false,"excerpt":"El diario public\u00f3 hoy una nota donde se disculpa con la mandataria por reproducir el art\u00edculo donde se la apuntaba por realizar un supuesto tour de compras en Roma. Despu\u00e9s de que la Justicia italiana le diera la raz\u00f3n a la presidenta Cristina Fern\u00e1ndez de Kirchner en su demanda contra\u2026","rel":"","context":"En \u00abPol\u00edtica\u00bb","block_context":{"text":"Pol\u00edtica","link":"https:\/\/www.24baires.com\/?cat=51"},"img":{"alt_text":"cristina diario","src":"https:\/\/i0.wp.com\/www.24baires.com\/wp-content\/uploads\/2013\/05\/cristina-radio.jpg?resize=350%2C200","width":350,"height":200},"classes":[]},{"id":7079,"url":"https:\/\/www.24baires.com\/?p=7079","url_meta":{"origin":22709,"position":1},"title":"Tras el masivo rechazo, Clar\u00edn retrocedi\u00f3 con las denuncias a periodistas","author":"AF","date":"28\/11\/2012","format":false,"excerpt":"El Grupo Clar\u00edn anunci\u00f3 que finalmente \"desisti\u00f3\" de pedir que la Justicia cite \"incluso como testigos\" a los seis periodistas mencionados en la presentaci\u00f3n judicial que realiz\u00f3 la semana pasada. Fue luego del esc\u00e1ndalo y el fuerte rechazo que provoc\u00f3 la demanda por \"incitaci\u00f3n a la violencia\" y \"coacci\u00f3n agravada\".\u2026","rel":"","context":"En \u00abMedios\u00bb","block_context":{"text":"Medios","link":"https:\/\/www.24baires.com\/?cat=54"},"img":{"alt_text":"","src":"https:\/\/i0.wp.com\/www.24baires.com\/wp-content\/uploads\/2012\/11\/solicitada-clar%C3%ADn.jpg?resize=350%2C200","width":350,"height":200,"srcset":"https:\/\/i0.wp.com\/www.24baires.com\/wp-content\/uploads\/2012\/11\/solicitada-clar%C3%ADn.jpg?resize=350%2C200 1x, https:\/\/i0.wp.com\/www.24baires.com\/wp-content\/uploads\/2012\/11\/solicitada-clar%C3%ADn.jpg?resize=525%2C300 1.5x"},"classes":[]},{"id":119618,"url":"https:\/\/www.24baires.com\/?p=119618","url_meta":{"origin":22709,"position":2},"title":"Cristina denunci\u00f3 las \u00abpr\u00e1cticas mafiosas\u00bb que los medios ejercen hacia sus familiares","author":"AF","date":"10\/12\/2022","format":false,"excerpt":"La vicepresidenta se refiri\u00f3 a una nota publicada por diario La Naci\u00f3n. \"Una vez m\u00e1s vuelve a amenazar con meter presa a Florencia, mi hija. Parece que no les bast\u00f3 a los medios hegem\u00f3nicos con enfermarla\", se\u00f1al\u00f3. La vicepresidenta Cristina Fern\u00e1ndez de Kirchner denunci\u00f3 las \"pr\u00e1cticas mafiosas\" en las que\u2026","rel":"","context":"En \u00abSociedad\u00bb","block_context":{"text":"Sociedad","link":"https:\/\/www.24baires.com\/?cat=1"},"img":{"alt_text":"","src":"https:\/\/i0.wp.com\/www.24baires.com\/wp-content\/uploads\/2021\/10\/cristina.jpg?resize=350%2C200","width":350,"height":200,"srcset":"https:\/\/i0.wp.com\/www.24baires.com\/wp-content\/uploads\/2021\/10\/cristina.jpg?resize=350%2C200 1x, https:\/\/i0.wp.com\/www.24baires.com\/wp-content\/uploads\/2021\/10\/cristina.jpg?resize=525%2C300 1.5x, https:\/\/i0.wp.com\/www.24baires.com\/wp-content\/uploads\/2021\/10\/cristina.jpg?resize=700%2C400 2x"},"classes":[]},{"id":49515,"url":"https:\/\/www.24baires.com\/?p=49515","url_meta":{"origin":22709,"position":3},"title":"Canciller\u00eda: \u00abNo investigamos usuarios, no hay que dejarse enga\u00f1ar\u00bb","author":"Grupo Sierra","date":"08\/07\/2014","format":false,"excerpt":"Una nota publicada en el diario Clar\u00edn estableci\u00f3 que el Gobierno \"investiga cuentas cr\u00edticas de Twitter\", pero el equipo de Timerman lo desminti\u00f3. La Canciller\u00eda desminti\u00f3 la informaci\u00f3n publicada hoy por el diario Clar\u00edn sobre un supuesto pedido de cooperaci\u00f3n judicial para \"investigar a tuiteros cr\u00edticos\" que habr\u00eda solicitado al\u2026","rel":"","context":"En \u00abPol\u00edtica\u00bb","block_context":{"text":"Pol\u00edtica","link":"https:\/\/www.24baires.com\/?cat=51"},"img":{"alt_text":"timerman","src":"https:\/\/i0.wp.com\/www.24baires.com\/wp-content\/uploads\/2013\/03\/timerman.jpg?resize=350%2C200","width":350,"height":200,"srcset":"https:\/\/i0.wp.com\/www.24baires.com\/wp-content\/uploads\/2013\/03\/timerman.jpg?resize=350%2C200 1x, https:\/\/i0.wp.com\/www.24baires.com\/wp-content\/uploads\/2013\/03\/timerman.jpg?resize=525%2C300 1.5x"},"classes":[]},{"id":93156,"url":"https:\/\/www.24baires.com\/?p=93156","url_meta":{"origin":22709,"position":4},"title":"Felipe Gonz\u00e1lez desminti\u00f3 a Clar\u00edn: \u201cEs totalmente falso\u201d","author":"GB","date":"18\/03\/2017","format":false,"excerpt":"El diario Clar\u00edn hab\u00eda publicado una nota en la que sosten\u00eda que el exmandatario espa\u00f1ol ped\u00eda el encarcelamiento de CFK a cambio de que llegaran las inversiones al pa\u00eds. \u201cEs falso y no corresponde a mi pensamiento\u201d, apunt\u00f3 Felipe Gonz\u00e1lez, el exmandatario espa\u00f1ol para desmentir haber pedido el encarcelamiento de\u2026","rel":"","context":"En \u00abPol\u00edtica\u00bb","block_context":{"text":"Pol\u00edtica","link":"https:\/\/www.24baires.com\/?cat=51"},"img":{"alt_text":"","src":"https:\/\/i0.wp.com\/www.24baires.com\/wp-content\/uploads\/2017\/03\/felipe-gonzalez-macri.jpg?resize=350%2C200","width":350,"height":200,"srcset":"https:\/\/i0.wp.com\/www.24baires.com\/wp-content\/uploads\/2017\/03\/felipe-gonzalez-macri.jpg?resize=350%2C200 1x, https:\/\/i0.wp.com\/www.24baires.com\/wp-content\/uploads\/2017\/03\/felipe-gonzalez-macri.jpg?resize=525%2C300 1.5x"},"classes":[]},{"id":55249,"url":"https:\/\/www.24baires.com\/?p=55249","url_meta":{"origin":22709,"position":5},"title":"Lanata enojado, Clar\u00edn y la obediencia debida","author":"AF","date":"12\/10\/2014","format":false,"excerpt":"Se enoj\u00f3 Lanata. Suena el alerta en el Monopolio, sus empleados acuden raudos a los tel\u00e9fonos para contactar al periodista indignado y disculparse. Es que saben del esfuerzo que est\u00e1 haciendo Jorge desde hace a\u00f1os en su programa en Radio Mitre, aquella que \u00e9l mismo dijo que hab\u00eda sido adquirida\u2026","rel":"","context":"En \u00abOpini\u00f3n\u00bb","block_context":{"text":"Opini\u00f3n","link":"https:\/\/www.24baires.com\/?cat=64"},"img":{"alt_text":"lanata","src":"https:\/\/i0.wp.com\/www.24baires.com\/wp-content\/uploads\/2013\/07\/lanata.jpg?resize=350%2C200","width":350,"height":200,"srcset":"https:\/\/i0.wp.com\/www.24baires.com\/wp-content\/uploads\/2013\/07\/lanata.jpg?resize=350%2C200 1x, https:\/\/i0.wp.com\/www.24baires.com\/wp-content\/uploads\/2013\/07\/lanata.jpg?resize=525%2C300 1.5x"},"classes":[]}],"jetpack_sharing_enabled":true,"jetpack_likes_enabled":true,"_links":{"self":[{"href":"https:\/\/www.24baires.com\/index.php?rest_route=\/wp\/v2\/posts\/22709","targetHints":{"allow":["GET"]}}],"collection":[{"href":"https:\/\/www.24baires.com\/index.php?rest_route=\/wp\/v2\/posts"}],"about":[{"href":"https:\/\/www.24baires.com\/index.php?rest_route=\/wp\/v2\/types\/post"}],"author":[{"embeddable":true,"href":"https:\/\/www.24baires.com\/index.php?rest_route=\/wp\/v2\/users\/11"}],"replies":[{"embeddable":true,"href":"https:\/\/www.24baires.com\/index.php?rest_route=%2Fwp%2Fv2%2Fcomments&post=22709"}],"version-history":[{"count":3,"href":"https:\/\/www.24baires.com\/index.php?rest_route=\/wp\/v2\/posts\/22709\/revisions"}],"predecessor-version":[{"id":22715,"href":"https:\/\/www.24baires.com\/index.php?rest_route=\/wp\/v2\/posts\/22709\/revisions\/22715"}],"wp:attachment":[{"href":"https:\/\/www.24baires.com\/index.php?rest_route=%2Fwp%2Fv2%2Fmedia&parent=22709"}],"wp:term":[{"taxonomy":"category","embeddable":true,"href":"https:\/\/www.24baires.com\/index.php?rest_route=%2Fwp%2Fv2%2Fcategories&post=22709"},{"taxonomy":"post_tag","embeddable":true,"href":"https:\/\/www.24baires.com\/index.php?rest_route=%2Fwp%2Fv2%2Ftags&post=22709"}],"curies":[{"name":"wp","href":"https:\/\/api.w.org\/{rel}","templated":true}]}}