{"id":22472,"date":"2013-05-02T21:13:32","date_gmt":"2013-05-03T00:13:32","guid":{"rendered":"http:\/\/www.24baires.com\/?p=22472"},"modified":"2013-05-02T21:13:32","modified_gmt":"2013-05-03T00:13:32","slug":"cynthia-ottaviano-hablo-sobre-el-dia-mundial-de-la-libertad-de-prensa","status":"publish","type":"post","link":"https:\/\/www.24baires.com\/?p=22472","title":{"rendered":"Cynthia Ottaviano habl\u00f3 sobre el D\u00eda Mundial de la Libertad de Prensa"},"content":{"rendered":"<p>Con motivo de recordarse el 3 de mayo como <strong>\u201cD\u00eda Mundial de la Libertad de Prensa\u201d<\/strong>, la Defensora del P\u00fablico, Cynthia Ottaviano, sostuvo la importancia de \u201cenmarcar esa idea de libertad dentro de un contexto mucho m\u00e1s general y abarcativo, como es el derecho humano a la comunicaci\u00f3n. Sobre todo en nuestro pa\u00eds, donde a partir de la Ley de Servicios de Comunicaci\u00f3n Audiovisual vigente, ese derecho humano hoy s\u00ed puede ser ejercido por la comunidad, que antes era vista por las corporaciones medi\u00e1ticas como simple consumidora de productos\u201d.<!--more--><\/p>\n<p>La decisi\u00f3n de proclamar la jornada internacional parti\u00f3 de la Conferencia General de la UNESCO (Organizaci\u00f3n de las Naciones Unidas para la Educaci\u00f3n, la Ciencia y la Cultura), en homenaje a la Declaraci\u00f3n de Windhoek, Namibia (\u00c1frica) para el \u201cFomento de una Prensa Africana Independiente y Pluralista\u201d.<\/p>\n<p>Ottaviano destac\u00f3 la diferencia existente entre el concepto de \u201clibertad de expresi\u00f3n\u201d, asociado a lo individual y a lo subjetivo a partir de estar ligado a los periodistas y a las empresas donde trabajan; y el derecho humano a la comunicaci\u00f3n, relacionado con lo social y colectivo.<\/p>\n<p>\u201cTenemos derecho a dar, recibir informaci\u00f3n e investigar y difundir todos en igualdad de condiciones. No puede haber una elite que atesore el derecho a la comunicaci\u00f3n como un privilegio\u201d, agreg\u00f3.<\/p>\n<p>Para la Defensora, el nuevo paradigma surgido con la Ley \u201clogra que la relaci\u00f3n entre el medio y el que mira o escucha no sea tan asim\u00e9trica. Ahora el p\u00fablico es reconocido como un sujeto de derecho que tiene que ser respetado y tenido en cuenta, y no como objeto o como parte de un punto m\u00e1s de rating. La Defensor\u00eda trabaja en la protecci\u00f3n de la comunicaci\u00f3n\u201d.<\/p>\n<p>&nbsp;<\/p>\n<p>&nbsp;<\/p>\n<p>&nbsp;<\/p>\n<p>&nbsp;<\/p>\n<p>&nbsp;<\/p>\n<p>&nbsp;<\/p>\n","protected":false},"excerpt":{"rendered":"<p>Con motivo de recordarse el 3 de mayo como \u201cD\u00eda Mundial de la Libertad de Prensa\u201d, la Defensora del P\u00fablico, Cynthia Ottaviano, sostuvo la importancia de \u201cenmarcar esa idea de libertad dentro de un contexto mucho m\u00e1s general y abarcativo, como es el derecho humano a la comunicaci\u00f3n. Sobre todo en nuestro pa\u00eds, donde a partir de la Ley de [&#8230;]<\/p>\n","protected":false},"author":11,"featured_media":0,"comment_status":"open","ping_status":"open","sticky":false,"template":"","format":"standard","meta":{"_jetpack_newsletter_access":"","_jetpack_dont_email_post_to_subs":false,"_jetpack_newsletter_tier_id":0,"_jetpack_memberships_contains_paywalled_content":false,"_jetpack_memberships_contains_paid_content":false,"footnotes":""},"categories":[54],"tags":[],"class_list":["post-22472","post","type-post","status-publish","format-standard","hentry","category-medios"],"jetpack_featured_media_url":"","jetpack_shortlink":"https:\/\/wp.me\/p2JWE0-5Qs","jetpack-related-posts":[{"id":14124,"url":"https:\/\/www.24baires.com\/?p=14124","url_meta":{"origin":22472,"position":0},"title":"\u201cLas antenas de TDA no contaminan\u201d, asegur\u00f3 Cynthia Ottaviano","author":"AF","date":"31\/01\/2013","format":false,"excerpt":"Cynthia Ottaviano cuestion\u00f3 las clausuras efectuadas por De la Sota y asegur\u00f3 que \u201cun gobernante no puede pisotear el derecho a la comunicaci\u00f3n\u201d. La Defensora del P\u00fablico Cynthia Ottaviano cuestion\u00f3 la decisi\u00f3n del gobernador de C\u00f3rdoba, Jos\u00e9 Manuel de la Sota, de clausurar tres antenas de la Televisi\u00f3n Digital Abierta\u2026","rel":"","context":"En \u00abMedios\u00bb","block_context":{"text":"Medios","link":"https:\/\/www.24baires.com\/?cat=54"},"img":{"alt_text":"","src":"","width":0,"height":0},"classes":[]},{"id":10694,"url":"https:\/\/www.24baires.com\/?p=10694","url_meta":{"origin":22472,"position":1},"title":"Cynthia Ottaviano tuvo que salir a desmentir como es habitual una columna de La Naci\u00f3n","author":"Grupo Sierra","date":"28\/12\/2012","format":false,"excerpt":"Ante inexactitudes publicadas por el diario La Naci\u00f3n, la Defensor\u00eda del P\u00fablico establecida por la Ley de Servicios de Comunicaci\u00f3n Audiovisual, cuya titular es\u00a0Cynthia Ottaviano,\u00a0debi\u00f3 salir a aclarar a trav\u00e9s de un comunicado - una vez m\u00e1s- que lo publicado por ese medio como es habitual no es verdadero. El\u2026","rel":"","context":"En \u00abMedios\u00bb","block_context":{"text":"Medios","link":"https:\/\/www.24baires.com\/?cat=54"},"img":{"alt_text":"Ottaviano Cynthia","src":"https:\/\/i0.wp.com\/www.24baires.com\/wp-content\/uploads\/2012\/12\/Ottaviano-Cynthia.jpg?resize=350%2C200","width":350,"height":200,"srcset":"https:\/\/i0.wp.com\/www.24baires.com\/wp-content\/uploads\/2012\/12\/Ottaviano-Cynthia.jpg?resize=350%2C200 1x, https:\/\/i0.wp.com\/www.24baires.com\/wp-content\/uploads\/2012\/12\/Ottaviano-Cynthia.jpg?resize=525%2C300 1.5x"},"classes":[]},{"id":21611,"url":"https:\/\/www.24baires.com\/?p=21611","url_meta":{"origin":22472,"position":2},"title":"Ottaviano inst\u00f3 a grandes grupos econ\u00f3micos a respetar la Ley de Medios","author":"AF","date":"22\/04\/2013","format":false,"excerpt":"La periodista Cynthia Ottaviano present\u00f3 el pasado jueves a la Defensor\u00eda del P\u00fablico en la Canciller\u00eda argentina. Invitada por el Consejo Consultivo de la Sociedad Civil, en un encuentro llevado a cabo en el marco de organizaci\u00f3n de la participaci\u00f3n argentina en la pr\u00f3xima cumbre social que se realizar\u00e1 a\u2026","rel":"","context":"En \u00abMedios\u00bb","block_context":{"text":"Medios","link":"https:\/\/www.24baires.com\/?cat=54"},"img":{"alt_text":"ottaviano","src":"https:\/\/i0.wp.com\/www.24baires.com\/wp-content\/uploads\/2013\/04\/ottaviano.jpg?resize=350%2C200","width":350,"height":200,"srcset":"https:\/\/i0.wp.com\/www.24baires.com\/wp-content\/uploads\/2013\/04\/ottaviano.jpg?resize=350%2C200 1x, https:\/\/i0.wp.com\/www.24baires.com\/wp-content\/uploads\/2013\/04\/ottaviano.jpg?resize=525%2C300 1.5x"},"classes":[]},{"id":8307,"url":"https:\/\/www.24baires.com\/?p=8307","url_meta":{"origin":22472,"position":3},"title":"Cynthia Ottaviano se reuni\u00f3 con el Interventor del INADI, Pedro Mouratian","author":"Grupo Sierra","date":"07\/12\/2012","format":false,"excerpt":"En la reuni\u00f3n acordaron acciones en conjunto entre el Instituto Nacional Contra la Discriminaci\u00f3n, la Xenofobia y el Racismo (INADI) y \u00a0Ottaviano,\u00a0flamante Defensor\u00eda del P\u00fablico de Servicios de Comunicaci\u00f3n Audiovisual La Defensora del P\u00fablico Cynthia Ottaviano se reuni\u00f3 hoy con el Interventor del INADI, Pedro Mouratian. Durante el encuentro se\u2026","rel":"","context":"En \u00abMedios\u00bb","block_context":{"text":"Medios","link":"https:\/\/www.24baires.com\/?cat=54"},"img":{"alt_text":"","src":"","width":0,"height":0},"classes":[]},{"id":5432,"url":"https:\/\/www.24baires.com\/?p=5432","url_meta":{"origin":22472,"position":4},"title":"Cynthia Ottaviano es la nueva Defensora del P\u00fablico que establece la Ley de Medios","author":"Grupo Sierra","date":"14\/11\/2012","format":false,"excerpt":"Tal como lo establece la Ley de Medios y casi sin apoyo opositor, el Frente para la Victoria en el Senado de la Naci\u00f3n, aval\u00f3 el cargo que debe ocupar la periodista Cynthia Ottaviano con 39 adhesiones y 22 rechazos. Ottaviano\u00a0recibi\u00f3 m\u00e1s de 800 adhesiones y s\u00f3lo una impugnaci\u00f3n por\u2026","rel":"","context":"En \u00abMedios\u00bb","block_context":{"text":"Medios","link":"https:\/\/www.24baires.com\/?cat=54"},"img":{"alt_text":"","src":"","width":0,"height":0},"classes":[]},{"id":30934,"url":"https:\/\/www.24baires.com\/?p=30934","url_meta":{"origin":22472,"position":5},"title":"Ottaviano: \u00abLa informaci\u00f3n pertenece al p\u00fablico, no a la empresa ni al periodista\u00bb","author":"GB","date":"28\/08\/2013","format":false,"excerpt":"Cynthia Ottaviano, Defensora del P\u00fablico de Servicios de Comunicaci\u00f3n Audiovisual, habl\u00f3 ante la Corte Suprema de Justicia. La periodista dijo que \"la concentraci\u00f3n medi\u00e1tica conspira contra la democracia\", al participar como amicus independiente en la audiencia p\u00fablica convocada por el m\u00e1ximo tribunal para resolver la constitucionalidad de la ley de\u2026","rel":"","context":"En \u00abMedios\u00bb","block_context":{"text":"Medios","link":"https:\/\/www.24baires.com\/?cat=54"},"img":{"alt_text":"","src":"","width":0,"height":0},"classes":[]}],"jetpack_sharing_enabled":true,"jetpack_likes_enabled":true,"_links":{"self":[{"href":"https:\/\/www.24baires.com\/index.php?rest_route=\/wp\/v2\/posts\/22472","targetHints":{"allow":["GET"]}}],"collection":[{"href":"https:\/\/www.24baires.com\/index.php?rest_route=\/wp\/v2\/posts"}],"about":[{"href":"https:\/\/www.24baires.com\/index.php?rest_route=\/wp\/v2\/types\/post"}],"author":[{"embeddable":true,"href":"https:\/\/www.24baires.com\/index.php?rest_route=\/wp\/v2\/users\/11"}],"replies":[{"embeddable":true,"href":"https:\/\/www.24baires.com\/index.php?rest_route=%2Fwp%2Fv2%2Fcomments&post=22472"}],"version-history":[{"count":2,"href":"https:\/\/www.24baires.com\/index.php?rest_route=\/wp\/v2\/posts\/22472\/revisions"}],"predecessor-version":[{"id":22474,"href":"https:\/\/www.24baires.com\/index.php?rest_route=\/wp\/v2\/posts\/22472\/revisions\/22474"}],"wp:attachment":[{"href":"https:\/\/www.24baires.com\/index.php?rest_route=%2Fwp%2Fv2%2Fmedia&parent=22472"}],"wp:term":[{"taxonomy":"category","embeddable":true,"href":"https:\/\/www.24baires.com\/index.php?rest_route=%2Fwp%2Fv2%2Fcategories&post=22472"},{"taxonomy":"post_tag","embeddable":true,"href":"https:\/\/www.24baires.com\/index.php?rest_route=%2Fwp%2Fv2%2Ftags&post=22472"}],"curies":[{"name":"wp","href":"https:\/\/api.w.org\/{rel}","templated":true}]}}