{"id":2240,"date":"2012-10-15T11:58:42","date_gmt":"2012-10-15T14:58:42","guid":{"rendered":"http:\/\/www.24baires.com\/?p=2240"},"modified":"2012-10-16T12:32:54","modified_gmt":"2012-10-16T15:32:54","slug":"para-la-onu-la-ley-de-medios-argentina-es-un-modelo-para-el-continente","status":"publish","type":"post","link":"https:\/\/www.24baires.com\/?p=2240","title":{"rendered":"Para la ONU, la Ley de Medios argentina es \u00abun modelo para el continente\u00bb"},"content":{"rendered":"<p><img data-recalc-dims=\"1\" loading=\"lazy\" decoding=\"async\" class=\"alignleft size-medium wp-image-2241\" title=\"franklarue\" src=\"https:\/\/i0.wp.com\/www.24baires.com\/wp-content\/uploads\/2012\/10\/franklarue.jpg?resize=300%2C179\" alt=\"\" width=\"300\" height=\"179\" srcset=\"https:\/\/i0.wp.com\/www.24baires.com\/wp-content\/uploads\/2012\/10\/franklarue.jpg?resize=300%2C179&amp;ssl=1 300w, https:\/\/i0.wp.com\/www.24baires.com\/wp-content\/uploads\/2012\/10\/franklarue.jpg?w=560&amp;ssl=1 560w\" sizes=\"auto, (max-width: 300px) 100vw, 300px\" \/>El relator especial de Naciones Unidas para la Libertad de Opini\u00f3n y de Expresi\u00f3n, Frank Larue, destac\u00f3 que Argentina \u00abes un modelo para el continente y otras regiones del mundo\u00bb en la materia.<!--more--><br \/>\nAdem\u00e1s remarc\u00f3 que la Ley de Servicios de Comunicaci\u00f3n Audiovisual \u00abes una de las m\u00e1s avanzadas del continente\u00bb.<\/p>\n<p>As\u00ed lo afirm\u00f3 tras reunirse este lunes con el titular de la Autoridad Federal de Servicios de Comunicaci\u00f3n Audiovisual (AFSCA), Mart\u00edn Sabbatella, con quien analiz\u00f3 la \u00abaplicaci\u00f3n integral de la ley\u00bb.<\/p>\n<p>\u00abHablamos de la importancia de la aplicaci\u00f3n plena de esta ley\u00bb, consign\u00f3 Sabbatella tras el encuentro que se desarroll\u00f3 en la sede de ese organismo, en la calle Suipacha al 700 del centro porte\u00f1o.<\/p>\n","protected":false},"excerpt":{"rendered":"<p>El relator especial de Naciones Unidas para la Libertad de Opini\u00f3n y de Expresi\u00f3n, Frank Larue, destac\u00f3 que Argentina \u00abes un modelo para el continente y otras regiones del mundo\u00bb en la materia.<\/p>\n","protected":false},"author":4,"featured_media":0,"comment_status":"open","ping_status":"open","sticky":false,"template":"","format":"standard","meta":{"_jetpack_newsletter_access":"","_jetpack_dont_email_post_to_subs":false,"_jetpack_newsletter_tier_id":0,"_jetpack_memberships_contains_paywalled_content":false,"_jetpack_memberships_contains_paid_content":false,"footnotes":""},"categories":[54],"tags":[],"class_list":["post-2240","post","type-post","status-publish","format-standard","hentry","category-medios"],"jetpack_featured_media_url":"","jetpack_shortlink":"https:\/\/wp.me\/p2JWE0-A8","jetpack-related-posts":[{"id":3243,"url":"https:\/\/www.24baires.com\/?p=3243","url_meta":{"origin":2240,"position":0},"title":"La CTA respald\u00f3 la gesti\u00f3n de Mart\u00edn Sabbatella al frente de la AFSCA","author":"Grupo Sierra","date":"25\/10\/2012","format":false,"excerpt":"La Central de Trabajadores de la Argentina, que encabeza Hugo Yasky, reiter\u00f3 este jueves su apoyo a la gesti\u00f3n de Mart\u00edn Sabbatella al frente de la Autoridad Federal de Servicios de Comunicaci\u00f3n Audiovisual (AFSCA), y el compromiso con la inmediata aplicaci\u00f3n de la ley de Servicios de Comunicaci\u00f3n Audiovisual. \u201cVenimos\u2026","rel":"","context":"En \u00abMedios\u00bb","block_context":{"text":"Medios","link":"https:\/\/www.24baires.com\/?cat=54"},"img":{"alt_text":"","src":"https:\/\/i0.wp.com\/www.24baires.com\/wp-content\/uploads\/2012\/10\/yasky-sabbatella-300x213.jpg?resize=350%2C200","width":350,"height":200},"classes":[]},{"id":9149,"url":"https:\/\/www.24baires.com\/?p=9149","url_meta":{"origin":2240,"position":1},"title":"Sabbatella Feliz: \u00abEstamos muy contentos, se hizo justicia\u00bb","author":"Grupo Sierra","date":"14\/12\/2012","format":false,"excerpt":"El titular de la Autoridad Federal de Servicios de Comunicaci\u00f3n Audiovisual (AFSCA) se\u00f1al\u00f3 que \u201cse termin\u00f3 la medida cautelar\u201d y \u201cse aplicar\u00e1 la ley de Servicios de Comunicaci\u00f3n Audiovisual de manera integral\u201d. \u00a0La sonrisa no le entraba en la cara al Jefe del AFSCA.\u00a0 \u00a0 El titular de la Autoridad\u2026","rel":"","context":"En \u00abMedios\u00bb","block_context":{"text":"Medios","link":"https:\/\/www.24baires.com\/?cat=54"},"img":{"alt_text":"sabbatella rie","src":"https:\/\/i0.wp.com\/www.24baires.com\/wp-content\/uploads\/2012\/12\/sabbatella-rie-300x200.jpg?resize=350%2C200","width":350,"height":200},"classes":[]},{"id":1024,"url":"https:\/\/www.24baires.com\/?p=1024","url_meta":{"origin":2240,"position":2},"title":"Sabbatella se reuni\u00f3 con la Coalici\u00f3n por una Comunicaci\u00f3n Democr\u00e1tica","author":"Grupo Sierra","date":"04\/10\/2012","format":false,"excerpt":"El titular de la Autoridad Federal de Servicios de Comunicaci\u00f3n Audiovisual (AFSCA), Mart\u00edn Sabbatella, se reuni\u00f3 hoy con integrantes de la Coalici\u00f3n por una Comunicaci\u00f3n Democr\u00e1tica quienes ratificaron su \u201ccompromiso con el cumplimiento de la Ley de Servicios de Comunicaci\u00f3n Audiovisual\u201d. Luego de la reuni\u00f3n, Sabbatella afirm\u00f3 que con la\u2026","rel":"","context":"En \u00abMedios\u00bb","block_context":{"text":"Medios","link":"https:\/\/www.24baires.com\/?cat=54"},"img":{"alt_text":"","src":"","width":0,"height":0},"classes":[]},{"id":34536,"url":"https:\/\/www.24baires.com\/?p=34536","url_meta":{"origin":2240,"position":3},"title":"Sabbatella y Tomada llevaron \u00abtranquilidad\u00bb a los delegados de Canal 13","author":"Grupo Sierra","date":"02\/11\/2013","format":false,"excerpt":"El titular de la AFSCA y el ministro de Trabajo debatieron con delegados de prensa del Canal 13, TN, y autoridades del SAT, la continuidad de los puestos de trabajo del sector audiovisual. En tanto, aseguraron haber \"transmitido tranquilidad a los trabajadores del Grupo Clar\u00edn\". El titular de la Autoridad\u2026","rel":"","context":"En \u00abMedios\u00bb","block_context":{"text":"Medios","link":"https:\/\/www.24baires.com\/?cat=54"},"img":{"alt_text":"","src":"","width":0,"height":0},"classes":[]},{"id":47570,"url":"https:\/\/www.24baires.com\/?p=47570","url_meta":{"origin":2240,"position":4},"title":"Sabbatella sobre la ley de medios: \u00abmuchos pa\u00edses miran a la Argentina como un ejemplo\u00bb","author":"GB","date":"07\/06\/2014","format":false,"excerpt":"El titular de la Autoridad Federal de Servicios de Comunicaci\u00f3n Audiovisual (Afsca) realiz\u00f3 esa observaci\u00f3n en la ciudad de C\u00f3rdoba y agreg\u00f3 que \"hoy est\u00e1n discutiendo poder tener una norma similar\u201d a la ley de medios que fue sancionada en octubre del 2009. La Ley 26552 de Servicios de Comunicaci\u00f3n\u2026","rel":"","context":"En \u00abMedios\u00bb","block_context":{"text":"Medios","link":"https:\/\/www.24baires.com\/?cat=54"},"img":{"alt_text":"sabbatella post fallo","src":"https:\/\/i0.wp.com\/www.24baires.com\/wp-content\/uploads\/2012\/12\/sabbatella-post-fallo.jpg?resize=350%2C200","width":350,"height":200,"srcset":"https:\/\/i0.wp.com\/www.24baires.com\/wp-content\/uploads\/2012\/12\/sabbatella-post-fallo.jpg?resize=350%2C200 1x, https:\/\/i0.wp.com\/www.24baires.com\/wp-content\/uploads\/2012\/12\/sabbatella-post-fallo.jpg?resize=525%2C300 1.5x"},"classes":[]},{"id":1621,"url":"https:\/\/www.24baires.com\/?p=1621","url_meta":{"origin":2240,"position":5},"title":"Ley de Medios: \u00abHay sectores que quieren desconocer decisiones democr\u00e1ticas\u00bb","author":"AF","date":"10\/10\/2012","format":false,"excerpt":"Al cumplirse tres a\u00f1os de la ley, el titular del Consejo Federal de Comunicaci\u00f3n Audiovisual, Pedro B\u00e1ez, critic\u00f3 a los sectores que las desconocen . La Presidenta encabezar\u00e1 el acto por el aniversario. El flamante titular del Consejo Federal de Comunicaci\u00f3n Audiovisual (COFECA), Pedro B\u00e1ez, critic\u00f3 a los sectores que\u2026","rel":"","context":"En \u00abMedios\u00bb","block_context":{"text":"Medios","link":"https:\/\/www.24baires.com\/?cat=54"},"img":{"alt_text":"","src":"","width":0,"height":0},"classes":[]}],"jetpack_sharing_enabled":true,"jetpack_likes_enabled":true,"_links":{"self":[{"href":"https:\/\/www.24baires.com\/index.php?rest_route=\/wp\/v2\/posts\/2240","targetHints":{"allow":["GET"]}}],"collection":[{"href":"https:\/\/www.24baires.com\/index.php?rest_route=\/wp\/v2\/posts"}],"about":[{"href":"https:\/\/www.24baires.com\/index.php?rest_route=\/wp\/v2\/types\/post"}],"author":[{"embeddable":true,"href":"https:\/\/www.24baires.com\/index.php?rest_route=\/wp\/v2\/users\/4"}],"replies":[{"embeddable":true,"href":"https:\/\/www.24baires.com\/index.php?rest_route=%2Fwp%2Fv2%2Fcomments&post=2240"}],"version-history":[{"count":0,"href":"https:\/\/www.24baires.com\/index.php?rest_route=\/wp\/v2\/posts\/2240\/revisions"}],"wp:attachment":[{"href":"https:\/\/www.24baires.com\/index.php?rest_route=%2Fwp%2Fv2%2Fmedia&parent=2240"}],"wp:term":[{"taxonomy":"category","embeddable":true,"href":"https:\/\/www.24baires.com\/index.php?rest_route=%2Fwp%2Fv2%2Fcategories&post=2240"},{"taxonomy":"post_tag","embeddable":true,"href":"https:\/\/www.24baires.com\/index.php?rest_route=%2Fwp%2Fv2%2Ftags&post=2240"}],"curies":[{"name":"wp","href":"https:\/\/api.w.org\/{rel}","templated":true}]}}