{"id":2235,"date":"2012-10-15T10:10:24","date_gmt":"2012-10-15T13:10:24","guid":{"rendered":"http:\/\/www.24baires.com\/?p=2235"},"modified":"2012-10-15T11:43:02","modified_gmt":"2012-10-15T14:43:02","slug":"encuentro-de-vehiculos-multimarcas-en-mercedes","status":"publish","type":"post","link":"https:\/\/www.24baires.com\/?p=2235","title":{"rendered":"Encuentro de veh\u00edculos multimarcas en Mercedes"},"content":{"rendered":"<p><strong><img data-recalc-dims=\"1\" loading=\"lazy\" decoding=\"async\" class=\"alignleft size-medium wp-image-2236\" title=\"mercedesfalcos\" src=\"https:\/\/i0.wp.com\/www.24baires.com\/wp-content\/uploads\/2012\/10\/mercedesfalcos.jpg?resize=300%2C168\" alt=\"\" width=\"300\" height=\"168\" srcset=\"https:\/\/i0.wp.com\/www.24baires.com\/wp-content\/uploads\/2012\/10\/mercedesfalcos.jpg?resize=300%2C168&amp;ssl=1 300w, https:\/\/i0.wp.com\/www.24baires.com\/wp-content\/uploads\/2012\/10\/mercedesfalcos.jpg?w=560&amp;ssl=1 560w\" sizes=\"auto, (max-width: 300px) 100vw, 300px\" \/><\/strong>Organizado por el Mercedes Falcon Club, participantes de una amplia regi\u00f3n exhibieron unidades de marcas cl\u00e1sicas, tuneadas y en perfecto estado. El encuentro fue a beneficio de la Escuela 503, pidiendo la donaci\u00f3n de alimentos no perecederos.<!--more--><\/p>\n<p>En una jornada de buen clima, el Primer Encuentro Multimarcas y Tuning, organizado por el Mercedes Falcon Club, reuni\u00f3 a m\u00e1s de 200 participantes de una amplia regi\u00f3n, que exhibieron unidades de marcas cl\u00e1sicas, tuneadas con muy buen gusto, y en perfecto estado. La muestra, que se confirm\u00f3 a \u00faltimo momento, reuni\u00f3 a cientos de visitantes en el Circuito Municipal de Ciclismo, durante s\u00e1bado y domingo.<\/p>\n<p>Los participantes se llevaron trofeos individuales, se realizaron sorteos y los concurrentes se deleitaron con las espl\u00e9ndidas unidades exhibidas. El encuentro se hizo a beneficio de la Escuela 503, pidiendo a los visitantes la donaci\u00f3n de alimentos no perecederos.<\/p>\n<p>Cristian Rodr\u00edguez, presidente de la comisi\u00f3n organizadora, agradeci\u00f3 a las autoridades municipales, a la Comisi\u00f3n de Ciclismo por su apertura, y al comercio local por su colaboraci\u00f3n. Y anunci\u00f3 que el a\u00f1o pr\u00f3ximo la experiencia se repetir\u00e1, potenciada por el gran \u00e9xito del primer encuentro.<\/p>\n","protected":false},"excerpt":{"rendered":"<p>Organizado por el Mercedes Falcon Club, participantes de una amplia regi\u00f3n exhibieron unidades de marcas cl\u00e1sicas, tuneadas y en perfecto estado. El encuentro fue a beneficio de la Escuela 503, pidiendo la donaci\u00f3n de alimentos no perecederos.<\/p>\n","protected":false},"author":4,"featured_media":0,"comment_status":"open","ping_status":"open","sticky":false,"template":"","format":"standard","meta":{"_jetpack_newsletter_access":"","_jetpack_dont_email_post_to_subs":false,"_jetpack_newsletter_tier_id":0,"_jetpack_memberships_contains_paywalled_content":false,"_jetpack_memberships_contains_paid_content":false,"footnotes":""},"categories":[1],"tags":[],"class_list":["post-2235","post","type-post","status-publish","format-standard","hentry","category-sociedad"],"jetpack_featured_media_url":"","jetpack_shortlink":"https:\/\/wp.me\/p2JWE0-A3","jetpack-related-posts":[{"id":34073,"url":"https:\/\/www.24baires.com\/?p=34073","url_meta":{"origin":2235,"position":0},"title":"Scioli mantuvo una reuni\u00f3n con la periodista amenazada en Mercedes","author":"GB","date":"24\/10\/2013","format":false,"excerpt":"El gobernador de la provincia de Buenos Aires, Daniel Scioli, se reuni\u00f3 en la localidad de Mercedes con Andrea Dematy, la periodista que denunci\u00f3 un \"apriete\" de parte del intendente local, el massista Carlos Selva. El encuentro se produjo en el marco de la visita del gobernador a Mercedes para\u2026","rel":"","context":"En \u00abLocales\u00bb","block_context":{"text":"Locales","link":"https:\/\/www.24baires.com\/?cat=38"},"img":{"alt_text":"scioli mercedes","src":"https:\/\/i0.wp.com\/www.24baires.com\/wp-content\/uploads\/2013\/10\/scioli-mercedes-300x199.jpg?resize=350%2C200","width":350,"height":200},"classes":[]},{"id":63486,"url":"https:\/\/www.24baires.com\/?p=63486","url_meta":{"origin":2235,"position":1},"title":"Realizan actos y vigilias en todo el pa\u00eds por el D\u00eda de la Memoria","author":"AF","date":"23\/03\/2015","format":false,"excerpt":"Los actos comenzaron ayer y continuar\u00e1n esta noche con una vigilia en el Archivo Nacional de la Memoria, en la ex ESMA, que se realiza por tercer a\u00f1o consecutivo para recordar a las miles de v\u00edctimas del golpe c\u00edvico-militar de 1976. El encuentro comenzar\u00e1 hoy a las 20 y se\u2026","rel":"","context":"En \u00abMemoria\u00bb","block_context":{"text":"Memoria","link":"https:\/\/www.24baires.com\/?cat=50"},"img":{"alt_text":"","src":"","width":0,"height":0},"classes":[]},{"id":13933,"url":"https:\/\/www.24baires.com\/?p=13933","url_meta":{"origin":2235,"position":2},"title":"Por primera vez la &#8216;Doble Bragado&#8217; arrancar\u00e1 desde Tigre","author":"AF","date":"29\/01\/2013","format":false,"excerpt":"Por primera vez, desde sus comienzos en 1935, la famosa carrera \u201cDoble Bragado\u201d, \u00edcono indiscutible del ciclismo argentino, arranca en Tigre. El Presidente del tradicional Club Ciclista Naci\u00f3n, Oscar L\u00f3pez, junto a miembros del comit\u00e9 organizador, estuvieron reunidos con funcionarios de Tigre a efectos de organizar y ultimar los detalles\u2026","rel":"","context":"En \u00abLocales\u00bb","block_context":{"text":"Locales","link":"https:\/\/www.24baires.com\/?cat=38"},"img":{"alt_text":"doble bragado","src":"https:\/\/i0.wp.com\/www.24baires.com\/wp-content\/uploads\/2013\/01\/doble-bragado-300x200.jpg?resize=350%2C200","width":350,"height":200},"classes":[]},{"id":9190,"url":"https:\/\/www.24baires.com\/?p=9190","url_meta":{"origin":2235,"position":3},"title":"Declararon la emergencia agropecuaria para Mercedes","author":"AF","date":"15\/12\/2012","format":false,"excerpt":"Se reuni\u00f3 nuevamente la Comisi\u00f3n de Emergencia y Desastre Agropecuario de la Provincia de Buenos y declar\u00f3 el estado de Emergencia Agropecuaria para las explotaciones rurales afectadas por inundaci\u00f3n del partido de Mercedes, por el per\u00edodo 01\/10\/12 al 28\/02\/13. En la oportunidad, se analiz\u00f3 la situaci\u00f3n agroclim\u00e1tica y el mapa\u2026","rel":"","context":"En \u00abLocales\u00bb","block_context":{"text":"Locales","link":"https:\/\/www.24baires.com\/?cat=38"},"img":{"alt_text":"campo inundado","src":"https:\/\/i0.wp.com\/www.24baires.com\/wp-content\/uploads\/2012\/11\/campo-inundado.jpg?resize=350%2C200","width":350,"height":200},"classes":[]},{"id":30554,"url":"https:\/\/www.24baires.com\/?p=30554","url_meta":{"origin":2235,"position":4},"title":"Finaliz\u00f3 la reuni\u00f3n que mantuvo Cristina con sindicalistas y empresarios y la calific\u00f3 como \u00abmuy positiva\u00bb","author":"GB","date":"21\/08\/2013","format":false,"excerpt":"Tras la extensa reuni\u00f3n que mantuvo con empresarios y sindicalistas en R\u00edo Gallegos, la Presidenta se\u00f1al\u00f3 que \u201cse habl\u00f3 de todo\u201d y que el encuentro se \u201cva a repetir m\u00e1s seguido\u201d. Adem\u00e1s, anunci\u00f3 la conformaci\u00f3n de \"mesas sectoriales\".. \u201cFue una charla donde todos pudieron expresarse y nosotros exhibir los n\u00fameros\u201d\u2026","rel":"","context":"En \u00abPol\u00edtica\u00bb","block_context":{"text":"Pol\u00edtica","link":"https:\/\/www.24baires.com\/?cat=51"},"img":{"alt_text":"Cristina en reuni\u00f3n con sindicalistas","src":"https:\/\/i0.wp.com\/www.24baires.com\/wp-content\/uploads\/2013\/08\/Cristina-en-reuni%C3%B3n-con-sindicalistas-300x190.jpg?resize=350%2C200","width":350,"height":200},"classes":[]},{"id":9857,"url":"https:\/\/www.24baires.com\/?p=9857","url_meta":{"origin":2235,"position":5},"title":"Se inaugur\u00f3 el Encuentro Provincial Memoria, Verdad, Justicia e Inclusi\u00f3n Social","author":"AF","date":"20\/12\/2012","format":false,"excerpt":"En la apertura del Encuentro Provincial Memoria, Verdad, Justicia e Inclusi\u00f3n Social, el secretario de Derechos Humanos, Guido Carlotto, repas\u00f3 el trabajo desarrollado y esboz\u00f3 el plan 2013. Guido Carlotto anticip\u00f3 que el organismo que conduce profundizar\u00e1 sus ejes de gesti\u00f3n y el abordaje territorial (trabajo en red), para asegurar\u2026","rel":"","context":"En \u00abSociedad\u00bb","block_context":{"text":"Sociedad","link":"https:\/\/www.24baires.com\/?cat=1"},"img":{"alt_text":"","src":"","width":0,"height":0},"classes":[]}],"jetpack_sharing_enabled":true,"jetpack_likes_enabled":true,"_links":{"self":[{"href":"https:\/\/www.24baires.com\/index.php?rest_route=\/wp\/v2\/posts\/2235","targetHints":{"allow":["GET"]}}],"collection":[{"href":"https:\/\/www.24baires.com\/index.php?rest_route=\/wp\/v2\/posts"}],"about":[{"href":"https:\/\/www.24baires.com\/index.php?rest_route=\/wp\/v2\/types\/post"}],"author":[{"embeddable":true,"href":"https:\/\/www.24baires.com\/index.php?rest_route=\/wp\/v2\/users\/4"}],"replies":[{"embeddable":true,"href":"https:\/\/www.24baires.com\/index.php?rest_route=%2Fwp%2Fv2%2Fcomments&post=2235"}],"version-history":[{"count":0,"href":"https:\/\/www.24baires.com\/index.php?rest_route=\/wp\/v2\/posts\/2235\/revisions"}],"wp:attachment":[{"href":"https:\/\/www.24baires.com\/index.php?rest_route=%2Fwp%2Fv2%2Fmedia&parent=2235"}],"wp:term":[{"taxonomy":"category","embeddable":true,"href":"https:\/\/www.24baires.com\/index.php?rest_route=%2Fwp%2Fv2%2Fcategories&post=2235"},{"taxonomy":"post_tag","embeddable":true,"href":"https:\/\/www.24baires.com\/index.php?rest_route=%2Fwp%2Fv2%2Ftags&post=2235"}],"curies":[{"name":"wp","href":"https:\/\/api.w.org\/{rel}","templated":true}]}}