{"id":22339,"date":"2013-05-01T12:12:23","date_gmt":"2013-05-01T15:12:23","guid":{"rendered":"http:\/\/www.24baires.com\/?p=22339"},"modified":"2013-05-01T12:12:23","modified_gmt":"2013-05-01T15:12:23","slug":"trabajadores-de-prensa-de-uruguay-aprueban-codigo-de-etica","status":"publish","type":"post","link":"https:\/\/www.24baires.com\/?p=22339","title":{"rendered":"Trabajadores de Prensa de Uruguay aprueban C\u00f3digo de \u00c9tica"},"content":{"rendered":"<p><img data-recalc-dims=\"1\" loading=\"lazy\" decoding=\"async\" class=\"alignleft size-medium wp-image-22340\" alt=\"daniel_lema\" src=\"https:\/\/i0.wp.com\/www.24baires.com\/wp-content\/uploads\/2013\/05\/daniel_lema.jpg?resize=300%2C178\" width=\"300\" height=\"178\" srcset=\"https:\/\/i0.wp.com\/www.24baires.com\/wp-content\/uploads\/2013\/05\/daniel_lema.jpg?resize=300%2C178&amp;ssl=1 300w, https:\/\/i0.wp.com\/www.24baires.com\/wp-content\/uploads\/2013\/05\/daniel_lema.jpg?w=560&amp;ssl=1 560w\" sizes=\"auto, (max-width: 300px) 100vw, 300px\" \/>En el marco del proceso de construcci\u00f3n de un C\u00f3digo de \u00c9tica para la Profesi\u00f3n Period\u00edstica, la Asociaci\u00f3n de la Prensa Uruguaya aprob\u00f3 el proyecto puesto a consideraci\u00f3n de su Asamblea General Extraordinaria. La informaci\u00f3n, fue dada a conocer esta semana por la Coalici\u00f3n por una Comunicaci\u00f3n Democr\u00e1tica (CCD) del vecino pa\u00eds.<!--more--><\/p>\n<p>La Asamblea General de la Asociaci\u00f3n de la Prensa Uruguaya (APU) aprob\u00f3 el pasado 12 de abril por amplia mayor\u00eda de presentes el C\u00f3digo de \u00c9tica de la Profesi\u00f3n Period\u00edstica, tras un exitoso proceso de debate, consulta y construcci\u00f3n de la primera autorregulaci\u00f3n del periodismo en Uruguay.<br \/>\nSeg\u00fan inform\u00f3 la CCD de Uruguay, \u201cluego de un intenso debate, los asamble\u00edstas concluyeron que la aprobaci\u00f3n de este mecanismo es un paso hist\u00f3rico para la profesionalizaci\u00f3n de los periodistas y la mejora de la calidad de la informaci\u00f3n en los medios de comunicaci\u00f3n\u201d.<br \/>\nLa resoluci\u00f3n que aprob\u00f3 el C\u00f3digo de \u00c9tica estableci\u00f3 que \u201ces de plena observancia para todos los afiliados al sindicato; adem\u00e1s, invita a los medios de comunicaci\u00f3n y a otras gremiales vinculadas a la comunicaci\u00f3n a adoptarlo como una referencia para el trabajo profesional\u201d.<br \/>\nLa Asamblea estableci\u00f3 que el Tribunal Arbitral de la instituci\u00f3n, un \u00f3rgano estatutario y elegido por el voto de sus afiliados, ser\u00e1 el encargado de \u201cpromover y aplicar el c\u00f3digo. El Tribunal podr\u00e1 designar comisiones consultivas para el estudio de situaciones y casos concretos\u201d.<br \/>\nLa Asociaci\u00f3n de la Prensa Uruguaya (APU), el Centro de Archivos y Acceso a la Informaci\u00f3n P\u00fablica (CAinfo) y el Grupo Medios y Sociedad (GMS), formaron parte de este proyecto que incluy\u00f3 debates en todo el pa\u00eds, estudios comparados, una encuesta a nivel nacional y un amplio per\u00edodo de consulta p\u00fablica del borrador del C\u00f3digo.<br \/>\nLa iniciativa fue patrocinada por UNESCO a trav\u00e9s del Programa Internacional para el Desarrollo de las Comunicaciones (IPDC).<br \/>\nTodos los participantes esperan que esta herramienta contribuya a desarrollar mejores est\u00e1ndares en el ejercicio de la profesi\u00f3n period\u00edstica y mecanismos de autorregulaci\u00f3n en los medios, mediante la creaci\u00f3n de defensor\u00edas de audiencias y otro tipo de mecanismos para evacuar las inquietudes de las audiencias.<\/p>\n","protected":false},"excerpt":{"rendered":"<p>En el marco del proceso de construcci\u00f3n de un C\u00f3digo de \u00c9tica para la Profesi\u00f3n Period\u00edstica, la Asociaci\u00f3n de la Prensa Uruguaya aprob\u00f3 el proyecto puesto a consideraci\u00f3n de su Asamblea General Extraordinaria. La informaci\u00f3n, fue dada a conocer esta semana por la Coalici\u00f3n por una Comunicaci\u00f3n Democr\u00e1tica (CCD) del vecino pa\u00eds.<\/p>\n","protected":false},"author":11,"featured_media":0,"comment_status":"open","ping_status":"open","sticky":false,"template":"","format":"standard","meta":{"_jetpack_newsletter_access":"","_jetpack_dont_email_post_to_subs":false,"_jetpack_newsletter_tier_id":0,"_jetpack_memberships_contains_paywalled_content":false,"_jetpack_memberships_contains_paid_content":false,"footnotes":""},"categories":[54],"tags":[],"class_list":["post-22339","post","type-post","status-publish","format-standard","hentry","category-medios"],"jetpack_featured_media_url":"","jetpack_shortlink":"https:\/\/wp.me\/p2JWE0-5Oj","jetpack-related-posts":[{"id":29405,"url":"https:\/\/www.24baires.com\/?p=29405","url_meta":{"origin":22339,"position":0},"title":"Uruguay defender\u00e1 ante la ONU la reciente ley de regulaci\u00f3n de la marihuana","author":"AF","date":"02\/08\/2013","format":false,"excerpt":"Seg\u00fan asever\u00f3 a la prensa uruguaya el presidente de la Junta Nacional de Drogas, Diego C\u00e1nepa, el presidente uruguayo, Jos\u00e9 Mujica, concurrir\u00e1 a la asamblea anual de las Naciones Unidas (ONU) para defender la ley de marihuana que impulsa su Gobierno. La ley que pone bajo \u00f3rbita estatal la regulaci\u00f3n\u2026","rel":"","context":"En \u00abSociedad\u00bb","block_context":{"text":"Sociedad","link":"https:\/\/www.24baires.com\/?cat=1"},"img":{"alt_text":"mujica","src":"https:\/\/i0.wp.com\/www.24baires.com\/wp-content\/uploads\/2012\/10\/mujica.jpg?resize=350%2C200","width":350,"height":200,"srcset":"https:\/\/i0.wp.com\/www.24baires.com\/wp-content\/uploads\/2012\/10\/mujica.jpg?resize=350%2C200 1x, https:\/\/i0.wp.com\/www.24baires.com\/wp-content\/uploads\/2012\/10\/mujica.jpg?resize=525%2C300 1.5x"},"classes":[]},{"id":111769,"url":"https:\/\/www.24baires.com\/?p=111769","url_meta":{"origin":22339,"position":1},"title":"Uruguay: el presidente Tabar\u00e9 V\u00e1zquez tiene un tumor maligno","author":"AF","date":"23\/08\/2019","format":false,"excerpt":"La noticia fue confirmada mediante un comunicado oficial luego de la intervenci\u00f3n diagn\u00f3stica que se le realiz\u00f3 al primer mandatario. El tumor que se le encontr\u00f3 al presidente de Uruguay, Tabar\u00e9 V\u00e1zquez, es maligno, seg\u00fan confirm\u00f3 la Presidencia en un comunicado. El informe definitivo sobre la cuesti\u00f3n estar\u00e1 disponible \u201cen\u2026","rel":"","context":"En \u00abInternacionales\u00bb","block_context":{"text":"Internacionales","link":"https:\/\/www.24baires.com\/?cat=73"},"img":{"alt_text":"","src":"https:\/\/i0.wp.com\/www.24baires.com\/wp-content\/uploads\/2019\/08\/tabar%C3%A9-v%C3%A1zquez.jpg?resize=350%2C200","width":350,"height":200,"srcset":"https:\/\/i0.wp.com\/www.24baires.com\/wp-content\/uploads\/2019\/08\/tabar%C3%A9-v%C3%A1zquez.jpg?resize=350%2C200 1x, https:\/\/i0.wp.com\/www.24baires.com\/wp-content\/uploads\/2019\/08\/tabar%C3%A9-v%C3%A1zquez.jpg?resize=525%2C300 1.5x"},"classes":[]},{"id":84007,"url":"https:\/\/www.24baires.com\/?p=84007","url_meta":{"origin":22339,"position":2},"title":"Finalmente no echaron a L\u00f3pez del Parlasur","author":"GB","date":"21\/06\/2016","format":false,"excerpt":"La moci\u00f3n que buscaba apartar al ex secretario de Obras P\u00fablicas de la Naci\u00f3n de ese cuerpo no alcanz\u00f3 la mayor\u00eda especial necesaria de 90 votos. El parlamento del Mercosur vot\u00f3 este martes en dos ocasiones y finalmente decidi\u00f3 la no expulsi\u00f3n del diputado Jos\u00e9 Lop\u00e9z, ya que la moci\u00f3n\u2026","rel":"","context":"En \u00abPol\u00edtica\u00bb","block_context":{"text":"Pol\u00edtica","link":"https:\/\/www.24baires.com\/?cat=51"},"img":{"alt_text":"lopez","src":"https:\/\/i0.wp.com\/www.24baires.com\/wp-content\/uploads\/2016\/06\/lopez.jpg?resize=350%2C200","width":350,"height":200,"srcset":"https:\/\/i0.wp.com\/www.24baires.com\/wp-content\/uploads\/2016\/06\/lopez.jpg?resize=350%2C200 1x, https:\/\/i0.wp.com\/www.24baires.com\/wp-content\/uploads\/2016\/06\/lopez.jpg?resize=525%2C300 1.5x"},"classes":[]},{"id":48683,"url":"https:\/\/www.24baires.com\/?p=48683","url_meta":{"origin":22339,"position":3},"title":"La FIFA abri\u00f3 un expediente por la mordida de Su\u00e1rez a Chiellini","author":"AF","date":"25\/06\/2014","format":false,"excerpt":"Es para evaluar la posible sanci\u00f3n al uruguayo por el presunto mordisco que le aplic\u00f3 al defensor italiano Giorgio Chiellini en el partido de la \u00faltima fecha del Grupo D del Mundial Brasil 2014. Es la tercera vez que muerde a otro jugador. En un comunicado, el ente rector del\u2026","rel":"","context":"En \u00abDeportes\u00bb","block_context":{"text":"Deportes","link":"https:\/\/www.24baires.com\/?cat=12"},"img":{"alt_text":"chiellini su\u00e1rez","src":"https:\/\/i0.wp.com\/www.24baires.com\/wp-content\/uploads\/2014\/06\/chiellini-su%C3%A1rez.jpg?resize=350%2C200","width":350,"height":200,"srcset":"https:\/\/i0.wp.com\/www.24baires.com\/wp-content\/uploads\/2014\/06\/chiellini-su%C3%A1rez.jpg?resize=350%2C200 1x, https:\/\/i0.wp.com\/www.24baires.com\/wp-content\/uploads\/2014\/06\/chiellini-su%C3%A1rez.jpg?resize=525%2C300 1.5x"},"classes":[]},{"id":30890,"url":"https:\/\/www.24baires.com\/?p=30890","url_meta":{"origin":22339,"position":4},"title":"Argentina y Uruguay avanzan de la mano de YPF","author":"GB","date":"27\/08\/2013","format":false,"excerpt":"Este martes, en Uruguay, tuvieron lugar, en consonancia, ciertas actividades y reuniones que derribaron algunos nuevos \u2018mitos\u2019 que los medios hegem\u00f3nicos de comunicaci\u00f3n en nuestro pa\u00eds se han esforzado por imponer y consolidar en los \u00faltimos tiempos. Cristina Fern\u00e1ndez de Kirchner inaugur\u00f3 junto a su par uruguayo, Jos\u00e9 \u2018Pepe\u2019 Mujica,\u2026","rel":"","context":"En \u00abOpini\u00f3n\u00bb","block_context":{"text":"Opini\u00f3n","link":"https:\/\/www.24baires.com\/?cat=64"},"img":{"alt_text":"Cristina-Mujica","src":"https:\/\/i0.wp.com\/www.24baires.com\/wp-content\/uploads\/2013\/08\/Cristina-Mujica.jpg?resize=350%2C200","width":350,"height":200,"srcset":"https:\/\/i0.wp.com\/www.24baires.com\/wp-content\/uploads\/2013\/08\/Cristina-Mujica.jpg?resize=350%2C200 1x, https:\/\/i0.wp.com\/www.24baires.com\/wp-content\/uploads\/2013\/08\/Cristina-Mujica.jpg?resize=525%2C300 1.5x"},"classes":[]},{"id":29253,"url":"https:\/\/www.24baires.com\/?p=29253","url_meta":{"origin":22339,"position":5},"title":"Se reunir\u00e1n en Pergamino delegaciones comerciales de todo el mundo","author":"AF","date":"31\/07\/2013","format":false,"excerpt":"Organizado por el municipio y entidades econ\u00f3micas, el evento se desarrollar\u00e1 los d\u00edas 1 y 2 de agosto con el fin de generar un espacio de vinculaci\u00f3n e intercambio entre delegaciones comerciales e institucionales de todo el mundo. En este marco, habr\u00e1 ronda de negocios, charlas-debate y una recorrida por\u2026","rel":"","context":"En \u00abLocales\u00bb","block_context":{"text":"Locales","link":"https:\/\/www.24baires.com\/?cat=38"},"img":{"alt_text":"","src":"","width":0,"height":0},"classes":[]}],"jetpack_sharing_enabled":true,"jetpack_likes_enabled":true,"_links":{"self":[{"href":"https:\/\/www.24baires.com\/index.php?rest_route=\/wp\/v2\/posts\/22339","targetHints":{"allow":["GET"]}}],"collection":[{"href":"https:\/\/www.24baires.com\/index.php?rest_route=\/wp\/v2\/posts"}],"about":[{"href":"https:\/\/www.24baires.com\/index.php?rest_route=\/wp\/v2\/types\/post"}],"author":[{"embeddable":true,"href":"https:\/\/www.24baires.com\/index.php?rest_route=\/wp\/v2\/users\/11"}],"replies":[{"embeddable":true,"href":"https:\/\/www.24baires.com\/index.php?rest_route=%2Fwp%2Fv2%2Fcomments&post=22339"}],"version-history":[{"count":2,"href":"https:\/\/www.24baires.com\/index.php?rest_route=\/wp\/v2\/posts\/22339\/revisions"}],"predecessor-version":[{"id":22342,"href":"https:\/\/www.24baires.com\/index.php?rest_route=\/wp\/v2\/posts\/22339\/revisions\/22342"}],"wp:attachment":[{"href":"https:\/\/www.24baires.com\/index.php?rest_route=%2Fwp%2Fv2%2Fmedia&parent=22339"}],"wp:term":[{"taxonomy":"category","embeddable":true,"href":"https:\/\/www.24baires.com\/index.php?rest_route=%2Fwp%2Fv2%2Fcategories&post=22339"},{"taxonomy":"post_tag","embeddable":true,"href":"https:\/\/www.24baires.com\/index.php?rest_route=%2Fwp%2Fv2%2Ftags&post=22339"}],"curies":[{"name":"wp","href":"https:\/\/api.w.org\/{rel}","templated":true}]}}