{"id":2231,"date":"2012-10-15T11:14:07","date_gmt":"2012-10-15T14:14:07","guid":{"rendered":"http:\/\/www.24baires.com\/?p=2231"},"modified":"2012-10-15T11:14:07","modified_gmt":"2012-10-15T14:14:07","slug":"seguridad-en-clubes-rigen-nuevos-requisitos","status":"publish","type":"post","link":"https:\/\/www.24baires.com\/?p=2231","title":{"rendered":"Seguridad en clubes: rigen nuevos requisitos"},"content":{"rendered":"<p>Para ser responsable de seguridad de clubes de Primera Divisi\u00f3n o B Nacional, los designados deber\u00e1n \u201cser Oficial Jefe u Oficial Superior, retirado de las fuerzas de seguridad o policiales o Licenciados en Seguridad; o bien otro t\u00edtulo terciario o universitario junto con el cual se deber\u00e1 acreditar fehacientemente la idoneidad adquirida en el ejercicio de funciones similares o de formaci\u00f3n pertinentes y acordes con el cargo\u201d.<!--more--><\/p>\n<p>Adem\u00e1s, los designados para cumplir tales funciones \u201cno podr\u00e1n ejercer cargos directivos en la entidad deportiva\u201d y deber\u00e1n actuar como enlace entre las instituciones y la autoridad policial.<\/p>\n<p>En el resto de las categor\u00edas del ascenso, como la Primera B, C y D, el personal encargado de la seguridad alcanzar\u00e1 con ser \u201cid\u00f3neo en la materia, debiendo acreditar tal condici\u00f3n en forma fehaciente\u201d.<\/p>\n<p>Seg\u00fan la resoluci\u00f3n, \u201cen ambos casos, las instituciones deportivas deber\u00e1n comunicar al Ministerio de Seguridad los datos personales de los responsables de seguridad designados a fin de incluirlos en el Banco Nacional de Datos sobre Violencia en el F\u00fatbol \u201c.<\/p>\n<p>Por \u00faltimo, el art\u00edculo 14 destaca que de no cumplir con lo dispuesto en la resoluci\u00f3n, \u201cel Comit\u00e9 de Seguridad en el F\u00fatbol podr\u00e1 solicitar su remoci\u00f3n a la Asociaci\u00f3n del F\u00fatbol Argentino\u201d.<\/p>\n","protected":false},"excerpt":{"rendered":"<p>Para ser responsable de seguridad de clubes de Primera Divisi\u00f3n o B Nacional, los designados deber\u00e1n \u201cser Oficial Jefe u Oficial Superior, retirado de las fuerzas de seguridad o policiales o Licenciados en Seguridad; o bien otro t\u00edtulo terciario o universitario junto con el cual se deber\u00e1 acreditar fehacientemente la idoneidad adquirida en el ejercicio de funciones similares o de [&#8230;]<\/p>\n","protected":false},"author":4,"featured_media":0,"comment_status":"open","ping_status":"open","sticky":false,"template":"","format":"standard","meta":{"_jetpack_newsletter_access":"","_jetpack_dont_email_post_to_subs":false,"_jetpack_newsletter_tier_id":0,"_jetpack_memberships_contains_paywalled_content":false,"_jetpack_memberships_contains_paid_content":false,"footnotes":""},"categories":[1],"tags":[],"class_list":["post-2231","post","type-post","status-publish","format-standard","hentry","category-sociedad"],"jetpack_featured_media_url":"","jetpack_shortlink":"https:\/\/wp.me\/p2JWE0-zZ","jetpack-related-posts":[{"id":118330,"url":"https:\/\/www.24baires.com\/?p=118330","url_meta":{"origin":2231,"position":0},"title":"El Gobierno nacional implementar\u00e1 a partir del 1\u00b0 de enero el pase sanitario","author":"GB","date":"13\/12\/2021","format":false,"excerpt":"Mediante una decisi\u00f3n administrativa, el Poder Ejecutivo dispuso que desde el 1\u00b0 de enero \"toda persona a partir de los 13 a\u00f1os que realice actividades definidas de alto riesgo epidemiol\u00f3gico y sanitario deber\u00e1 acreditar tener un esquema de vacunaci\u00f3n completo contra Covid-19\". Gobierno nacional implementar\u00e1 a partir del 1\u00b0de enero\u2026","rel":"","context":"En \u00abSociedad\u00bb","block_context":{"text":"Sociedad","link":"https:\/\/www.24baires.com\/?cat=1"},"img":{"alt_text":"","src":"https:\/\/i0.wp.com\/www.24baires.com\/wp-content\/uploads\/2021\/12\/0003468847.jpg?resize=350%2C200","width":350,"height":200,"srcset":"https:\/\/i0.wp.com\/www.24baires.com\/wp-content\/uploads\/2021\/12\/0003468847.jpg?resize=350%2C200 1x, https:\/\/i0.wp.com\/www.24baires.com\/wp-content\/uploads\/2021\/12\/0003468847.jpg?resize=525%2C300 1.5x"},"classes":[]},{"id":114874,"url":"https:\/\/www.24baires.com\/?p=114874","url_meta":{"origin":2231,"position":1},"title":"AFIP oficializ\u00f3 la modalidad de tr\u00e1mite para cr\u00e9ditos a tasa cero","author":"GB","date":"30\/04\/2020","format":false,"excerpt":"La l\u00ednea destinada a monotributistas y aut\u00f3nomos que vieron afectada su facturaci\u00f3n por la cuarentena, estar\u00e1 disponibles a partir del lunes 4 hasta el viernes 29 de mayo. La Administraci\u00f3n Federal de Ingresos P\u00fablicos (AFIP) oficializ\u00f3 este jueves mediante la Resoluci\u00f3n General 4707\/2020 publicada en el Bolet\u00edn Oficial, que detalla\u2026","rel":"","context":"En \u00abPol\u00edtica\u00bb","block_context":{"text":"Pol\u00edtica","link":"https:\/\/www.24baires.com\/?cat=51"},"img":{"alt_text":"","src":"https:\/\/i0.wp.com\/www.24baires.com\/wp-content\/uploads\/2020\/04\/afip.jpg?resize=350%2C200","width":350,"height":200,"srcset":"https:\/\/i0.wp.com\/www.24baires.com\/wp-content\/uploads\/2020\/04\/afip.jpg?resize=350%2C200 1x, https:\/\/i0.wp.com\/www.24baires.com\/wp-content\/uploads\/2020\/04\/afip.jpg?resize=525%2C300 1.5x"},"classes":[]},{"id":86936,"url":"https:\/\/www.24baires.com\/?p=86936","url_meta":{"origin":2231,"position":2},"title":"Oficializan nuevas pautas para la custodia de Macri y sus ministros","author":"AF","date":"30\/08\/2016","format":false,"excerpt":"Son pautas de organizaci\u00f3n del Servicio de Protecci\u00f3n y Custodia Presidencial, de la Vicepresidenta, los Ministros y expresidentes, que establecen el car\u00e1cter \"obligatorio y permanente\" de la custodia para quienes lo disponga el Ministerio de Seguridad. Ser\u00e1 conforme a \"criterios objetivos\", tales como \"las hip\u00f3tesis de amenazas reales\" que pudieran\u2026","rel":"","context":"En \u00abGeneral\u00bb","block_context":{"text":"General","link":"https:\/\/www.24baires.com\/?cat=67"},"img":{"alt_text":"macri malvinas","src":"https:\/\/i0.wp.com\/www.24baires.com\/wp-content\/uploads\/2016\/04\/macri-malvinas.jpg?resize=350%2C200","width":350,"height":200,"srcset":"https:\/\/i0.wp.com\/www.24baires.com\/wp-content\/uploads\/2016\/04\/macri-malvinas.jpg?resize=350%2C200 1x, https:\/\/i0.wp.com\/www.24baires.com\/wp-content\/uploads\/2016\/04\/macri-malvinas.jpg?resize=525%2C300 1.5x"},"classes":[]},{"id":119156,"url":"https:\/\/www.24baires.com\/?p=119156","url_meta":{"origin":2231,"position":3},"title":"Massa asumir\u00e1 como superministro de Econom\u00eda","author":"AF","date":"28\/07\/2022","format":false,"excerpt":"Alberto Fern\u00e1ndez decidi\u00f3 reorganizar las \u00e1reas econ\u00f3micas para un mejor funcionamiento, coordinaci\u00f3n y gesti\u00f3n: se unificar\u00e1n los ministerios de Econom\u00eda, Desarrollo Productivo y Agricultura, Ganader\u00eda y Pesca, que quedar\u00e1n bajo la \u00f3rbita del actual presidente de la C\u00e1mara de Diputados. Massa anunci\u00f3 que el lunes comenzar\u00e1 a designar a los\u2026","rel":"","context":"En \u00abEconom\u00eda\u00bb","block_context":{"text":"Econom\u00eda","link":"https:\/\/www.24baires.com\/?cat=45"},"img":{"alt_text":"","src":"https:\/\/i0.wp.com\/www.24baires.com\/wp-content\/uploads\/2022\/07\/6243529d100ad_900.jpg?resize=350%2C200","width":350,"height":200,"srcset":"https:\/\/i0.wp.com\/www.24baires.com\/wp-content\/uploads\/2022\/07\/6243529d100ad_900.jpg?resize=350%2C200 1x, https:\/\/i0.wp.com\/www.24baires.com\/wp-content\/uploads\/2022\/07\/6243529d100ad_900.jpg?resize=525%2C300 1.5x, https:\/\/i0.wp.com\/www.24baires.com\/wp-content\/uploads\/2022\/07\/6243529d100ad_900.jpg?resize=700%2C400 2x"},"classes":[]},{"id":55422,"url":"https:\/\/www.24baires.com\/?p=55422","url_meta":{"origin":2231,"position":4},"title":"Elevan a un mill\u00f3n de pesos la recompensa por informaci\u00f3n sobre Luciano Arruga","author":"AF","date":"15\/10\/2014","format":false,"excerpt":"El Gobierno bonaerense aument\u00f3 a un mill\u00f3n de pesos la suma para quienes aporten informaci\u00f3n fehaciente que contribuya a dar con el paradero o esclarecer la desaparici\u00f3n de Luciano Arruga, el adolescente de 16 a\u00f1os visto por \u00faltima vez en 2009 cerca de una comisar\u00eda de La Matanza. De acuerdo\u2026","rel":"","context":"En \u00abSociedad\u00bb","block_context":{"text":"Sociedad","link":"https:\/\/www.24baires.com\/?cat=1"},"img":{"alt_text":"arruga Luciano","src":"https:\/\/i0.wp.com\/www.24baires.com\/wp-content\/uploads\/2012\/12\/arruga-Luciano.jpg?resize=350%2C200","width":350,"height":200,"srcset":"https:\/\/i0.wp.com\/www.24baires.com\/wp-content\/uploads\/2012\/12\/arruga-Luciano.jpg?resize=350%2C200 1x, https:\/\/i0.wp.com\/www.24baires.com\/wp-content\/uploads\/2012\/12\/arruga-Luciano.jpg?resize=525%2C300 1.5x"},"classes":[]},{"id":116918,"url":"https:\/\/www.24baires.com\/?p=116918","url_meta":{"origin":2231,"position":5},"title":"Mar del Plata: la Justicia busca frenar la persecuci\u00f3n a consumidores de marihuana","author":"AF","date":"21\/12\/2020","format":false,"excerpt":"El Juzgado de Garant\u00edas N\u00b0 4 dio lugar a un habeas corpus colectivo presentado hace un a\u00f1o por la Agrupaci\u00f3n Marplatenses de Cannabicultores, donde se advierte sobre abusos policiales en el inicio de causas por tenencia para consumo personal. Se implementar\u00e1 un protocolo de actuaci\u00f3n para efectivos policiales y judiciales.\u2026","rel":"","context":"En \u00abSociedad\u00bb","block_context":{"text":"Sociedad","link":"https:\/\/www.24baires.com\/?cat=1"},"img":{"alt_text":"","src":"https:\/\/i0.wp.com\/www.24baires.com\/wp-content\/uploads\/2020\/12\/marihuana.jpg?resize=350%2C200","width":350,"height":200,"srcset":"https:\/\/i0.wp.com\/www.24baires.com\/wp-content\/uploads\/2020\/12\/marihuana.jpg?resize=350%2C200 1x, https:\/\/i0.wp.com\/www.24baires.com\/wp-content\/uploads\/2020\/12\/marihuana.jpg?resize=525%2C300 1.5x"},"classes":[]}],"jetpack_sharing_enabled":true,"jetpack_likes_enabled":true,"_links":{"self":[{"href":"https:\/\/www.24baires.com\/index.php?rest_route=\/wp\/v2\/posts\/2231","targetHints":{"allow":["GET"]}}],"collection":[{"href":"https:\/\/www.24baires.com\/index.php?rest_route=\/wp\/v2\/posts"}],"about":[{"href":"https:\/\/www.24baires.com\/index.php?rest_route=\/wp\/v2\/types\/post"}],"author":[{"embeddable":true,"href":"https:\/\/www.24baires.com\/index.php?rest_route=\/wp\/v2\/users\/4"}],"replies":[{"embeddable":true,"href":"https:\/\/www.24baires.com\/index.php?rest_route=%2Fwp%2Fv2%2Fcomments&post=2231"}],"version-history":[{"count":0,"href":"https:\/\/www.24baires.com\/index.php?rest_route=\/wp\/v2\/posts\/2231\/revisions"}],"wp:attachment":[{"href":"https:\/\/www.24baires.com\/index.php?rest_route=%2Fwp%2Fv2%2Fmedia&parent=2231"}],"wp:term":[{"taxonomy":"category","embeddable":true,"href":"https:\/\/www.24baires.com\/index.php?rest_route=%2Fwp%2Fv2%2Fcategories&post=2231"},{"taxonomy":"post_tag","embeddable":true,"href":"https:\/\/www.24baires.com\/index.php?rest_route=%2Fwp%2Fv2%2Ftags&post=2231"}],"curies":[{"name":"wp","href":"https:\/\/api.w.org\/{rel}","templated":true}]}}