{"id":2223,"date":"2012-10-15T10:34:01","date_gmt":"2012-10-15T13:34:01","guid":{"rendered":"http:\/\/www.24baires.com\/?p=2223"},"modified":"2012-10-15T10:34:01","modified_gmt":"2012-10-15T13:34:01","slug":"la-ucr-bonaerense-fue-a-internas-en-16-distritos","status":"publish","type":"post","link":"https:\/\/www.24baires.com\/?p=2223","title":{"rendered":"La UCR bonaerense fue a internas en 16 distritos"},"content":{"rendered":"<p>El medio de un d\u00e9bil acuerdo de unidad alcanzado por los sectores internos de la UCR bonaerense y nuevos cruces medi\u00e1ticos, el partido fue a internas en 16 distritos del territorio.<!--more--><\/p>\n<p>Pese al acuerdo provincial, se realizaron internas en 16 distritos de la provincia donde no se alcanz\u00f3 una lista de unidad. Seg\u00fan informaron fuentes del Comit\u00e9 Provincia, la alianza entre el alfonsinismo y el possismo impuso sus candidatos en Campana, Marcos Paz, Ituzaing\u00f3, General Viamonte, Pinamar, Partido de la Costa, Coronel Su\u00e1rez y Tres Arroyos.<\/p>\n<p>En tanto, los candidatos del conglomerado opositor \u2013b\u00e1sicamente, alineados al Modeso de Leopoldo Moreau- conducir\u00e1n los comit\u00e9s locales en Jos\u00e9 C. Paz, Hurlingham y Ensenada.<\/p>\n<p>Siempre seg\u00fan los datos del Comit\u00e9, en Mercedes gan\u00f3 el candidato de La Cantera \u2013un sector en crecimiento dentro del radicalismo bonaerense-, en Mor\u00f3n y Bol\u00edvar se impusieron listas locales, en Avellaneda el candidato del hist\u00f3rico Juan Manuel Casella, y en Coronel Pringles, el postulante que responde al actual diputado provincial Aldo Mensi.<\/p>\n<p>Cabe recordar que, adem\u00e1s de la presidencia para Alejandro Armend\u00e1riz, la lista de unidad incluye como vicepresidente a Mario Espada; Sergio Panella como vice 1\u00ba; Cecilia Moreau, secretaria general y Pablo Domenichini como pro-secretario, entre los cargos principales al Comit\u00e9 Provincia.<\/p>\n<p>En tanto, los cuatro delegados ante el Comit\u00e9 nacional ser\u00e1n Mario Meoni, Juan Manuel Casella, Lorena Tetaz y Ricardo Alfons\u00edn (dos por cada lista) y la n\u00f3mina de convencionales nacionales por la provincia ser\u00e1 encabezada por Posse secundado por H\u00e9ctor Guti\u00e9rrez. Sobre un total de 73 convencionales, 39 responder\u00e1n al oficialismo y 34 a la oposici\u00f3n.<\/p>\n<p>La lista \u00fanica se proclamar\u00e1 en las pr\u00f3ximas semanas -ser\u00eda el 30 de octubre- con un acto en la sede del Comit\u00e9 Provincia de la UCR.<\/p>\n","protected":false},"excerpt":{"rendered":"<p>El medio de un d\u00e9bil acuerdo de unidad alcanzado por los sectores internos de la UCR bonaerense y nuevos cruces medi\u00e1ticos, el partido fue a internas en 16 distritos del territorio.<\/p>\n","protected":false},"author":4,"featured_media":0,"comment_status":"open","ping_status":"open","sticky":false,"template":"","format":"standard","meta":{"_jetpack_newsletter_access":"","_jetpack_dont_email_post_to_subs":false,"_jetpack_newsletter_tier_id":0,"_jetpack_memberships_contains_paywalled_content":false,"_jetpack_memberships_contains_paid_content":false,"footnotes":""},"categories":[51],"tags":[],"class_list":["post-2223","post","type-post","status-publish","format-standard","hentry","category-politica"],"jetpack_featured_media_url":"","jetpack_shortlink":"https:\/\/wp.me\/p2JWE0-zR","jetpack-related-posts":[{"id":89032,"url":"https:\/\/www.24baires.com\/?p=89032","url_meta":{"origin":2223,"position":0},"title":"El vicegobernador Salvador fue elegido como titular de la UCR provincial","author":"AF","date":"24\/10\/2016","format":false,"excerpt":"El vicegobernador bonaerense Daniel Salvador fue proclamado anoche como nuevo titular del Comit\u00e9 Provincia de la UCR en el marco de la lista de unidad acordada con los principales sectores internos, mientras que en las elecciones para los comit\u00e9s locales realizadas en casi 30 distritos hubo triunfos repartidos. De este\u2026","rel":"","context":"En \u00abPol\u00edtica\u00bb","block_context":{"text":"Pol\u00edtica","link":"https:\/\/www.24baires.com\/?cat=51"},"img":{"alt_text":"Daniel_Salvador","src":"https:\/\/i0.wp.com\/www.24baires.com\/wp-content\/uploads\/2016\/07\/Daniel_Salvador.jpg?resize=350%2C200","width":350,"height":200,"srcset":"https:\/\/i0.wp.com\/www.24baires.com\/wp-content\/uploads\/2016\/07\/Daniel_Salvador.jpg?resize=350%2C200 1x, https:\/\/i0.wp.com\/www.24baires.com\/wp-content\/uploads\/2016\/07\/Daniel_Salvador.jpg?resize=525%2C300 1.5x"},"classes":[]},{"id":117340,"url":"https:\/\/www.24baires.com\/?p=117340","url_meta":{"origin":2223,"position":1},"title":"\u00abTrabajaremos para tener un gobernador y un presidente radical\u00bb, dijo Abad","author":"GB","date":"22\/03\/2021","format":false,"excerpt":"El marplatense se impuso sobre Gustavo Posse y ser\u00e1 el nuevo presidente de la UCR bonaerense El jefe del bloque de Juntos por el Cambio en la Legislatura platense, Maximiliano Abad, asegur\u00f3 que buscar\u00e1n \u201ctener un gobernador y un presidente radical en 2023\u201d, tras proclamarse ganador en los comicios internos\u2026","rel":"","context":"En \u00abProvincia\u00bb","block_context":{"text":"Provincia","link":"https:\/\/www.24baires.com\/?cat=40"},"img":{"alt_text":"","src":"https:\/\/i0.wp.com\/www.24baires.com\/wp-content\/uploads\/2021\/03\/0003268108.jpg?resize=350%2C200","width":350,"height":200,"srcset":"https:\/\/i0.wp.com\/www.24baires.com\/wp-content\/uploads\/2021\/03\/0003268108.jpg?resize=350%2C200 1x, https:\/\/i0.wp.com\/www.24baires.com\/wp-content\/uploads\/2021\/03\/0003268108.jpg?resize=525%2C300 1.5x"},"classes":[]},{"id":9358,"url":"https:\/\/www.24baires.com\/?p=9358","url_meta":{"origin":2223,"position":2},"title":"El &#8216;neoalfonsinismo&#8217; bonaerense busca acordar con el FAP","author":"Grupo Sierra","date":"16\/12\/2012","format":false,"excerpt":"Los seguidores del hijo de Ra\u00fal Alfons\u00edn, tienen todas sus expectativas puestas en lograr un acuerdo con el Frente Amplio Progresista de Hermes Binner en Buenos Aires, y est\u00e1 dispuesto a definir las candidaturas de esa alianza en las primarias abiertas y obligatorias, tras una interna partidaria propia. As\u00ed lo\u2026","rel":"","context":"En \u00abProvincia\u00bb","block_context":{"text":"Provincia","link":"https:\/\/www.24baires.com\/?cat=40"},"img":{"alt_text":"","src":"","width":0,"height":0},"classes":[]},{"id":63997,"url":"https:\/\/www.24baires.com\/?p=63997","url_meta":{"origin":2223,"position":3},"title":"Y, si no me tienen fe\u2026","author":"GB","date":"08\/04\/2015","format":false,"excerpt":"Si bien, como ya sabemos, la Convenci\u00f3n Nacional de la UCR decidi\u00f3 cerrar acuerdos electorales con el PRO de Mauiricio Macri, parece que el descontento de algunos sectores del centenario partido han hecho que Ernesto Sanz habra el juego en las provincias para que cada uno realice las alianzas que\u2026","rel":"","context":"En \u00abOpini\u00f3n\u00bb","block_context":{"text":"Opini\u00f3n","link":"https:\/\/www.24baires.com\/?cat=64"},"img":{"alt_text":"cobos sanz ucr","src":"https:\/\/i0.wp.com\/www.24baires.com\/wp-content\/uploads\/2014\/05\/cobos-sanz-ucr.jpg?resize=350%2C200","width":350,"height":200,"srcset":"https:\/\/i0.wp.com\/www.24baires.com\/wp-content\/uploads\/2014\/05\/cobos-sanz-ucr.jpg?resize=350%2C200 1x, https:\/\/i0.wp.com\/www.24baires.com\/wp-content\/uploads\/2014\/05\/cobos-sanz-ucr.jpg?resize=525%2C300 1.5x"},"classes":[]},{"id":108412,"url":"https:\/\/www.24baires.com\/?p=108412","url_meta":{"origin":2223,"position":4},"title":"La convenci\u00f3n de la UCR y el futuro de la alianza Cambiemos","author":"AF","date":"27\/05\/2019","format":false,"excerpt":"En Casa Rosada aguardan la decisi\u00f3n del radicalismo para definir la estrategia electoral, mientras crecen los reclamos internos por cambiar al candidato y ampliar la alianza oficialista. Mauricio Macri esperar\u00e1 al resultado de la Convenci\u00f3n de la UCR para definir sus pr\u00f3ximos pasos. Si, como espera, los radicales ratifican su\u2026","rel":"","context":"En \u00abPol\u00edtica\u00bb","block_context":{"text":"Pol\u00edtica","link":"https:\/\/www.24baires.com\/?cat=51"},"img":{"alt_text":"","src":"https:\/\/i0.wp.com\/www.24baires.com\/wp-content\/uploads\/2013\/03\/ucr.jpg?resize=350%2C200","width":350,"height":200,"srcset":"https:\/\/i0.wp.com\/www.24baires.com\/wp-content\/uploads\/2013\/03\/ucr.jpg?resize=350%2C200 1x, https:\/\/i0.wp.com\/www.24baires.com\/wp-content\/uploads\/2013\/03\/ucr.jpg?resize=525%2C300 1.5x"},"classes":[]},{"id":63972,"url":"https:\/\/www.24baires.com\/?p=63972","url_meta":{"origin":2223,"position":5},"title":"En cada distrito, la UCR podr\u00e1 hacer alianzas con otras fuerzas","author":"GB","date":"07\/04\/2015","format":false,"excerpt":"Sanz se reuni\u00f3 con los dirigentes radicales cr\u00edticos del acuerdo a nivel nacional alcanzado con el PRO y les garantiz\u00f3 la posibilidad de trabar alianzas a nivel distrital con otras fuerzas. Tras reunirse con dirigentes radicales descontentos con el pacto que a nivel nacional que esa fuerza cerr\u00f3 con el\u2026","rel":"","context":"En \u00abElecciones 2015\u00bb","block_context":{"text":"Elecciones 2015","link":"https:\/\/www.24baires.com\/?cat=74"},"img":{"alt_text":"sanz ernesto","src":"https:\/\/i0.wp.com\/www.24baires.com\/wp-content\/uploads\/2013\/04\/sanz-ernesto.jpg?resize=350%2C200","width":350,"height":200,"srcset":"https:\/\/i0.wp.com\/www.24baires.com\/wp-content\/uploads\/2013\/04\/sanz-ernesto.jpg?resize=350%2C200 1x, https:\/\/i0.wp.com\/www.24baires.com\/wp-content\/uploads\/2013\/04\/sanz-ernesto.jpg?resize=525%2C300 1.5x"},"classes":[]}],"jetpack_sharing_enabled":true,"jetpack_likes_enabled":true,"_links":{"self":[{"href":"https:\/\/www.24baires.com\/index.php?rest_route=\/wp\/v2\/posts\/2223","targetHints":{"allow":["GET"]}}],"collection":[{"href":"https:\/\/www.24baires.com\/index.php?rest_route=\/wp\/v2\/posts"}],"about":[{"href":"https:\/\/www.24baires.com\/index.php?rest_route=\/wp\/v2\/types\/post"}],"author":[{"embeddable":true,"href":"https:\/\/www.24baires.com\/index.php?rest_route=\/wp\/v2\/users\/4"}],"replies":[{"embeddable":true,"href":"https:\/\/www.24baires.com\/index.php?rest_route=%2Fwp%2Fv2%2Fcomments&post=2223"}],"version-history":[{"count":0,"href":"https:\/\/www.24baires.com\/index.php?rest_route=\/wp\/v2\/posts\/2223\/revisions"}],"wp:attachment":[{"href":"https:\/\/www.24baires.com\/index.php?rest_route=%2Fwp%2Fv2%2Fmedia&parent=2223"}],"wp:term":[{"taxonomy":"category","embeddable":true,"href":"https:\/\/www.24baires.com\/index.php?rest_route=%2Fwp%2Fv2%2Fcategories&post=2223"},{"taxonomy":"post_tag","embeddable":true,"href":"https:\/\/www.24baires.com\/index.php?rest_route=%2Fwp%2Fv2%2Ftags&post=2223"}],"curies":[{"name":"wp","href":"https:\/\/api.w.org\/{rel}","templated":true}]}}