{"id":22221,"date":"2013-04-29T20:54:22","date_gmt":"2013-04-29T23:54:22","guid":{"rendered":"http:\/\/www.24baires.com\/?p=22221"},"modified":"2013-04-29T20:54:22","modified_gmt":"2013-04-29T23:54:22","slug":"capitanich-propone-que-los-periodistas-hagan-publicas-sus-declaraciones-juradas-de-ingresos","status":"publish","type":"post","link":"https:\/\/www.24baires.com\/?p=22221","title":{"rendered":"Capitanich propone que los periodistas hagan p\u00fablicas sus declaraciones juradas de ingresos"},"content":{"rendered":"<p><img data-recalc-dims=\"1\" loading=\"lazy\" decoding=\"async\" class=\"alignleft size-medium wp-image-22222\" alt=\"capitanich\" src=\"https:\/\/i0.wp.com\/www.24baires.com\/wp-content\/uploads\/2013\/04\/capitanich.jpg?resize=300%2C204\" width=\"300\" height=\"204\" srcset=\"https:\/\/i0.wp.com\/www.24baires.com\/wp-content\/uploads\/2013\/04\/capitanich.jpg?resize=300%2C204&amp;ssl=1 300w, https:\/\/i0.wp.com\/www.24baires.com\/wp-content\/uploads\/2013\/04\/capitanich.jpg?w=440&amp;ssl=1 440w\" sizes=\"auto, (max-width: 300px) 100vw, 300px\" \/>El gobernador de Chaco, propuso una serie de medidas para transparentar el accionar de la prensa y los grupos concentrados. Entre ellas, se destaca la redacci\u00f3n de una ley de \u00e9tica period\u00edstica que obligue a los comunicadores a hacer p\u00fablicas sus declaraciones juradas de ingresos.<!--more--><\/p>\n<p>El mandatario revel\u00f3 sus intenciones el viernes pasado durante una f\u00e9rrea defensa de la reforma judicial impulsada por la Casa Rosada. Seg\u00fan Capitanich, la normativa es \u00abnecesaria para evitar operaciones, enga\u00f1os o ardides perfectamente determinados\u00bb.<\/p>\n<p>\u00abTodos lo que tenemos que ver con un sistema de comunicaci\u00f3n con la opini\u00f3n p\u00fablica, tenemos que estar sujetos a un control popular\u00bb, afirm\u00f3 el gobernador chaque\u00f1o.<\/p>\n<p>Para el gobernador de Chaco,\u00a0 las declaraciones juradas de bienes de los periodistas deben ser p\u00fablicas como las de los integrantes del Poder Ejecutivo, Legislativo y ahora, Judicial.<\/p>\n<p>\u00abEl Poder Judicial nunca ha sido independiente de las corporaciones medi\u00e1ticas y econ\u00f3micas\u00bb, se\u00f1al\u00f3 el mandatario, que tambi\u00e9n es integrante del directorio de la Autoridad Federal de Servicios de Comunicaci\u00f3n Audiovisual (Afsca).<\/p>\n<p>\u00abSi vamos a plantear una democracia plena, hay que decir las cosas como son y as\u00ed como hay pol\u00edticos y jueces honestos, hay pol\u00edticos y jueces deshonestos y as\u00ed como hay periodistas honestos, hay otros corruptos\u00bb, indic\u00f3 Capitanich.<\/p>\n<p>Enseguida, agreg\u00f3: \u00abNosotros nos sometemos a elecciones democr\u00e1ticamente, la gente nos vota o no y nos sigue o nos persigue, y eso nos parece perfecto porque eso es parte de la transparencia, pero tenemos que ser transparente todos\u00bb.<\/p>\n<p>Capitanich se mostr\u00f3 en sinton\u00eda con el deseo expresado el a\u00f1o pasado por la presidenta Cristina Kirchner, quien pidi\u00f3 la aprobaci\u00f3n de una ley de \u00e9tica p\u00fablica para los periodistas que, entre otras cosas, los obligue a declarar su patrimonio, como hacen los pol\u00edticos.<\/p>\n<p>&nbsp;<\/p>\n<p>&nbsp;<\/p>\n<p>&nbsp;<\/p>\n<p>&nbsp;<\/p>\n<p>&nbsp;<\/p>\n<p>&nbsp;<\/p>\n<p>&nbsp;<\/p>\n<p>&nbsp;<\/p>\n<p>&nbsp;<\/p>\n<p>&nbsp;<\/p>\n<p>&nbsp;<\/p>\n","protected":false},"excerpt":{"rendered":"<p>El gobernador de Chaco, propuso una serie de medidas para transparentar el accionar de la prensa y los grupos concentrados. Entre ellas, se destaca la redacci\u00f3n de una ley de \u00e9tica period\u00edstica que obligue a los comunicadores a hacer p\u00fablicas sus declaraciones juradas de ingresos.<\/p>\n","protected":false},"author":11,"featured_media":0,"comment_status":"open","ping_status":"open","sticky":false,"template":"","format":"standard","meta":{"_jetpack_newsletter_access":"","_jetpack_dont_email_post_to_subs":false,"_jetpack_newsletter_tier_id":0,"_jetpack_memberships_contains_paywalled_content":false,"_jetpack_memberships_contains_paid_content":false,"footnotes":""},"categories":[54],"tags":[],"class_list":["post-22221","post","type-post","status-publish","format-standard","hentry","category-medios"],"jetpack_featured_media_url":"","jetpack_shortlink":"https:\/\/wp.me\/p2JWE0-5Mp","jetpack-related-posts":[{"id":116123,"url":"https:\/\/www.24baires.com\/?p=116123","url_meta":{"origin":22221,"position":0},"title":"\u00abLa Argentina central que tiene periferias no se puede tolerar m\u00e1s\u00bb","author":"AF","date":"01\/09\/2020","format":false,"excerpt":"El Presidente encabez\u00f3 la firma de convenios con el gobernador de Chaco, Jorge Capitanich. En ese marco, defendi\u00f3 el acceso a la conectividad y al conocimiento en todo el pa\u00eds. El presidente Alberto Fern\u00e1ndez reafirm\u00f3 que \"la Argentina central, que tiene dos periferias, al norte y a sur del pa\u00eds,\u2026","rel":"","context":"En \u00abPol\u00edtica\u00bb","block_context":{"text":"Pol\u00edtica","link":"https:\/\/www.24baires.com\/?cat=51"},"img":{"alt_text":"","src":"https:\/\/i0.wp.com\/www.24baires.com\/wp-content\/uploads\/2020\/09\/fern%C3%A1ndez-capitanich.jpg?resize=350%2C200","width":350,"height":200,"srcset":"https:\/\/i0.wp.com\/www.24baires.com\/wp-content\/uploads\/2020\/09\/fern%C3%A1ndez-capitanich.jpg?resize=350%2C200 1x, https:\/\/i0.wp.com\/www.24baires.com\/wp-content\/uploads\/2020\/09\/fern%C3%A1ndez-capitanich.jpg?resize=525%2C300 1.5x"},"classes":[]},{"id":117553,"url":"https:\/\/www.24baires.com\/?p=117553","url_meta":{"origin":22221,"position":1},"title":"Cafiero: \u00abMientras los argentinos se arriesgan, otros aprovechan sus privilegios en Miami\u00bb","author":"AF","date":"11\/05\/2021","format":false,"excerpt":"El Jefe de Gabinete critic\u00f3 de este modo al ex presidente Mauricio Macri al poner en marcha una planta de tratamiento de residuos cloacales que cost\u00f3 79,6 millones de d\u00f3lares en Chaco. El jefe de Gabinete de Ministros, Santiago Cafiero, asegur\u00f3 este martes que \"mientras los argentinos se arriesgan combatiendo\u2026","rel":"","context":"En \u00abSociedad\u00bb","block_context":{"text":"Sociedad","link":"https:\/\/www.24baires.com\/?cat=1"},"img":{"alt_text":"","src":"https:\/\/i0.wp.com\/www.24baires.com\/wp-content\/uploads\/2021\/05\/609ace614d0e9_1004x565.jpg?resize=350%2C200","width":350,"height":200,"srcset":"https:\/\/i0.wp.com\/www.24baires.com\/wp-content\/uploads\/2021\/05\/609ace614d0e9_1004x565.jpg?resize=350%2C200 1x, https:\/\/i0.wp.com\/www.24baires.com\/wp-content\/uploads\/2021\/05\/609ace614d0e9_1004x565.jpg?resize=525%2C300 1.5x"},"classes":[]},{"id":120164,"url":"https:\/\/www.24baires.com\/?p=120164","url_meta":{"origin":22221,"position":2},"title":"Los Gobernadores del Frente de Todos tambi\u00e9n piden lista de unidad","author":"GB","date":"08\/06\/2023","format":false,"excerpt":"\"Somos garantes de la construcci\u00f3n de un pa\u00eds federal\" aseguraron los gobernadores frentodistas en un comunicado. Los gobernadores del Frente de Todos mantuvieron una reuni\u00f3n en la que debatieron la estrategia electoral que pretenden para la coalici\u00f3n oficialista y publicaron un comunicado en el que, entre otras cosas, se suman\u2026","rel":"","context":"En \u00abPol\u00edtica\u00bb","block_context":{"text":"Pol\u00edtica","link":"https:\/\/www.24baires.com\/?cat=51"},"img":{"alt_text":"","src":"https:\/\/i0.wp.com\/www.24baires.com\/wp-content\/uploads\/2023\/06\/gobernadores-frente-todosjpg.webp?resize=350%2C200","width":350,"height":200,"srcset":"https:\/\/i0.wp.com\/www.24baires.com\/wp-content\/uploads\/2023\/06\/gobernadores-frente-todosjpg.webp?resize=350%2C200 1x, https:\/\/i0.wp.com\/www.24baires.com\/wp-content\/uploads\/2023\/06\/gobernadores-frente-todosjpg.webp?resize=525%2C300 1.5x, https:\/\/i0.wp.com\/www.24baires.com\/wp-content\/uploads\/2023\/06\/gobernadores-frente-todosjpg.webp?resize=700%2C400 2x"},"classes":[]},{"id":115668,"url":"https:\/\/www.24baires.com\/?p=115668","url_meta":{"origin":22221,"position":3},"title":"El Gobierno anunci\u00f3 el comienzo de la nueva fase","author":"AF","date":"17\/07\/2020","format":false,"excerpt":"Alberto Fern\u00e1ndez realiz\u00f3 una conferencia de prensa, junto a los mandatarios provinciales de Jujuy, Chaco, R\u00edo Negro, Buenos Aires y el jefe de gobierno porte\u00f1o. El presidente Alberto Fern\u00e1ndez comenz\u00f3 su discurso con la afirmaci\u00f3n de que \"la pandemia sigue presente, sigue atacando y sigue enfermando y llev\u00e1ndose vidas\", adem\u00e1s\u2026","rel":"","context":"En \u00abSociedad\u00bb","block_context":{"text":"Sociedad","link":"https:\/\/www.24baires.com\/?cat=1"},"img":{"alt_text":"","src":"https:\/\/i0.wp.com\/www.24baires.com\/wp-content\/uploads\/2020\/07\/larreta-fern%C3%A1ndez-kicillof.jpg?resize=350%2C200","width":350,"height":200,"srcset":"https:\/\/i0.wp.com\/www.24baires.com\/wp-content\/uploads\/2020\/07\/larreta-fern%C3%A1ndez-kicillof.jpg?resize=350%2C200 1x, https:\/\/i0.wp.com\/www.24baires.com\/wp-content\/uploads\/2020\/07\/larreta-fern%C3%A1ndez-kicillof.jpg?resize=525%2C300 1.5x"},"classes":[]},{"id":116327,"url":"https:\/\/www.24baires.com\/?p=116327","url_meta":{"origin":22221,"position":4},"title":"El Presidente lanza programa contra la violencia de g\u00e9nero","author":"GB","date":"25\/09\/2020","format":false,"excerpt":"El Presidente Alberto Fern\u00e1ndez encabezar\u00e1 un acto en el cual presentar\u00e1 un programa contra la violencia de g\u00e9nero con una inversi\u00f3n de $4.500 millones. El presidente Alberto Fern\u00e1ndez participar\u00e1 este viernes de la presentaci\u00f3n del Programa Acompa\u00f1ar, que busca promover la autonom\u00eda de las mujeres y LGBTI+ que se encuentran\u2026","rel":"","context":"En \u00abPol\u00edtica\u00bb","block_context":{"text":"Pol\u00edtica","link":"https:\/\/www.24baires.com\/?cat=51"},"img":{"alt_text":"","src":"https:\/\/i0.wp.com\/www.24baires.com\/wp-content\/uploads\/2020\/08\/alberto-fern%C3%A1ndez.jpg?resize=350%2C200","width":350,"height":200,"srcset":"https:\/\/i0.wp.com\/www.24baires.com\/wp-content\/uploads\/2020\/08\/alberto-fern%C3%A1ndez.jpg?resize=350%2C200 1x, https:\/\/i0.wp.com\/www.24baires.com\/wp-content\/uploads\/2020\/08\/alberto-fern%C3%A1ndez.jpg?resize=525%2C300 1.5x"},"classes":[]},{"id":119572,"url":"https:\/\/www.24baires.com\/?p=119572","url_meta":{"origin":22221,"position":5},"title":"Kicillof pidi\u00f3 discutir el rol del Estado","author":"GB","date":"23\/11\/2022","format":false,"excerpt":"En el marco de la presentaci\u00f3n de Axel Kicillof en la Facultad de Derecho de la UNLP, el Gobernador pidi\u00f3 discutir si se quiere \u201cun Estado que ampl\u00ede derechos o uno al servicio de minor\u00edas\u201d Este martes, el gobernador de la Provincia, Axel Kicillof, particip\u00f3 de la presentaci\u00f3n de \u201cBuenos\u2026","rel":"","context":"En \u00abProvincia\u00bb","block_context":{"text":"Provincia","link":"https:\/\/www.24baires.com\/?cat=40"},"img":{"alt_text":"","src":"https:\/\/i0.wp.com\/www.24baires.com\/wp-content\/uploads\/2022\/11\/GOB_7224-1024x683-1.jpg?resize=350%2C200","width":350,"height":200,"srcset":"https:\/\/i0.wp.com\/www.24baires.com\/wp-content\/uploads\/2022\/11\/GOB_7224-1024x683-1.jpg?resize=350%2C200 1x, https:\/\/i0.wp.com\/www.24baires.com\/wp-content\/uploads\/2022\/11\/GOB_7224-1024x683-1.jpg?resize=525%2C300 1.5x, https:\/\/i0.wp.com\/www.24baires.com\/wp-content\/uploads\/2022\/11\/GOB_7224-1024x683-1.jpg?resize=700%2C400 2x"},"classes":[]}],"jetpack_sharing_enabled":true,"jetpack_likes_enabled":true,"_links":{"self":[{"href":"https:\/\/www.24baires.com\/index.php?rest_route=\/wp\/v2\/posts\/22221","targetHints":{"allow":["GET"]}}],"collection":[{"href":"https:\/\/www.24baires.com\/index.php?rest_route=\/wp\/v2\/posts"}],"about":[{"href":"https:\/\/www.24baires.com\/index.php?rest_route=\/wp\/v2\/types\/post"}],"author":[{"embeddable":true,"href":"https:\/\/www.24baires.com\/index.php?rest_route=\/wp\/v2\/users\/11"}],"replies":[{"embeddable":true,"href":"https:\/\/www.24baires.com\/index.php?rest_route=%2Fwp%2Fv2%2Fcomments&post=22221"}],"version-history":[{"count":4,"href":"https:\/\/www.24baires.com\/index.php?rest_route=\/wp\/v2\/posts\/22221\/revisions"}],"predecessor-version":[{"id":22226,"href":"https:\/\/www.24baires.com\/index.php?rest_route=\/wp\/v2\/posts\/22221\/revisions\/22226"}],"wp:attachment":[{"href":"https:\/\/www.24baires.com\/index.php?rest_route=%2Fwp%2Fv2%2Fmedia&parent=22221"}],"wp:term":[{"taxonomy":"category","embeddable":true,"href":"https:\/\/www.24baires.com\/index.php?rest_route=%2Fwp%2Fv2%2Fcategories&post=22221"},{"taxonomy":"post_tag","embeddable":true,"href":"https:\/\/www.24baires.com\/index.php?rest_route=%2Fwp%2Fv2%2Ftags&post=22221"}],"curies":[{"name":"wp","href":"https:\/\/api.w.org\/{rel}","templated":true}]}}