{"id":2204,"date":"2012-10-15T00:50:02","date_gmt":"2012-10-15T03:50:02","guid":{"rendered":"http:\/\/www.24baires.com\/?p=2204"},"modified":"2012-10-15T12:01:25","modified_gmt":"2012-10-15T15:01:25","slug":"por-que-alguien-se-cree-que-tiene-el-privilegio-de-no-cumplir-la-ley-cuestiono-sabbatella","status":"publish","type":"post","link":"https:\/\/www.24baires.com\/?p=2204","title":{"rendered":"\u00ab\u00bfPor qu\u00e9 alguien se cree que tiene el privilegio de no cumplir la ley?\u201d cuestion\u00f3 Sabbatella"},"content":{"rendered":"<p><img data-recalc-dims=\"1\" loading=\"lazy\" decoding=\"async\" class=\"aligncenter size-full wp-image-2205\" title=\"sabbatella678\" src=\"https:\/\/i0.wp.com\/www.24baires.com\/wp-content\/uploads\/2012\/10\/sabbatella678.jpg?resize=560%2C335\" alt=\"\" width=\"560\" height=\"335\" srcset=\"https:\/\/i0.wp.com\/www.24baires.com\/wp-content\/uploads\/2012\/10\/sabbatella678.jpg?w=560&amp;ssl=1 560w, https:\/\/i0.wp.com\/www.24baires.com\/wp-content\/uploads\/2012\/10\/sabbatella678.jpg?resize=300%2C179&amp;ssl=1 300w\" sizes=\"auto, (max-width: 560px) 100vw, 560px\" \/><\/p>\n<p>El titular de la AFSCA, Mart\u00edn Sabbatella, afirm\u00f3 que hay en marcha en el Consejo de la Magistratura una \u00abmaniobra de sectores de la oposici\u00f3n asociados a intereses concentrados y medi\u00e1ticos de la Argentina\u00bb.<!--more--><br \/>\nAs\u00ed lo expres\u00f3 Sabbatella en di\u00e1logo con el programa 678 de la TV P\u00fablica, al referirse a la indefinici\u00f3n en la designaci\u00f3n de jueces naturales en cinco juzgados vacantes en el fuero Civil y Comercial, entre ellos el que deber\u00e1 fallar sobre la plena aplicaci\u00f3n de la Ley de Servicios de Comunicaci\u00f3n Audiovisual.<\/p>\n<p>\u00abEs brutal la maniobra que hay para bloquear la designaci\u00f3n de los jueces naturales, la Constituci\u00f3n y lo que tiene que suceder. Que se elija un juez naturalmente y dejar esto de los jueces subrogantes, que cambian semana a semana\u00bb, apunt\u00f3 el diputado nacional por Nuevo Encuentro (NE), recientemente nombrado como titular de la autoridad de aplicaci\u00f3n de la Ley de Medios.<\/p>\n<p>Adem\u00e1s, reiter\u00f3 que se trata de una \u00abley de la democracia que hace tres a\u00f1os que fue aprobada por oficialistas y opositores, con gran consenso en el Congreso; una ley que viene a dejar una norma oscura de la \u00faltima dictadura y comprometida con la pluralidad, la diversidad y con mejorar nuestra democracia al garantizar plenamente la libertad de expresi\u00f3n\u00bb.<\/p>\n<p>\u00ab\u00bfPor qu\u00e9 alguien se cree que tiene el privilegio de no cumplir la ley? Se trata de una ley que viene a enfrentar tendencias monop\u00f3licas, concentraciones medi\u00e1ticas y posiciones dominantes, y que el Grupo Clar\u00edn la quiere presentar como una ley que lesiona la libertad de expresi\u00f3n, cuando es una obviedad que lo que la lesiona es su concentraci\u00f3n\u00bb, agreg\u00f3.<\/p>\n<p>Y concluy\u00f3: \u00abEl mandato de la Presidenta (Cristina Fern\u00e1ndez de Kirchner) cuando me convoc\u00f3 fue muy claro: hacer cumplir la ley sin excepciones, ni privilegios para nadie. Todos los grupos de medios lo tienen que hacer\u00bb.<\/p>\n","protected":false},"excerpt":{"rendered":"<p>El titular de la AFSCA, Mart\u00edn Sabbatella, afirm\u00f3 que hay en marcha en el Consejo de la Magistratura una \u00abmaniobra de sectores de la oposici\u00f3n asociados a intereses concentrados y medi\u00e1ticos de la Argentina\u00bb.<\/p>\n","protected":false},"author":11,"featured_media":0,"comment_status":"open","ping_status":"open","sticky":false,"template":"","format":"standard","meta":{"_jetpack_newsletter_access":"","_jetpack_dont_email_post_to_subs":false,"_jetpack_newsletter_tier_id":0,"_jetpack_memberships_contains_paywalled_content":false,"_jetpack_memberships_contains_paid_content":false,"footnotes":""},"categories":[54],"tags":[],"class_list":["post-2204","post","type-post","status-publish","format-standard","hentry","category-medios"],"jetpack_featured_media_url":"","jetpack_shortlink":"https:\/\/wp.me\/p2JWE0-zy","jetpack-related-posts":[{"id":1757,"url":"https:\/\/www.24baires.com\/?p=1757","url_meta":{"origin":2204,"position":0},"title":"Alak pide \u00abjueces naturales\u00bb y cuestion\u00f3 a los miembros de la oposici\u00f3n en la Magistratura","author":"Grupo Sierra","date":"12\/10\/2012","format":false,"excerpt":"El ministro de Justicia, Julio Alak, cuestion\u00f3 a los miembros de la oposici\u00f3n en el Consejo de la Magistratura y los acus\u00f3 de \"privar a los argentinos de tener un juez natural\". Los cuestionamientos fueron dirigidos a los miembros de la oposici\u00f3n en el Consejo de la Magistratura que ayer\u2026","rel":"","context":"En \u00abMedios\u00bb","block_context":{"text":"Medios","link":"https:\/\/www.24baires.com\/?cat=54"},"img":{"alt_text":"","src":"https:\/\/i0.wp.com\/www.24baires.com\/wp-content\/uploads\/2012\/10\/alak.jpg?resize=350%2C200","width":350,"height":200,"srcset":"https:\/\/i0.wp.com\/www.24baires.com\/wp-content\/uploads\/2012\/10\/alak.jpg?resize=350%2C200 1x, https:\/\/i0.wp.com\/www.24baires.com\/wp-content\/uploads\/2012\/10\/alak.jpg?resize=525%2C300 1.5x"},"classes":[]},{"id":55018,"url":"https:\/\/www.24baires.com\/?p=55018","url_meta":{"origin":2204,"position":1},"title":"\u00abVemos maniobras que buscan burlar la ley\u00bb, advirti\u00f3 Sabbatella sobre el Grupo Clar\u00edn","author":"GB","date":"08\/10\/2014","format":false,"excerpt":"El titular de la Autoridad Federal de Servicios de Comunicaci\u00f3n Audiovisual (Afsca), Mart\u00edn Sabbatella, afirm\u00f3 hoy que \"en el an\u00e1lisis\" de la presentaci\u00f3n de la adecuaci\u00f3n del Grupo Clar\u00edn \"se evidencian dos maniobras que buscan bular el objetivo de la ley, y simulan cumplirla\". \"Buscan seguir teniendo su posici\u00f3n dominante\u2026","rel":"","context":"En \u00abMedios\u00bb","block_context":{"text":"Medios","link":"https:\/\/www.24baires.com\/?cat=54"},"img":{"alt_text":"sabbatella mendoza","src":"https:\/\/i0.wp.com\/www.24baires.com\/wp-content\/uploads\/2012\/11\/sabbatella-mendoza.jpg?resize=350%2C200","width":350,"height":200,"srcset":"https:\/\/i0.wp.com\/www.24baires.com\/wp-content\/uploads\/2012\/11\/sabbatella-mendoza.jpg?resize=350%2C200 1x, https:\/\/i0.wp.com\/www.24baires.com\/wp-content\/uploads\/2012\/11\/sabbatella-mendoza.jpg?resize=525%2C300 1.5x"},"classes":[]},{"id":104501,"url":"https:\/\/www.24baires.com\/?p=104501","url_meta":{"origin":2204,"position":2},"title":"El macrismo rechaz\u00f3 el proyecto de Emergencia Educativa en Mor\u00f3n","author":"GB","date":"16\/09\/2018","format":false,"excerpt":"La iniciativa hab\u00eda sido presentada por los bloques opositores frente a la crisis de infraestructura en las escuelas. \"La educaci\u00f3n no es prioridad para Tagliaferro\", denunciaron desde el kirchnerismo. Mientras se agudiza el conflicto salarial y edilicio en la provincia de Buenos Aires, Cambiemos vot\u00f3 en contra del proyecto presentado\u2026","rel":"","context":"En \u00abMunicipios\u00bb","block_context":{"text":"Municipios","link":"https:\/\/www.24baires.com\/?cat=44"},"img":{"alt_text":"","src":"https:\/\/i0.wp.com\/www.24baires.com\/wp-content\/uploads\/2018\/03\/tagliaferro.jpg?resize=350%2C200","width":350,"height":200,"srcset":"https:\/\/i0.wp.com\/www.24baires.com\/wp-content\/uploads\/2018\/03\/tagliaferro.jpg?resize=350%2C200 1x, https:\/\/i0.wp.com\/www.24baires.com\/wp-content\/uploads\/2018\/03\/tagliaferro.jpg?resize=525%2C300 1.5x"},"classes":[]},{"id":77506,"url":"https:\/\/www.24baires.com\/?p=77506","url_meta":{"origin":2204,"position":3},"title":"El macrismo proh\u00edbe la entrada de Sabbatella a la AFSCA","author":"AF","date":"12\/01\/2016","format":false,"excerpt":"El titular de la Autoridad Federal de Servicios de Comunicaci\u00f3n Audiovisual intent\u00f3 regresar a su oficina luego de que dos jueces aceptaran los amparos presentados contra el decreto presidencial que modifica la norma. La infanter\u00eda, apostada frente al edificio, aleg\u00f3 que ten\u00eda \u00f3rdenes del nuevo interventor de no dejarlo entrar.\u2026","rel":"","context":"En \u00abJUDICIALES\u00bb","block_context":{"text":"JUDICIALES","link":"https:\/\/www.24baires.com\/?cat=68"},"img":{"alt_text":"sabbatella media empresa","src":"https:\/\/i0.wp.com\/www.24baires.com\/wp-content\/uploads\/2012\/12\/sabbatella-media-empresa.jpg?resize=350%2C200","width":350,"height":200,"srcset":"https:\/\/i0.wp.com\/www.24baires.com\/wp-content\/uploads\/2012\/12\/sabbatella-media-empresa.jpg?resize=350%2C200 1x, https:\/\/i0.wp.com\/www.24baires.com\/wp-content\/uploads\/2012\/12\/sabbatella-media-empresa.jpg?resize=525%2C300 1.5x"},"classes":[]},{"id":131,"url":"https:\/\/www.24baires.com\/?p=131","url_meta":{"origin":2204,"position":4},"title":"Heller: Sabbatella es la \u00abpersona ideal\u00bb para conducir el AFSCA","author":"Grupo Sierra","date":"18\/09\/2012","format":false,"excerpt":"El diputado nacional Carlos Heller consider\u00f3 que su par Mart\u00edn Sabbatella \"es la persona ideal para conducir AFSCA\", y \"para aplicar y hacer cumplir\" la nueva ley de medios, al frente de la Autoridad Federal de Servicios de Comunicaci\u00f3n Audiovisual (AFSCA). \"Mart\u00edn Sabbatella es la persona ideal para aplicar y\u2026","rel":"","context":"En \u00abPol\u00edtica\u00bb","block_context":{"text":"Pol\u00edtica","link":"https:\/\/www.24baires.com\/?cat=51"},"img":{"alt_text":"","src":"","width":0,"height":0},"classes":[]},{"id":1634,"url":"https:\/\/www.24baires.com\/?p=1634","url_meta":{"origin":2204,"position":5},"title":"\u00abNo podemos vivir en una sociedad en la que unos cumplan la ley y otros la violenten\u00bb","author":"AF","date":"10\/10\/2012","format":false,"excerpt":"La presidenta Cristina Fern\u00e1ndez de Kirchner asegur\u00f3 que \"de qu\u00e9 cepo del d\u00f3lar est\u00e1n hablando, lo \u00fanico que hay es cepo democr\u00e1tico para el cumplimiento de la ley\". La presidente Cristina Fern\u00e1ndez de Kirchner asegur\u00f3 este mi\u00e9rcoles que \"la ley debe ser igual para todos, no podemos vivir en una\u2026","rel":"","context":"En \u00abMedios\u00bb","block_context":{"text":"Medios","link":"https:\/\/www.24baires.com\/?cat=54"},"img":{"alt_text":"","src":"","width":0,"height":0},"classes":[]}],"jetpack_sharing_enabled":true,"jetpack_likes_enabled":true,"_links":{"self":[{"href":"https:\/\/www.24baires.com\/index.php?rest_route=\/wp\/v2\/posts\/2204","targetHints":{"allow":["GET"]}}],"collection":[{"href":"https:\/\/www.24baires.com\/index.php?rest_route=\/wp\/v2\/posts"}],"about":[{"href":"https:\/\/www.24baires.com\/index.php?rest_route=\/wp\/v2\/types\/post"}],"author":[{"embeddable":true,"href":"https:\/\/www.24baires.com\/index.php?rest_route=\/wp\/v2\/users\/11"}],"replies":[{"embeddable":true,"href":"https:\/\/www.24baires.com\/index.php?rest_route=%2Fwp%2Fv2%2Fcomments&post=2204"}],"version-history":[{"count":0,"href":"https:\/\/www.24baires.com\/index.php?rest_route=\/wp\/v2\/posts\/2204\/revisions"}],"wp:attachment":[{"href":"https:\/\/www.24baires.com\/index.php?rest_route=%2Fwp%2Fv2%2Fmedia&parent=2204"}],"wp:term":[{"taxonomy":"category","embeddable":true,"href":"https:\/\/www.24baires.com\/index.php?rest_route=%2Fwp%2Fv2%2Fcategories&post=2204"},{"taxonomy":"post_tag","embeddable":true,"href":"https:\/\/www.24baires.com\/index.php?rest_route=%2Fwp%2Fv2%2Ftags&post=2204"}],"curies":[{"name":"wp","href":"https:\/\/api.w.org\/{rel}","templated":true}]}}