{"id":22000,"date":"2013-04-26T18:42:18","date_gmt":"2013-04-26T21:42:18","guid":{"rendered":"http:\/\/www.24baires.com\/?p=22000"},"modified":"2013-04-26T18:42:18","modified_gmt":"2013-04-26T21:42:18","slug":"el-borda-pone-el-cuerpo-macri-los-palos-y-las-balas","status":"publish","type":"post","link":"https:\/\/www.24baires.com\/?p=22000","title":{"rendered":"El Borda pone el cuerpo, Macri los palos y las balas"},"content":{"rendered":"<p><img data-recalc-dims=\"1\" loading=\"lazy\" decoding=\"async\" class=\"aligncenter size-full wp-image-22001\" alt=\"Borda_represion\" src=\"https:\/\/i0.wp.com\/www.24baires.com\/wp-content\/uploads\/2013\/04\/Borda_represion.jpg?resize=560%2C371\" width=\"560\" height=\"371\" srcset=\"https:\/\/i0.wp.com\/www.24baires.com\/wp-content\/uploads\/2013\/04\/Borda_represion.jpg?w=560&amp;ssl=1 560w, https:\/\/i0.wp.com\/www.24baires.com\/wp-content\/uploads\/2013\/04\/Borda_represion.jpg?resize=300%2C198&amp;ssl=1 300w\" sizes=\"auto, (max-width: 560px) 100vw, 560px\" \/><\/p>\n<p>Cuando suceden tragedias evitables y las llaman accidentes, decimos que ese es un cruel eufemismo, porque si se pueden impedir o salvar, no son accidentes. Y con la represi\u00f3n policial sucede algo parecido. Muchos lo tildan de incidentes, desmanes\u2026 y ese es otro eufemismo, c\u00ednico en este caso, porque si es violencia organizada y dirigida desde alguna esfera del Estado, no son hechos aislados ni meros incidentes, es represi\u00f3n lisa y llana.<!--more--><br \/>\nAs\u00ed sucede por estas horas en la ciudad Aut\u00f3noma de Buenos Aires, donde la polic\u00eda Metropolitana creada por el macrismo golpe\u00f3, bale\u00f3 y agredi\u00f3 a periodistas, m\u00e9dicos, empleados y pacientes del Borda.<br \/>\nLa Metropolitana debe ser el cuerpo policial m\u00e1s joven y a la vez el que en el m\u00e1s corto tiempo que cualquier otro a lo largo y ancho del territorio nacional ha forjado una historia tan violenta desde que fue creada. Un record. Triste, pat\u00e9tico y repudiable, pero record al fin.<br \/>\nY esto no se logra por casualidad, claro. Hay una pol\u00edtica de estado en ello. Cuando la Metropolitana reprime es porque el Gobierno de la Ciudad de Buenos Aires la manda a que lo haga. Ya lo hizo en otras oportunidades, como en el Indoamericano, con saldos ya conocidos.<br \/>\nParece que desde el macrismo quieren dejar en claro que siempre podemos contar con palazos para los que menos tienen o peor la pasan. Quiz\u00e1 hasta haya gente que as\u00ed lo quiera, pues ning\u00fan gobierno llega por si solo al poder en democracia. Hoy demostraron una vez m\u00e1s esa ferocidad desbordada atacando los talleres del Borda, donde personal del hospital intent\u00f3 detener el desalojo y demolici\u00f3n y por ello fueron reprimidos con sa\u00f1a.<br \/>\nEn ese lugar, en el predio del Hospital Borda, el gobierno porte\u00f1o pretende construir un Centro C\u00edvico. Los empleados, m\u00e9dicos y dem\u00e1s trabajadores de la instituci\u00f3n pusieron literalmente el cuerpo para evitar la demolici\u00f3n del taller 19 donde tienen sus labores los pacientes psiqui\u00e1tricos. La respuesta fue la violencia y el avasallamiento. Palos, balas de goma, gases lacrim\u00f3genos, detenidos. Ni los periodistas pudieron escapar de la represi\u00f3n y muchos terminaron heridos y hasta presos. Trabajadores de T\u00e9lam, Clar\u00edn, Telef\u00e9, CN23, C5N, entre otros, fueron agredidos.<br \/>\nLo que hab\u00eda que llevar al Borda era insumos, mejoras edilicias: pol\u00edticas p\u00fablicas sociales, digamos. Un espacio sostenido por sus empleados y la buena voluntad, no apoyado por el estado macrista, vapuleado por las inclemencias econ\u00f3micas y las vicisitudes del poder que han relegado y desprotegido este hospital. Pero no, llevaron un emprendimiento econ\u00f3mico que significa la demolici\u00f3n directa del lugar, sin importarles ni interesarse por los internos que padecen enfermedades y carencias y viven mal. Y para poder llevar adelante esa imposici\u00f3n inmobiliaria, arremeten con violencia. Y esa es una forma de gobernar, es una decisi\u00f3n, es elegir reprimir a los sectores m\u00e1s desprotegidos, y eso es lo \u00fanico que se les ofrece: palos.<\/p>\n<p>&nbsp;<\/p>\n<p>&nbsp;<\/p>\n<p>&nbsp;<\/p>\n","protected":false},"excerpt":{"rendered":"<p>Cuando suceden tragedias evitables y las llaman accidentes, decimos que ese es un cruel eufemismo, porque si se pueden impedir o salvar, no son accidentes. Y con la represi\u00f3n policial sucede algo parecido. Muchos lo tildan de incidentes, desmanes\u2026 y ese es otro eufemismo, c\u00ednico en este caso, porque si es violencia organizada y dirigida desde alguna esfera del Estado, [&#8230;]<\/p>\n","protected":false},"author":11,"featured_media":0,"comment_status":"open","ping_status":"open","sticky":false,"template":"","format":"standard","meta":{"_jetpack_newsletter_access":"","_jetpack_dont_email_post_to_subs":false,"_jetpack_newsletter_tier_id":0,"_jetpack_memberships_contains_paywalled_content":false,"_jetpack_memberships_contains_paid_content":false,"footnotes":""},"categories":[64],"tags":[],"class_list":["post-22000","post","type-post","status-publish","format-standard","hentry","category-opinion"],"jetpack_featured_media_url":"","jetpack_shortlink":"https:\/\/wp.me\/p2JWE0-5IQ","jetpack-related-posts":[{"id":21947,"url":"https:\/\/www.24baires.com\/?p=21947","url_meta":{"origin":22000,"position":0},"title":"Graves incidentes en el Borda: violenta represi\u00f3n de la Polic\u00eda Metropolitana","author":"AF","date":"26\/04\/2013","format":false,"excerpt":"CAPITAL FEDERAL - Varios empleados del hospital sufrieron heridas al ser reprimidos por la Polic\u00eda Metroplitana. Denunciaron que varios de ellos fueron detenidos. Una diputada fue golpeada y trabajadores de prensa agredidos. El titular de la Asociaci\u00f3n de Profesionales del Hospital Borda, Gabriel Cabia, denunci\u00f3 hoy que dos trabajadores fueron\u2026","rel":"","context":"En \u00abSociedad\u00bb","block_context":{"text":"Sociedad","link":"https:\/\/www.24baires.com\/?cat=1"},"img":{"alt_text":"metropolitana borda","src":"https:\/\/i0.wp.com\/www.24baires.com\/wp-content\/uploads\/2013\/04\/metropolitana-borda.jpg?resize=350%2C200","width":350,"height":200,"srcset":"https:\/\/i0.wp.com\/www.24baires.com\/wp-content\/uploads\/2013\/04\/metropolitana-borda.jpg?resize=350%2C200 1x, https:\/\/i0.wp.com\/www.24baires.com\/wp-content\/uploads\/2013\/04\/metropolitana-borda.jpg?resize=525%2C300 1.5x"},"classes":[]},{"id":22065,"url":"https:\/\/www.24baires.com\/?p=22065","url_meta":{"origin":22000,"position":1},"title":"\u00abLa materia protecci\u00f3n medi\u00e1tica deber\u00eda incluirse en las facultades de comunicaci\u00f3n social de todo el pa\u00eds\u00bb","author":"Grupo Sierra","date":"28\/04\/2013","format":false,"excerpt":"La presidenta Cristina Fern\u00e1ndez de Kirchner asegur\u00f3 que \"solo alguien que no est\u00e1 bien puede reprimir en un neuropsiqui\u00e1trico\" al opinar sobre la brutal represi\u00f3n del viernes de la Policia Metropolitana en el Hospital Borda, y destac\u00f3 que \"lo peor (es) que las autoridades pol\u00edticas lo justificaron\". Por medio de\u2026","rel":"","context":"En \u00abPol\u00edtica\u00bb","block_context":{"text":"Pol\u00edtica","link":"https:\/\/www.24baires.com\/?cat=51"},"img":{"alt_text":"cristina2","src":"https:\/\/i0.wp.com\/www.24baires.com\/wp-content\/uploads\/2013\/03\/cristina2.jpg?resize=350%2C200","width":350,"height":200},"classes":[]},{"id":51536,"url":"https:\/\/www.24baires.com\/?p=51536","url_meta":{"origin":22000,"position":2},"title":"Por la represi\u00f3n en el Borda piden analizar llamadas de Macri y su Gabinete","author":"GB","date":"10\/08\/2014","format":false,"excerpt":"Una de las querellas de la causa por las responsabilidades pol\u00edticas en la brutal represi\u00f3n que la Polic\u00eda Metropolitana emprendi\u00f3 durante el desalojo de los talleres del Hospital Borda en abril de 2013 pidi\u00f3 una bater\u00eda de medidas para reactivar la investigaci\u00f3n en la que est\u00e1n bajo la mira el\u2026","rel":"","context":"En \u00abJUDICIALES\u00bb","block_context":{"text":"JUDICIALES","link":"https:\/\/www.24baires.com\/?cat=68"},"img":{"alt_text":"metropolitana borda","src":"https:\/\/i0.wp.com\/www.24baires.com\/wp-content\/uploads\/2013\/04\/metropolitana-borda.jpg?resize=350%2C200","width":350,"height":200,"srcset":"https:\/\/i0.wp.com\/www.24baires.com\/wp-content\/uploads\/2013\/04\/metropolitana-borda.jpg?resize=350%2C200 1x, https:\/\/i0.wp.com\/www.24baires.com\/wp-content\/uploads\/2013\/04\/metropolitana-borda.jpg?resize=525%2C300 1.5x"},"classes":[]},{"id":32035,"url":"https:\/\/www.24baires.com\/?p=32035","url_meta":{"origin":22000,"position":3},"title":"Ins\u00f3lito: el Gobierno porte\u00f1o indag\u00f3 a trabajadores de ATE por la represi\u00f3n en el Borda","author":"GB","date":"17\/09\/2013","format":false,"excerpt":"La Justicia indag\u00f3 a dos enfermeras, una fot\u00f3grafa barrial, una trabajadora del Senasa y a un m\u00e9dico por la causa que se abri\u00f3 de oficio tras la represi\u00f3n, donde la Polic\u00eda Metropolitana destruy\u00f3 un taller protegido. \"Esto es ins\u00f3lito, una de las imputadas es una enfermera discapacitada del Hospital Garrahan\u2026","rel":"","context":"En \u00abLocales\u00bb","block_context":{"text":"Locales","link":"https:\/\/www.24baires.com\/?cat=38"},"img":{"alt_text":"represion en el borda","src":"https:\/\/i0.wp.com\/www.24baires.com\/wp-content\/uploads\/2013\/09\/represion-en-el-borda.jpg?resize=350%2C200","width":350,"height":200,"srcset":"https:\/\/i0.wp.com\/www.24baires.com\/wp-content\/uploads\/2013\/09\/represion-en-el-borda.jpg?resize=350%2C200 1x, https:\/\/i0.wp.com\/www.24baires.com\/wp-content\/uploads\/2013\/09\/represion-en-el-borda.jpg?resize=525%2C300 1.5x"},"classes":[]},{"id":22738,"url":"https:\/\/www.24baires.com\/?p=22738","url_meta":{"origin":22000,"position":4},"title":"Para Montenegro en el Borda la Metropolitana \u00abhizo lo que ten\u00eda que hacer\u00bb","author":"Grupo Sierra","date":"05\/05\/2013","format":false,"excerpt":"El ministro de Justicia y Seguridad porte\u00f1o, Guillermo Montenegro, volvi\u00f3 a defender el accionar de la Polic\u00eda Metropolitana durante los incidentes en el Hospital Borda aunque aclar\u00f3 que \"lo que ocurri\u00f3 no tiene que volver a pasar\". En una entrevista al diario La Naci\u00f3n, Montenegro reiter\u00f3 que \"las primeras agresiones\u2026","rel":"","context":"En \u00abPol\u00edtica\u00bb","block_context":{"text":"Pol\u00edtica","link":"https:\/\/www.24baires.com\/?cat=51"},"img":{"alt_text":"montenegro represion","src":"https:\/\/i0.wp.com\/www.24baires.com\/wp-content\/uploads\/2013\/05\/montenegro-represion-300x172.jpg?resize=350%2C200","width":350,"height":200},"classes":[]},{"id":22687,"url":"https:\/\/www.24baires.com\/?p=22687","url_meta":{"origin":22000,"position":5},"title":"Pidieron el juicio pol\u00edtico a Macri con una marcha hacia el Hospital Borda","author":"Grupo Sierra","date":"04\/05\/2013","format":false,"excerpt":"CAPITAL FEDERAL.- Dirigentes sociales y gremiales junto a militantes de diversas agrupaciones y legisladores marcharon hacia el Hospital Borda, para repudiar la brutal represi\u00f3n de la Polic\u00eda Metropolitana a m\u00e9dicos, pacientes, trabajadores y periodistas, y para pedir el juicio pol\u00edtico al jefe de gobierno porte\u00f1o, Mauricio Macri. La marcha, que\u2026","rel":"","context":"En \u00abPol\u00edtica\u00bb","block_context":{"text":"Pol\u00edtica","link":"https:\/\/www.24baires.com\/?cat=51"},"img":{"alt_text":"marcha sabado borda","src":"https:\/\/i0.wp.com\/www.24baires.com\/wp-content\/uploads\/2013\/05\/marcha-sabado-borda.jpg?resize=350%2C200","width":350,"height":200,"srcset":"https:\/\/i0.wp.com\/www.24baires.com\/wp-content\/uploads\/2013\/05\/marcha-sabado-borda.jpg?resize=350%2C200 1x, https:\/\/i0.wp.com\/www.24baires.com\/wp-content\/uploads\/2013\/05\/marcha-sabado-borda.jpg?resize=525%2C300 1.5x"},"classes":[]}],"jetpack_sharing_enabled":true,"jetpack_likes_enabled":true,"_links":{"self":[{"href":"https:\/\/www.24baires.com\/index.php?rest_route=\/wp\/v2\/posts\/22000","targetHints":{"allow":["GET"]}}],"collection":[{"href":"https:\/\/www.24baires.com\/index.php?rest_route=\/wp\/v2\/posts"}],"about":[{"href":"https:\/\/www.24baires.com\/index.php?rest_route=\/wp\/v2\/types\/post"}],"author":[{"embeddable":true,"href":"https:\/\/www.24baires.com\/index.php?rest_route=\/wp\/v2\/users\/11"}],"replies":[{"embeddable":true,"href":"https:\/\/www.24baires.com\/index.php?rest_route=%2Fwp%2Fv2%2Fcomments&post=22000"}],"version-history":[{"count":3,"href":"https:\/\/www.24baires.com\/index.php?rest_route=\/wp\/v2\/posts\/22000\/revisions"}],"predecessor-version":[{"id":22004,"href":"https:\/\/www.24baires.com\/index.php?rest_route=\/wp\/v2\/posts\/22000\/revisions\/22004"}],"wp:attachment":[{"href":"https:\/\/www.24baires.com\/index.php?rest_route=%2Fwp%2Fv2%2Fmedia&parent=22000"}],"wp:term":[{"taxonomy":"category","embeddable":true,"href":"https:\/\/www.24baires.com\/index.php?rest_route=%2Fwp%2Fv2%2Fcategories&post=22000"},{"taxonomy":"post_tag","embeddable":true,"href":"https:\/\/www.24baires.com\/index.php?rest_route=%2Fwp%2Fv2%2Ftags&post=22000"}],"curies":[{"name":"wp","href":"https:\/\/api.w.org\/{rel}","templated":true}]}}