{"id":21833,"date":"2013-04-24T20:34:18","date_gmt":"2013-04-24T23:34:18","guid":{"rendered":"http:\/\/www.24baires.com\/?p=21833"},"modified":"2013-04-24T23:49:29","modified_gmt":"2013-04-25T02:49:29","slug":"magnetto-se-encerro-en-cuarto-y-se-nego-a-dialogar-con-los-representantes-de-la-cnv","status":"publish","type":"post","link":"https:\/\/www.24baires.com\/?p=21833","title":{"rendered":"Magnetto se encerr\u00f3 en un cuarto y se neg\u00f3 a dialogar con los representantes de la CNV"},"content":{"rendered":"<p><img data-recalc-dims=\"1\" loading=\"lazy\" decoding=\"async\" class=\"aligncenter size-full wp-image-6746\" alt=\"magnetto\" src=\"https:\/\/i0.wp.com\/www.24baires.com\/wp-content\/uploads\/2012\/11\/magnetto.jpg?resize=560%2C335\" width=\"560\" height=\"335\" srcset=\"https:\/\/i0.wp.com\/www.24baires.com\/wp-content\/uploads\/2012\/11\/magnetto.jpg?w=560&amp;ssl=1 560w, https:\/\/i0.wp.com\/www.24baires.com\/wp-content\/uploads\/2012\/11\/magnetto.jpg?resize=300%2C179&amp;ssl=1 300w\" sizes=\"auto, (max-width: 560px) 100vw, 560px\" \/><\/p>\n<p>El CEO del Grupo Clar\u00edn, H\u00e9ctor Magnetto, se neg\u00f3, en el marco de una mediaci\u00f3n, a dialogar con los representantes de la Comisi\u00f3n Nacional de Valores (CNV), entre ellos su titular, Alejandro Vanoli, luego de denunciarlos por da\u00f1os y perjuicios.<!--more--><\/p>\n<p>En lo que fue el segundo llamado a una mediaci\u00f3n, antes de pasar a la instancia del juicio, el titular del Grupo Clar\u00edn lleg\u00f3 puntual, a las 15.30, hora en la que hab\u00eda sido convocado por la mediadora Mora Orlando, pero decidi\u00f3 permanecer encerrado en un cuarto separado y no ingresar a la sala donde se desarrollar\u00eda la audiencia entre las partes.<\/p>\n<p>La demanda est\u00e1 caratulada \u00abH\u00e9ctor Magnetto contra Alejandro Vanoli y otros por da\u00f1os y perjuicios\u00bb.<\/p>\n<p>\u201cA poco de llegar a donde ser\u00eda la mediaci\u00f3n, pidi\u00f3 darla por cerrada y no quiso ver a los requeridos\u201d, cont\u00f3 a T\u00e9lam una fuerte que particip\u00f3 de la audiencia fallida.<\/p>\n<p>Frente a los miembros de la Comisi\u00f3n Nacional de Valores y sus abogados, la mediadora labr\u00f3 el acta en la que dej\u00f3 constancia que se levantaba la mediaci\u00f3n y que Magnetto hab\u00eda permanecido en un cuarto separado.<\/p>\n<p>Entre los letrados presentes estuvieron los abogados de la Comisi\u00f3n Nacional de Valores, Karina Berm\u00fadez y Cipriano Rodr\u00edguez, adem\u00e1s de los representantes legales del presidente de la CNV, Alejandro Vanoli, y del vicepresidente Hern\u00e1n Fardi.<\/p>\n<p>Magnetto no hab\u00eda rechazado el primer llamado a mediaci\u00f3n porque, seg\u00fan argumentaron sus abogados, se encontraba fuera del pa\u00eds.<\/p>\n","protected":false},"excerpt":{"rendered":"<p>El CEO del Grupo Clar\u00edn, H\u00e9ctor Magnetto, se neg\u00f3, en el marco de una mediaci\u00f3n, a dialogar con los representantes de la Comisi\u00f3n Nacional de Valores (CNV), entre ellos su titular, Alejandro Vanoli, luego de denunciarlos por da\u00f1os y perjuicios.<\/p>\n","protected":false},"author":11,"featured_media":0,"comment_status":"open","ping_status":"open","sticky":false,"template":"","format":"standard","meta":{"_jetpack_newsletter_access":"","_jetpack_dont_email_post_to_subs":false,"_jetpack_newsletter_tier_id":0,"_jetpack_memberships_contains_paywalled_content":false,"_jetpack_memberships_contains_paid_content":false,"footnotes":""},"categories":[54],"tags":[],"class_list":["post-21833","post","type-post","status-publish","format-standard","hentry","category-medios"],"jetpack_featured_media_url":"","jetpack_shortlink":"https:\/\/wp.me\/p2JWE0-5G9","jetpack-related-posts":[{"id":29767,"url":"https:\/\/www.24baires.com\/?p=29767","url_meta":{"origin":21833,"position":0},"title":"Magnetto esquiv\u00f3 a V\u00edctor Hugo en la primera mediaci\u00f3n","author":"GB","date":"08\/08\/2013","format":false,"excerpt":"El CEO de Clar\u00edn no quiso dar la cara en la primera audiencia por la denuncia que inici\u00f3 contra el periodista. El conductor lament\u00f3 no haberlo podido decir cara a cara \u201ctodo el da\u00f1o que le ha hecho a la sociedad\u201d, pero igualmente anunci\u00f3 que presentar\u00e1 un juicio contra Magnetto\u2026","rel":"","context":"En \u00abMedios\u00bb","block_context":{"text":"Medios","link":"https:\/\/www.24baires.com\/?cat=54"},"img":{"alt_text":"V\u00edctor Hugo","src":"https:\/\/i0.wp.com\/www.24baires.com\/wp-content\/uploads\/2013\/08\/V%C3%ADctor-Hugo.jpg?resize=350%2C200","width":350,"height":200,"srcset":"https:\/\/i0.wp.com\/www.24baires.com\/wp-content\/uploads\/2013\/08\/V%C3%ADctor-Hugo.jpg?resize=350%2C200 1x, https:\/\/i0.wp.com\/www.24baires.com\/wp-content\/uploads\/2013\/08\/V%C3%ADctor-Hugo.jpg?resize=525%2C300 1.5x"},"classes":[]},{"id":103076,"url":"https:\/\/www.24baires.com\/?p=103076","url_meta":{"origin":21833,"position":1},"title":"Aprobaron la megafusi\u00f3n entre Cablevisi\u00f3n y Telecom","author":"AF","date":"29\/06\/2018","format":false,"excerpt":"El visto bueno lleg\u00f3 a trav\u00e9s de la \"Comisi\u00f3n Nacional de Defensa de la Competencia\". El negocio de las telecomunicaciones -virtualmente- pasa a manos del Grupo hegem\u00f3nico de H\u00e9ctor Magnetto. El nuevo gigante vale cerca de u$s11 mil millones. Finalmente, el Gobierno de Mauricio Macri aprob\u00f3 la fusi\u00f3n entre Cablevisi\u00f3n,\u2026","rel":"","context":"En \u00abSociedad\u00bb","block_context":{"text":"Sociedad","link":"https:\/\/www.24baires.com\/?cat=1"},"img":{"alt_text":"","src":"https:\/\/i0.wp.com\/www.24baires.com\/wp-content\/uploads\/2012\/12\/cablevisi%C3%B3n1.jpg?resize=350%2C200","width":350,"height":200,"srcset":"https:\/\/i0.wp.com\/www.24baires.com\/wp-content\/uploads\/2012\/12\/cablevisi%C3%B3n1.jpg?resize=350%2C200 1x, https:\/\/i0.wp.com\/www.24baires.com\/wp-content\/uploads\/2012\/12\/cablevisi%C3%B3n1.jpg?resize=525%2C300 1.5x"},"classes":[]},{"id":29499,"url":"https:\/\/www.24baires.com\/?p=29499","url_meta":{"origin":21833,"position":2},"title":"Convocan a marchar en respaldo de V\u00edctor Hugo por el ataque a la libertad de expresi\u00f3n de Magnetto","author":"Grupo Sierra","date":"04\/08\/2013","format":false,"excerpt":"La entidad Comunicadores de la Argentina (Comuna) repudi\u00f3 mediante un documento la acci\u00f3n judicial que el empresario de Clar\u00edn H\u00e9ctor Magnetto inici\u00f3 contra el periodista V\u00edctor Hugo Morales y convoc\u00f3 a marchar en su apoyo este jueves cuando se haga la audiencia de conciliaci\u00f3n. \"Atacando otra vez a V\u00edctor Hugo,\u2026","rel":"","context":"En \u00abMedios\u00bb","block_context":{"text":"Medios","link":"https:\/\/www.24baires.com\/?cat=54"},"img":{"alt_text":"","src":"","width":0,"height":0},"classes":[]},{"id":51041,"url":"https:\/\/www.24baires.com\/?p=51041","url_meta":{"origin":21833,"position":3},"title":"Fondos buitre: la CNV pedir\u00e1 que se investigue si hubo delito econ\u00f3mico","author":"AF","date":"02\/08\/2014","format":false,"excerpt":"La presentaci\u00f3n se realizar\u00e1 ante la Securities and Exchange Commission (SEC) de los Estados Unidos, para que se investigue si hubo delito econ\u00f3mico por uso de informaci\u00f3n privilegiada en el litigio con los fondos buitre. El titular de la Comisi\u00f3n Nacional de Valores (CNV), Alejandro Vanoli, asegur\u00f3 hoy que la\u2026","rel":"","context":"En \u00abEconom\u00eda\u00bb","block_context":{"text":"Econom\u00eda","link":"https:\/\/www.24baires.com\/?cat=45"},"img":{"alt_text":"alejandro vanoli","src":"https:\/\/i0.wp.com\/www.24baires.com\/wp-content\/uploads\/2014\/08\/alejandro-vanoli.jpg?resize=350%2C200","width":350,"height":200,"srcset":"https:\/\/i0.wp.com\/www.24baires.com\/wp-content\/uploads\/2014\/08\/alejandro-vanoli.jpg?resize=350%2C200 1x, https:\/\/i0.wp.com\/www.24baires.com\/wp-content\/uploads\/2014\/08\/alejandro-vanoli.jpg?resize=525%2C300 1.5x"},"classes":[]},{"id":41949,"url":"https:\/\/www.24baires.com\/?p=41949","url_meta":{"origin":21833,"position":4},"title":"Magnetto se alej\u00f3 de Clar\u00edn hasta terminar con la adecuaci\u00f3n a la Ley de Medios","author":"Grupo Sierra","date":"11\/03\/2014","format":false,"excerpt":"El CEO del grupo y sus principales compa\u00f1eros en la gesti\u00f3n del multimedios dejaron sus puestos directivos para privilegiar su rol de accionistas. El nuevo presidente de la compa\u00f1\u00eda es Jorge Rendo. El CEO del Grupo Clar\u00edn, H\u00e9ctor Magnetto, y los principales accionistas de la compa\u00f1\u00eda Jos\u00e9 Aranda, Lucio Pagliaro\u2026","rel":"","context":"En \u00abPol\u00edtica\u00bb","block_context":{"text":"Pol\u00edtica","link":"https:\/\/www.24baires.com\/?cat=51"},"img":{"alt_text":"mitre_y_magnetto_Papel-Prensa","src":"https:\/\/i0.wp.com\/www.24baires.com\/wp-content\/uploads\/2013\/05\/mitre_y_magnetto_Papel-Prensa.jpg?resize=350%2C200","width":350,"height":200,"srcset":"https:\/\/i0.wp.com\/www.24baires.com\/wp-content\/uploads\/2013\/05\/mitre_y_magnetto_Papel-Prensa.jpg?resize=350%2C200 1x, https:\/\/i0.wp.com\/www.24baires.com\/wp-content\/uploads\/2013\/05\/mitre_y_magnetto_Papel-Prensa.jpg?resize=525%2C300 1.5x"},"classes":[]},{"id":27091,"url":"https:\/\/www.24baires.com\/?p=27091","url_meta":{"origin":21833,"position":5},"title":"Ratifican que las operaciones con CEDIN no tendr\u00e1n costo para el p\u00fablico","author":"AF","date":"28\/06\/2013","format":false,"excerpt":"As\u00ed lo manifest\u00f3 hoy el titular de la Comisi\u00f3n Nacional de Valores, Alejandro Vanoli. Se\u00f1al\u00f3 tambi\u00e9n que \"el CEDIN va a poder operar con absoluta transparencia en todos los mercados del pa\u00eds, sin restricciones y con una cotizaci\u00f3n transparente\". La operaci\u00f3n con Certificados de Dep\u00f3sito de Inversi\u00f3n (Cedin) en el\u2026","rel":"","context":"En \u00abEconom\u00eda\u00bb","block_context":{"text":"Econom\u00eda","link":"https:\/\/www.24baires.com\/?cat=45"},"img":{"alt_text":"","src":"","width":0,"height":0},"classes":[]}],"jetpack_sharing_enabled":true,"jetpack_likes_enabled":true,"_links":{"self":[{"href":"https:\/\/www.24baires.com\/index.php?rest_route=\/wp\/v2\/posts\/21833","targetHints":{"allow":["GET"]}}],"collection":[{"href":"https:\/\/www.24baires.com\/index.php?rest_route=\/wp\/v2\/posts"}],"about":[{"href":"https:\/\/www.24baires.com\/index.php?rest_route=\/wp\/v2\/types\/post"}],"author":[{"embeddable":true,"href":"https:\/\/www.24baires.com\/index.php?rest_route=\/wp\/v2\/users\/11"}],"replies":[{"embeddable":true,"href":"https:\/\/www.24baires.com\/index.php?rest_route=%2Fwp%2Fv2%2Fcomments&post=21833"}],"version-history":[{"count":3,"href":"https:\/\/www.24baires.com\/index.php?rest_route=\/wp\/v2\/posts\/21833\/revisions"}],"predecessor-version":[{"id":21836,"href":"https:\/\/www.24baires.com\/index.php?rest_route=\/wp\/v2\/posts\/21833\/revisions\/21836"}],"wp:attachment":[{"href":"https:\/\/www.24baires.com\/index.php?rest_route=%2Fwp%2Fv2%2Fmedia&parent=21833"}],"wp:term":[{"taxonomy":"category","embeddable":true,"href":"https:\/\/www.24baires.com\/index.php?rest_route=%2Fwp%2Fv2%2Fcategories&post=21833"},{"taxonomy":"post_tag","embeddable":true,"href":"https:\/\/www.24baires.com\/index.php?rest_route=%2Fwp%2Fv2%2Ftags&post=21833"}],"curies":[{"name":"wp","href":"https:\/\/api.w.org\/{rel}","templated":true}]}}