{"id":2175,"date":"2012-10-14T20:50:17","date_gmt":"2012-10-14T23:50:17","guid":{"rendered":"http:\/\/www.24baires.com\/?p=2175"},"modified":"2012-10-14T20:50:17","modified_gmt":"2012-10-14T23:50:17","slug":"universidades-nacionales-piden-a-la-magistratura-que-se-abstenga-de-poner-trabas","status":"publish","type":"post","link":"https:\/\/www.24baires.com\/?p=2175","title":{"rendered":"Universidades Nacionales piden a la Magistratura \u00abque se abstenga de poner trabas\u00bb"},"content":{"rendered":"<p>M\u00e1s de 30 rectores y vicerrectores de universidades nacionales firmaron una solicitada en la que exigen que se lleve a cabo la votaci\u00f3n que debe realizar el Consejo de la Magistratura para designar jueces para cubrir cargos vacantes.\u00a0Entre ellos, est\u00e1 el del juzgado Civil y Comercial N\u00famero 1, que debe fallar sobre el pedido de inconstitucional formulado por el grupo Clar\u00edn sobre el art\u00edculo que los obliga a desinvertir.<!--more--><\/p>\n<p>\u201cExigimos la votaci\u00f3n del Concurso 258 en tr\u00e1mite por ante el Consejo de la Magistratura de la Naci\u00f3n, para cubrir los cargos vacantes en los Juzgados 1, 4, 5, 7 y 8 del Fuero Civil y Comercial Federal, en cumplimiento de los procesos previstos en la Constituci\u00f3n Nacional y dando plena vigencia a las instituciones de la Republica\u201d, reza la solicitada.<\/p>\n<p>En la misma l\u00ednea, contin\u00faa: \u201cComo parte de la comunidad acad\u00e9mica, reclamamos a todas los actores intervinientes en las distintas etapas del procedimiento, que se abstengan de poner trabas a la designaci\u00f3n de jueces naturales de acuerdo al tr\u00e1mite constitucional legalmente establecido\u201d.<\/p>\n<p>Finalmente se\u00f1ala que \u201crechazamos cualquier intento de manipulaci\u00f3n e injerencia por parte de sectores e intereses econ\u00f3micos y pol\u00edticos contingentes, opuestos a los intereses de las mayor\u00edas populares y que ponen en riesgo el ejercicio de los derechos de todos los ciudadanos\u201d.<\/p>\n<p>El texto lleva la r\u00fabrica de Guillermo Crapiste (rector de la Universidad Nacional del Sur), Walter L\u00f3pez (Universidad Nacional del Chaco Austral), Daniel Mart\u00ednez (Universidad Nacional de La Matanza), Gustavo Lugones (Universidad Nacional de Quilmes), Carlos Cansanello (Universidad Nacional de Lujan) y Roberto Tassara (Universidad Nacional del Centro de la Provincia de Buenos Aires).<\/p>\n<p>La solicitada \u201cPor la Plena Vigencia de la Ley de Servicios Comunicaci\u00f3n Audiovisual y por el respeto a la Democracia\u201d tambi\u00e9n est\u00e1 firmadoa por Adolfo Genini (Universidad Nacional de la Patagonia San Juan Bosco), Diego Molea (UN de Lomas de Zamora), Victor Claros (UN de Salta), Alberto Cerisola (UN de Tucum\u00e1n) y Fernando Tauber (UN de La Plata).<\/p>\n<p>El texto tambi\u00e9n lleva la firma de Jorge Gerard (UN de Entre R\u00edos), Florencia Saintout (Decana Facultad de Periodismo UN de La Plata), Alejandro Battaglia (UN de Jos\u00e9 C. Paz), Marcelo Ducros (UN del Oeste), Mar\u00eda Cecilia Conci (UN de Villa Mar\u00eda) y Eduardo Seminara (UN de Rosario).<\/p>\n<p>Entre los firmantes tambi\u00e9n se destacan Jorge Calzoni (UN de Avellaneda), Carlos Ruta (UN de San Mart\u00edn), Mar\u00eda Eugenia M\u00e1rquez (UN de la Patagonia Austral), Ernesto Villanueva (UN Arturo Jauretche), Norberto Caminoa (UN de Chilecito) y Oscar Nasisi (UN de San Juan).<\/p>\n<p>Suscriben, adem\u00e1s, Liliana De Maio (IUNA), Arturo Somoza (UN de Cuyo), Eduardo Rinesi (UN de General Sarmiento), Teresa Vega (UN del Comahue), Javier Gortari (UN de Misiones), Enrique Arnau (UN de Jujuy) y Rub\u00e9n Hall\u00fa (UBA).<\/p>\n<p>Entre los firmantes tambi\u00e9n est\u00e1n Mart\u00edn Romano (UN de Formosa), Juan Carlos Del Bello (UN de R\u00edo Negro), Ana Jaramillo (UN de Lan\u00fas), Nerio Neriotti (vicerrector UN de Lan\u00fas), Carolina Scotto (UN de C\u00f3rdoba) y Marcelo Ruiz (UN de R\u00edo Cuarto).<\/p>\n","protected":false},"excerpt":{"rendered":"<p>M\u00e1s de 30 rectores y vicerrectores de universidades nacionales firmaron una solicitada en la que exigen que se lleve a cabo la votaci\u00f3n que debe realizar el Consejo de la Magistratura para designar jueces para cubrir cargos vacantes.\u00a0Entre ellos, est\u00e1 el del juzgado Civil y Comercial N\u00famero 1, que debe fallar sobre el pedido de inconstitucional formulado por el grupo [&#8230;]<\/p>\n","protected":false},"author":11,"featured_media":0,"comment_status":"open","ping_status":"open","sticky":false,"template":"","format":"standard","meta":{"_jetpack_newsletter_access":"","_jetpack_dont_email_post_to_subs":false,"_jetpack_newsletter_tier_id":0,"_jetpack_memberships_contains_paywalled_content":false,"_jetpack_memberships_contains_paid_content":false,"footnotes":""},"categories":[54],"tags":[],"class_list":["post-2175","post","type-post","status-publish","format-standard","hentry","category-medios"],"jetpack_featured_media_url":"","jetpack_shortlink":"https:\/\/wp.me\/p2JWE0-z5","jetpack-related-posts":[{"id":1757,"url":"https:\/\/www.24baires.com\/?p=1757","url_meta":{"origin":2175,"position":0},"title":"Alak pide \u00abjueces naturales\u00bb y cuestion\u00f3 a los miembros de la oposici\u00f3n en la Magistratura","author":"Grupo Sierra","date":"12\/10\/2012","format":false,"excerpt":"El ministro de Justicia, Julio Alak, cuestion\u00f3 a los miembros de la oposici\u00f3n en el Consejo de la Magistratura y los acus\u00f3 de \"privar a los argentinos de tener un juez natural\". Los cuestionamientos fueron dirigidos a los miembros de la oposici\u00f3n en el Consejo de la Magistratura que ayer\u2026","rel":"","context":"En \u00abMedios\u00bb","block_context":{"text":"Medios","link":"https:\/\/www.24baires.com\/?cat=54"},"img":{"alt_text":"","src":"https:\/\/i0.wp.com\/www.24baires.com\/wp-content\/uploads\/2012\/10\/alak.jpg?resize=350%2C200","width":350,"height":200,"srcset":"https:\/\/i0.wp.com\/www.24baires.com\/wp-content\/uploads\/2012\/10\/alak.jpg?resize=350%2C200 1x, https:\/\/i0.wp.com\/www.24baires.com\/wp-content\/uploads\/2012\/10\/alak.jpg?resize=525%2C300 1.5x"},"classes":[]},{"id":4110,"url":"https:\/\/www.24baires.com\/?p=4110","url_meta":{"origin":2175,"position":1},"title":"Bocanera reconoci\u00f3 que a Tettamanti lo designaron &#8216;a dedo&#8217;","author":"AF","date":"01\/11\/2012","format":false,"excerpt":"El secretario general del fuero Civil y Comercial ofreci\u00f3 su testimonio ante la Comisi\u00f3n de Disciplina y Acusaci\u00f3n del Consejo de la Magistratura. All\u00ed asegur\u00f3 que al juez, jubilado, Ra\u00fal Tettamanti lo designaron de forma manual. El secretario general del la C\u00e1mara Civil y Comercial Federal, Gustavo Bocanera, quien prest\u00f3\u2026","rel":"","context":"En \u00abMedios\u00bb","block_context":{"text":"Medios","link":"https:\/\/www.24baires.com\/?cat=54"},"img":{"alt_text":"","src":"https:\/\/i0.wp.com\/www.24baires.com\/wp-content\/uploads\/2012\/11\/tettamanti2-300x193.jpg?resize=350%2C200","width":350,"height":200},"classes":[]},{"id":68512,"url":"https:\/\/www.24baires.com\/?p=68512","url_meta":{"origin":2175,"position":2},"title":"Apelar\u00e1n el fallo que declar\u00f3 \u00abinv\u00e1lida\u00bb la designaci\u00f3n de Dur\u00e1n","author":"GB","date":"02\/07\/2015","format":false,"excerpt":"El Consejo de la Magistratura apelar\u00e1 el fallo del juez federal, Alberto Recondo, sobre la designaci\u00f3n del juez subrogante del Juzgado Federal N\u00b0 1 de La Plata. El Consejo de la Magistratura apelar\u00e1 el fallo del juez federal, Alberto Recondo, que declar\u00f3 \"inv\u00e1lida\" la designaci\u00f3n del juez subrogante del Juzgado\u2026","rel":"","context":"En \u00abPol\u00edtica\u00bb","block_context":{"text":"Pol\u00edtica","link":"https:\/\/www.24baires.com\/?cat=51"},"img":{"alt_text":"","src":"","width":0,"height":0},"classes":[]},{"id":9605,"url":"https:\/\/www.24baires.com\/?p=9605","url_meta":{"origin":2175,"position":3},"title":"Imputan a jueces y consejeros por delitos durante la designaci\u00f3n de jueces subrogantes","author":"AF","date":"18\/12\/2012","format":false,"excerpt":"La decisi\u00f3n fue tomada por el fiscal Gerardo Di Masi, en el marco de una denuncia formulada por el gobierno por presuntos delitos durante el proceso de designaci\u00f3n de jueces subrogantes y por bloquear un concurso para designar nuevos titulares en los juzgados vacantes. El fiscal Gerardo Di Masi imput\u00f3\u2026","rel":"","context":"En \u00abMedios\u00bb","block_context":{"text":"Medios","link":"https:\/\/www.24baires.com\/?cat=54"},"img":{"alt_text":"","src":"","width":0,"height":0},"classes":[]},{"id":1102,"url":"https:\/\/www.24baires.com\/?p=1102","url_meta":{"origin":2175,"position":4},"title":"Alak denunci\u00f3 maniobras \u00abfuncionales al Grupo Clar\u00edn\u00bb contra la vigencia plena de la Ley de Medios","author":"Grupo Sierra","date":"05\/10\/2012","format":false,"excerpt":"El ministro de Justicia se\u00a0refiri\u00f3\u00a0a la decisi\u00f3n de cinco integrantes de la Magistratura de bloquear la designaci\u00f3n del juez titular que deber\u00e1 fallar sobre la cl\u00e1usula que obliga al grupo Clar\u00edn a desinvertir. Alak advirti\u00f3 sobre una \"maniobra que apunta a tener en suspenso el art\u00edculo 161 de la ley\u2026","rel":"","context":"En \u00abMedios\u00bb","block_context":{"text":"Medios","link":"https:\/\/www.24baires.com\/?cat=54"},"img":{"alt_text":"","src":"","width":0,"height":0},"classes":[]},{"id":44706,"url":"https:\/\/www.24baires.com\/?p=44706","url_meta":{"origin":2175,"position":5},"title":"Comenzaron las ternas para designar cargos en el Consejo de la Magistratura","author":"Grupo Sierra","date":"25\/04\/2014","format":false,"excerpt":"Durante la reuni\u00f3n plenaria del organismo se trataron 14 puntos. Se debatieron y aprobaron concursos que impulsan la creaci\u00f3n de ternas para seleccionar y designar cargos. Dos ternas ya se enviaron al Ejecutivo: son para cubrir puestos en General Roca y Goya. Y se designaron jueces subrogantes en Casaci\u00f3n y\u2026","rel":"","context":"En \u00abGeneral\u00bb","block_context":{"text":"General","link":"https:\/\/www.24baires.com\/?cat=67"},"img":{"alt_text":"consejo magistratura","src":"https:\/\/i0.wp.com\/www.24baires.com\/wp-content\/uploads\/2012\/10\/consejo-magistratura.jpg?resize=350%2C200","width":350,"height":200,"srcset":"https:\/\/i0.wp.com\/www.24baires.com\/wp-content\/uploads\/2012\/10\/consejo-magistratura.jpg?resize=350%2C200 1x, https:\/\/i0.wp.com\/www.24baires.com\/wp-content\/uploads\/2012\/10\/consejo-magistratura.jpg?resize=525%2C300 1.5x"},"classes":[]}],"jetpack_sharing_enabled":true,"jetpack_likes_enabled":true,"_links":{"self":[{"href":"https:\/\/www.24baires.com\/index.php?rest_route=\/wp\/v2\/posts\/2175","targetHints":{"allow":["GET"]}}],"collection":[{"href":"https:\/\/www.24baires.com\/index.php?rest_route=\/wp\/v2\/posts"}],"about":[{"href":"https:\/\/www.24baires.com\/index.php?rest_route=\/wp\/v2\/types\/post"}],"author":[{"embeddable":true,"href":"https:\/\/www.24baires.com\/index.php?rest_route=\/wp\/v2\/users\/11"}],"replies":[{"embeddable":true,"href":"https:\/\/www.24baires.com\/index.php?rest_route=%2Fwp%2Fv2%2Fcomments&post=2175"}],"version-history":[{"count":0,"href":"https:\/\/www.24baires.com\/index.php?rest_route=\/wp\/v2\/posts\/2175\/revisions"}],"wp:attachment":[{"href":"https:\/\/www.24baires.com\/index.php?rest_route=%2Fwp%2Fv2%2Fmedia&parent=2175"}],"wp:term":[{"taxonomy":"category","embeddable":true,"href":"https:\/\/www.24baires.com\/index.php?rest_route=%2Fwp%2Fv2%2Fcategories&post=2175"},{"taxonomy":"post_tag","embeddable":true,"href":"https:\/\/www.24baires.com\/index.php?rest_route=%2Fwp%2Fv2%2Ftags&post=2175"}],"curies":[{"name":"wp","href":"https:\/\/api.w.org\/{rel}","templated":true}]}}