{"id":2170,"date":"2012-10-14T20:05:31","date_gmt":"2012-10-14T23:05:31","guid":{"rendered":"http:\/\/www.24baires.com\/?p=2170"},"modified":"2012-10-14T20:05:31","modified_gmt":"2012-10-14T23:05:31","slug":"moreau-rechazo-una-alianza-con-la-centroderecha-con-tufillo-neomenemista","status":"publish","type":"post","link":"https:\/\/www.24baires.com\/?p=2170","title":{"rendered":"Moreau rechaz\u00f3 una alianza con la centroderecha con \u201ctufillo neomenemista\u201d"},"content":{"rendered":"<p><img data-recalc-dims=\"1\" loading=\"lazy\" decoding=\"async\" class=\"alignleft size-medium wp-image-2171\" title=\"moreau74823\" src=\"https:\/\/i0.wp.com\/www.24baires.com\/wp-content\/uploads\/2012\/10\/moreau74823.jpg?resize=300%2C224\" alt=\"\" width=\"300\" height=\"224\" srcset=\"https:\/\/i0.wp.com\/www.24baires.com\/wp-content\/uploads\/2012\/10\/moreau74823.jpg?resize=300%2C224&amp;ssl=1 300w, https:\/\/i0.wp.com\/www.24baires.com\/wp-content\/uploads\/2012\/10\/moreau74823.jpg?w=560&amp;ssl=1 560w\" sizes=\"auto, (max-width: 300px) 100vw, 300px\" \/>El ex senador y dirigente bonaerense del radicalismo, Leopoldo Moreau, sali\u00f3 hoy al cruce de las declaraciones del intendente de San Isidro, Gustavo Posse, y rechaz\u00f3 la conformaci\u00f3n de un \u00abfrente de centroderecha con un fuerte tufillo neomenemista\u00bb, en relaci\u00f3n a un acuerdo con el PRO, de Mauricio Macri. Para el dirigente radical\u00a0ser\u00eda como \u00abretornar a la d\u00e9cada del \u00b490\u00bb dijo.<br \/>\n<!--more--><\/p>\n<p>\u00abRechazamos de plano un frente de centroderecha y, sobre todo, como ocurre en este caso, con un fuerte tufillo neomenemista\u00bb, dijo el ex senador a T\u00e9lam, luego de las declaraciones realizadas ayer por Posse, quien exhort\u00f3 al radicalismo a ser \u00abgeneroso\u00bb en pos de lograr un acuerdo electoral entre las fuerzas de la oposici\u00f3n.<\/p>\n<p>En declaraciones a Radio Millenium, Posse -quien d\u00edas atr\u00e1s se reuni\u00f3 con el jefe de gobierno porte\u00f1o, Mauricio Macri, y el intendente de Malvinas Argentinas, Jes\u00fas Cariglino- insisti\u00f3 con su<br \/>\nidea de que los partidos de la oposici\u00f3n alcancen un \u00abacuerdo program\u00e1tico\u00bb que posibilite la conformaci\u00f3n de \u00abfrente electoral\u00bb, de cara a las legislativas del a\u00f1o pr\u00f3ximo.<\/p>\n<p>Para Moreau un acuerdo entre la UCR y la fuerza del mandatario porte\u00f1o ser\u00eda como \u00abretornar a la d\u00e9cada del \u00b490\u00bb, en alusi\u00f3n al menemismo, y agreg\u00f3 que el radicalismo debe apuntar a \u00abser una alternativa con un sentido progresista\u00bb.<\/p>\n<p>El ex senador, dijo adem\u00e1s que un eventual entendimiento con el PRO \u00abdivide aguas muy fuertemente entre quienes queremos mantener en alto el pensamiento popular, progresista y nacional de la Uni\u00f3n C\u00edvica Radical y quienes creen que pueden encontrar por fuera del partido alguna coincidencia contra natura y dilapidar los valores la identidad y la historia del radicalismo\u00bb.<\/p>\n<p>El encuentro que mantuvo Posse -aliado del alfonsinismo- con Macri y Cariglino, hab\u00eda hecho peligrar el trabajoso acuerdo sellado a fines del mes pasado entre los distintos sectores en pos de evitar la interna para elegir autoridades de la UCR bonaerense, que, de todos modos, se desarrolla hoy en algunos distritos de la provincia para designar cargos locales.<\/p>\n<p>La oposici\u00f3n de Nuevos Aires (que lideran Moreau y Federico Storani y que incluye a ex cobistas como los intendentes Mario Meoni (Jun\u00edn) y H\u00e9ctor \u00abCachi\u00bb Guti\u00e9rrez (Pergamino) y renovadores como Sergio Panella), amenaz\u00f3 con romper el acuerdo.<\/p>\n<p>Pero el alfonsinista y actual titular del Comit\u00e9 Provincia, Miguel Bazze, sali\u00f3 a manifestar el rechazo del sector liderado por Ricardo Alfonsin, a un entendimiento con la fuerza de Macri, lo que dej\u00f3 a salvo la unidad alcanzada.<\/p>\n<p>A su vez, Alfons\u00edn explic\u00f3, que la constituci\u00f3n de alianzas \u00abno la definen ni uno, ni cuatro dirigentes; las pol\u00edticas de alianzas las define la convenci\u00f3n<br \/>\nnacional y la provincial\u00bb.<\/p>\n<p>Ayer desde el Comit\u00e9 Provincia ratificaron el acuerdo firmado por ambos sectores que ubic\u00f3 al alfonsinista Alejandro Armend\u00e1riz, como titular del partido en el principal distrito electoral del<br \/>\npa\u00eds, pero con una mesa de conducci\u00f3n equilibrada.<\/p>\n<p>La primera vicepresidencia ir\u00e1 para el ex intendente de Tres Lomas, Mario Espada; la segunda para el diputado provincial Sergio Panella, mientras que Secretar\u00eda General quedar\u00e1 en manos de la ex legisladora Cecilia Moreau y la Pro Secretar\u00eda General, para Pablo Domenichini.<\/p>\n<p>La lista a delegados al Comit\u00e9 Nacional, est\u00e1 encabezada por el ex cobista Mario Meoni, seguido por Juan Manuel Casella, Lorena Tetaz y Ricardo Alfons\u00edn, mientras los cuatro primeros lugares de la n\u00f3mina de convencionales nacionales los ocupan Posse, Cachi Guti\u00e9rrez, Miguel Lunghi y Leopoldo Moreau.<\/p>\n","protected":false},"excerpt":{"rendered":"<p>El ex senador y dirigente bonaerense del radicalismo, Leopoldo Moreau, sali\u00f3 hoy al cruce de las declaraciones del intendente de San Isidro, Gustavo Posse, y rechaz\u00f3 la conformaci\u00f3n de un \u00abfrente de centroderecha con un fuerte tufillo neomenemista\u00bb, en relaci\u00f3n a un acuerdo con el PRO, de Mauricio Macri. Para el dirigente radical\u00a0ser\u00eda como \u00abretornar a la d\u00e9cada del \u00b490\u00bb [&#8230;]<\/p>\n","protected":false},"author":11,"featured_media":0,"comment_status":"open","ping_status":"open","sticky":false,"template":"","format":"standard","meta":{"_jetpack_newsletter_access":"","_jetpack_dont_email_post_to_subs":false,"_jetpack_newsletter_tier_id":0,"_jetpack_memberships_contains_paywalled_content":false,"_jetpack_memberships_contains_paid_content":false,"footnotes":""},"categories":[51],"tags":[],"class_list":["post-2170","post","type-post","status-publish","format-standard","hentry","category-politica"],"jetpack_featured_media_url":"","jetpack_shortlink":"https:\/\/wp.me\/p2JWE0-z0","jetpack-related-posts":[{"id":17302,"url":"https:\/\/www.24baires.com\/?p=17302","url_meta":{"origin":2170,"position":0},"title":"Para Alfons\u00edn la UCR es de centro izquierda y seg\u00fan Moreau adem\u00e1s &#8216;nacional y popular&#8217;","author":"Grupo Sierra","date":"03\/03\/2013","format":false,"excerpt":"Este s\u00e1bado se realiz\u00f3 en la ciudad de Olavarr\u00eda la Convenci\u00f3n Bonaerense del radicalismo. All\u00ed, los convencionales que participaron aprobaron un documento en conjunto en el que le pusieron un freno a las ambiciones del intendente de San Isidro, Gustavo Posse, de lograr cerrar un acuerdo con el macrismo y,\u2026","rel":"","context":"En \u00abOpini\u00f3n\u00bb","block_context":{"text":"Opini\u00f3n","link":"https:\/\/www.24baires.com\/?cat=64"},"img":{"alt_text":"","src":"","width":0,"height":0},"classes":[]},{"id":62808,"url":"https:\/\/www.24baires.com\/?p=62808","url_meta":{"origin":2170,"position":1},"title":"Por problemas internos, se posterg\u00f3 la convenci\u00f3n de la UCR bonaerense","author":"GB","date":"07\/03\/2015","format":false,"excerpt":"La Convenci\u00f3n de ese espacio de la provincia de Buenos Aires no pudo dar inicio a la sesi\u00f3n en la localidad de Arrecifes por falta de qu\u00f3rum debido a la ausencia de sectores del radicalismo que est\u00e1n enfrentados por la decisi\u00f3n partidaria de realizar alianzas con otros espacios pol\u00edticos para\u2026","rel":"","context":"En \u00abPol\u00edtica\u00bb","block_context":{"text":"Pol\u00edtica","link":"https:\/\/www.24baires.com\/?cat=51"},"img":{"alt_text":"","src":"","width":0,"height":0},"classes":[]},{"id":863,"url":"https:\/\/www.24baires.com\/?p=863","url_meta":{"origin":2170,"position":2},"title":"Hay ruido en la UCR bonaerense tras la alianza entre Posse, Macri y Cariglino","author":"Grupo Sierra","date":"02\/10\/2012","format":false,"excerpt":"El radicalismo volvi\u00f3 a mostrar hoy sus diferencias internas de cara a las elecciones legislativas del a\u00f1o pr\u00f3ximo, luego de que el intendente de San Isidro llamara a \"conformar un frente opositor\" en el distrito que incluya al PRO y a sectores duhaldistas. El encuentro que mantuvo el s\u00e1bado pasado\u2026","rel":"","context":"En \u00abPol\u00edtica\u00bb","block_context":{"text":"Pol\u00edtica","link":"https:\/\/www.24baires.com\/?cat=51"},"img":{"alt_text":"","src":"","width":0,"height":0},"classes":[]},{"id":1591,"url":"https:\/\/www.24baires.com\/?p=1591","url_meta":{"origin":2170,"position":3},"title":"No habr\u00e1 internas en la UCR bonaerense","author":"AF","date":"10\/10\/2012","format":false,"excerpt":"Sobre la medianoche de este martes, la UCR bonaerense acord\u00f3 definitivamente una lista de unidad entre la conducci\u00f3n provincial, representada por el diputado Ricardo Alfons\u00edn y el intendente de San Isidro, Gustavo Posse, y la oposici\u00f3n, que integra el espacio denominado Nuevos Aires y entre quienes se destacan los intendentes\u2026","rel":"","context":"En \u00abPol\u00edtica\u00bb","block_context":{"text":"Pol\u00edtica","link":"https:\/\/www.24baires.com\/?cat=51"},"img":{"alt_text":"","src":"","width":0,"height":0},"classes":[]},{"id":35318,"url":"https:\/\/www.24baires.com\/?p=35318","url_meta":{"origin":2170,"position":4},"title":"La irrupci\u00f3n de Sanz en el radicalismo bonaerense agita la interna","author":"Grupo Sierra","date":"17\/11\/2013","format":false,"excerpt":"El alfonsinismo se prepara para resistir el avance del senador nacional Ernesto Sanz en la UCR bonaerense, en medio de la crisis partidaria desatada tras el flojo desempe\u00f1o electoral y la fuga de dirigentes a las filas del Frente Renovador (FR), que lidera Sergio Massa. El plenario convocado por el\u2026","rel":"","context":"En \u00abPol\u00edtica\u00bb","block_context":{"text":"Pol\u00edtica","link":"https:\/\/www.24baires.com\/?cat=51"},"img":{"alt_text":"sanz ernesto","src":"https:\/\/i0.wp.com\/www.24baires.com\/wp-content\/uploads\/2013\/04\/sanz-ernesto-300x225.jpg?resize=350%2C200","width":350,"height":200},"classes":[]},{"id":17249,"url":"https:\/\/www.24baires.com\/?p=17249","url_meta":{"origin":2170,"position":5},"title":"El alfonsinismo rompi\u00f3 con Posse y va por un acuerdo con \u00abfuerzas afines\u00bb en Buenos Aires","author":"Grupo Sierra","date":"02\/03\/2013","format":false,"excerpt":"OLAVARR\u00cdA.- El alfonsinismo rompi\u00f3 hoy formalmente su acuerdo con el intendente Gustavo Posse y aprob\u00f3 en la Convenci\u00f3n de la Provincia de Buenos Aires una declaraci\u00f3n para avanzar en el di\u00e1logo con \"fuerzas afines\" para sellar un frente electoral en las pr\u00f3ximas legislativas. Luego de un amplio debate, la Convenci\u00f3n\u2026","rel":"","context":"En \u00abPol\u00edtica\u00bb","block_context":{"text":"Pol\u00edtica","link":"https:\/\/www.24baires.com\/?cat=51"},"img":{"alt_text":"","src":"","width":0,"height":0},"classes":[]}],"jetpack_sharing_enabled":true,"jetpack_likes_enabled":true,"_links":{"self":[{"href":"https:\/\/www.24baires.com\/index.php?rest_route=\/wp\/v2\/posts\/2170","targetHints":{"allow":["GET"]}}],"collection":[{"href":"https:\/\/www.24baires.com\/index.php?rest_route=\/wp\/v2\/posts"}],"about":[{"href":"https:\/\/www.24baires.com\/index.php?rest_route=\/wp\/v2\/types\/post"}],"author":[{"embeddable":true,"href":"https:\/\/www.24baires.com\/index.php?rest_route=\/wp\/v2\/users\/11"}],"replies":[{"embeddable":true,"href":"https:\/\/www.24baires.com\/index.php?rest_route=%2Fwp%2Fv2%2Fcomments&post=2170"}],"version-history":[{"count":0,"href":"https:\/\/www.24baires.com\/index.php?rest_route=\/wp\/v2\/posts\/2170\/revisions"}],"wp:attachment":[{"href":"https:\/\/www.24baires.com\/index.php?rest_route=%2Fwp%2Fv2%2Fmedia&parent=2170"}],"wp:term":[{"taxonomy":"category","embeddable":true,"href":"https:\/\/www.24baires.com\/index.php?rest_route=%2Fwp%2Fv2%2Fcategories&post=2170"},{"taxonomy":"post_tag","embeddable":true,"href":"https:\/\/www.24baires.com\/index.php?rest_route=%2Fwp%2Fv2%2Ftags&post=2170"}],"curies":[{"name":"wp","href":"https:\/\/api.w.org\/{rel}","templated":true}]}}