{"id":2166,"date":"2012-10-14T17:32:48","date_gmt":"2012-10-14T20:32:48","guid":{"rendered":"http:\/\/www.24baires.com\/?p=2166"},"modified":"2012-10-14T17:32:48","modified_gmt":"2012-10-14T20:32:48","slug":"el-caso-severo-y-las-complicidades-peligrosas-de-clarin-y-la-nacion","status":"publish","type":"post","link":"https:\/\/www.24baires.com\/?p=2166","title":{"rendered":"El caso Severo y las complicidades peligrosas de Clar\u00edn y La Naci\u00f3n"},"content":{"rendered":"<p>El secuestro del ex ferroviario Alfonso Severo, testigo clave en la causa que investiga a los responsables del asesinato de Mariano Ferreyra, puso al descubierto la metodolog\u00eda de la llamada \u201ccadena privada e ilegal de mentiras\u201d.<!--more--><\/p>\n<p>La ausencia de informaci\u00f3n sobre su los hechos que derivaron en su desaparici\u00f3n y posterior \u201caparici\u00f3n\u201d, la siembra de dudas sobre la v\u00edctima y la instalaci\u00f3n de la hip\u00f3tesis del \u201cautosecuestro\u201d, todo conform\u00f3 un recorrido por las t\u00e1cticas manipuladoras de una prensa que utiliza a las v\u00edctimas para la disputa pol\u00edtica contra el gobierno nacional, y las deslegitima cuando manifiestan su apoyo al FPV.<\/p>\n<p>El pasado 3 de octubre, cerca de las 23:30 horas, Alfonso Severo se dirig\u00eda hacia la casa de su nieto cuando fue abordado por dos hombres armados que lo introdujeron en una camioneta y lo mantuvieron en cautiverio durante casi 22 horas. Silvia N\u00fa\u00f1ez, su esposa, radic\u00f3 la denuncia por su desaparici\u00f3n a las 3:20 de la madrugada en la comisar\u00eda de Gerli. El Renault Cl\u00edo en el que se desplazaba apareci\u00f3 al mediod\u00eda del d\u00eda siguiente, horas antes de que recuperara su libertad el testigo.<\/p>\n<p>Cerca de las 22 horas del d\u00eda 4, Severo fue liberado y apareci\u00f3 maniatado con precintos de pl\u00e1stico, vendado, golpeado, deshidratado y en estado de shock. El \u00fanico de varios vecinos que se anim\u00f3 a ayudarlo realiz\u00f3 dos llamados al 911, con resultado negativo. Tras comunicarse con sus familiares, fue asistido en el Hospital Municipal de Avellaneda.<\/p>\n<p>Las circunstancias de su desaparici\u00f3n fueron cuestionadas desde el principio por los principales medios nacionales. Severo desapareci\u00f3 la noche anterior a la declaraci\u00f3n que ten\u00eda que prestar por el asesinato de Mariano Ferreyra. Iba a ampliar su declaraci\u00f3n hecha en la etapa de instrucci\u00f3n de la causa, donde asegur\u00f3 que el 19 de octubre, un d\u00eda antes del asesinato de Mariano, todo el personal de Ferrobaires fue citado a instancias del delegado de la Uni\u00f3n Ferroviaria, Humberto Mart\u00ednez. La idea era ir al d\u00eda siguiente a \u201cimpedir\u201d un corte de v\u00edas en la estaci\u00f3n de Avellaneda por un grupo de trabajadores tercerizados.<\/p>\n<p>\u00abEl que no viene, que se olvide de todo\u00bb, amenaz\u00f3 Mart\u00ednez. Tambi\u00e9n afirm\u00f3 que la empresa era manejada directamente por Jos\u00e9 Pedraza, titular de la UF, y que tanto en esa empresa como en el Museo Ferroviario de Avellaneda, se escond\u00edan armas y se efectuaban pr\u00e1cticas de tiro. A su vez, pudo identificar a trav\u00e9s de videos de la escena del crimen, a varios agresores como integrantes de Ferrobaires y de UGOFE.Un d\u00eda despu\u00e9s del asesinato de Ferreyra, extra\u00f1os tirotearon su vivienda y es v\u00edctima de constantes amenazas tras sus declaraciones. Seg\u00fan asegur\u00f3, hay varios implicados que puede identificar y todav\u00eda no son investigados por los hechos.<\/p>\n<p>La noticia de la desaparici\u00f3n de Severo no se vio reflejada en los diarios Clar\u00edn y El D\u00eda sino hasta su aparici\u00f3n con vida. En el caso del primero, y pese a que su secuestro ten\u00eda en vilo al pa\u00eds, reci\u00e9n mencion\u00f3 el caso el viernes 5, relativizando los hechos. As\u00ed, Severo \u201cdijo haber sido arrojado desde un auto en una zona ferroviaria conocida como Kilo 4\u201d, \u201cdijo tener golpes en la cabeza y un fuerte dolor en el pecho\u201d, sembrando sospechas respecto de sus declaraciones. Como por si no quedaba claro, reforz\u00f3 la duda: public\u00f3 que \u201cla polic\u00eda consider\u00f3 \u2018extra\u00f1as\u2019 las condiciones en que apareci\u00f3 Severo. Pero no quiso arriesgar una hip\u00f3tesis\u201d.<\/p>\n<p>El echar mano a cualquier fuente, nunca identificable y siempre vagamente mencionada, como \u201cla polic\u00eda\u201d, para reforzar la estigmatizaci\u00f3n sobre un trabajador ferroviario que no escondi\u00f3 sus simpat\u00edas hacia el gobierno nacional, y que se anim\u00f3 a decir que los hechos encerraban un mensaje a la Presidenta, lamentablemente no son infrecuentes cuando de confrontar con el gobierno se trata. El recorte de declaraciones y su descontextualizaci\u00f3n, tampoco. As\u00ed, Clar\u00edn menciona que el \u201c\u00fanico\u201d funcionario que se refiri\u00f3 al caso fue el Ministro de Justicia, Julio Alak, y que lo hizo para \u201cdespegar\u201d al gobierno de la responsabilidad de proteger a los testigos, afirmando que Severo no hab\u00eda solicitado ingresar al programa nacional de protecci\u00f3n de testigos, y que el caso merece que se investigue, en todas sus hip\u00f3tesis.<\/p>\n<p>Acto seguido, el diario remata: \u201cEs llamativo, agreg\u00f3 (Alak)\u201d. La idea de mostrar a un Ministro de Justicia que duda de la propia v\u00edctima no fue una estrategia privativa del diario del multimedios. La Naci\u00f3n, el mismo d\u00eda public\u00f3 que el Ministro \u201cvolvi\u00f3 a insistir que el hecho debe ser investigado a fondo. En este sentido advirti\u00f3: \u2018Creo que hay que investigar la diversidad de hip\u00f3tesis que pueden rodear la desaparici\u00f3n\u2019 (\u2026) El funcionario remarc\u00f3 tambi\u00e9n que Alfonso Severo no fue un testigo presencial en el asesinato de Mariano Ferreyra.\u201d El intento de atribuir a otros intencionalidades propias qued\u00f3 de manifiesto cuando Alak aclar\u00f3 en una entrevista en P\u00e1gina\/12 del domingo pasado que \u201cMe parece que no hay que limitarse a investigar la desaparici\u00f3n de \u00e9l, sino que debe vincularse la desaparici\u00f3n con las causas y con los hechos y con la red que \u00e9l denunci\u00f3 en la causa sobre Mariano Ferreyra\u201d. En ese sentido, El D\u00eda complet\u00f3 los dichos del ministro, mencionando que hab\u00eda que investigar todas las hip\u00f3tesis sobre el secuestro \u201ca partir de las \u2018grav\u00edsimas denuncias\u2019 que realiz\u00f3 el testigo\u201d.<\/p>\n<p>Otras de las estrategias utilizadas para quitar credibilidad a la v\u00edctima se centraron en las dudas sobre su c\u00edrculo \u00edntimo y la publicaci\u00f3n de comunicados ap\u00f3crifos de Ferrobaires. La Naci\u00f3n hizo eje en la esposa de Severo, haciendo hincapi\u00e9 en que cuando oficiales de la Brigada Antisecuestros de la Polic\u00eda Federal fueron a su casa para tomar declaraci\u00f3n a los familiares, \u201cjusto en ese momento recibieron la llamada telef\u00f3nica en la que se\u00f1alaban que Severo estaba vivo\u201d. El diario afirma que \u201cseg\u00fan dijeron investigadores del caso, la mujer no quer\u00eda ir a la fiscal\u00eda\u201d. Pero con la maquiav\u00e9lica hip\u00f3tesis de la orquestaci\u00f3n del autosecuestro entre Severo y su esposa no bast\u00f3. Otra vez la alusi\u00f3n a fuentes vagas e imprecisas busc\u00f3 rematar las sospechas:\u00bb \u2018Con la experiencia que tiene Campagnolli en secuestros, esto no es com\u00fan. Se est\u00e1 analizando la reacci\u00f3n de la mujer y el resto de las evidencias, pero no cierra como un secuestro\u2019, dijo a LA NACION una fuente que investiga el caso\u201d (La Naci\u00f3n, 05\/10\/12).<\/p>\n<p>El mismo d\u00eda, La Naci\u00f3n viol\u00f3 un principio b\u00e1sico en el ejercicio del periodismo: el chequeo de la veracidad de la informaci\u00f3n antes de decidir su publicaci\u00f3n. As\u00ed, en la pieza \u201cFerrobaires involucr\u00f3 a Alfonso Severo en siete causas judiciales y lo culp\u00f3 de \u2018autoatentado\u2019 \u201d publicada a las 16:39 horass, dieron por veraz un comunicado que fue desmentido por la empresa donde supuestamente Ferrobaires expresaba que Severo hab\u00eda sido desvinculado de la empresa debido a las \u201cgrav\u00edsimas injurias laborales cometidas por el mismo que hicieron absolutamente imposible la prosecuci\u00f3n del v\u00ednculo laboral\u00bb y que, seg\u00fan declar\u00f3 un testigo reservado \u201cfue el propio Severo quien dio la orden para que pudieran tirotear su domicilio tras esperar que la gente del barrio se fuera a dormir\u00bb. M\u00e1s grave a\u00fan fue la enumeraci\u00f3n de siete supuestas causas penales que tiene la v\u00edctima, por los delitos de desv\u00edo de fondos, amenazas, da\u00f1o y abuso de armas.<\/p>\n<p>Menos de tres horas despu\u00e9s, a las 19:16 La Naci\u00f3n se ve\u00eda en la obligaci\u00f3n de publicar \u201cFerrobaires desmiente haber acusado a Severo\u201d, donde un comunicado oficial de la empresa acusaba de ap\u00f3crifo el comunicado del que algunos medios se hicieron eco, e informaba que se estaban investigando las circunstancias del sabotaje interno. Un camino similar sigui\u00f3 el matutino de los Noble en la pieza \u201cDeclar\u00f3 el testigo del caso Ferreyra y hay dudas sobre su desaparici\u00f3n\u201d donde se afirma que \u201cSevero dijo que estuvo secuestrado y que fue \u2018un mensaje para la Presidenta\u2019. Los investigadores sospechan\u201d. En otra pieza aseguran que \u201cantes de que Severo apareciera con vida, desde la UF hicieron circular sus antecedentes penales, que incluyen causas por robo, lesiones y amenazas\u201d y que fue \u201cdenunciado como parte de la \u2018mafia de las tarjetas de d\u00e9bito\u2019 que cobraba salarios de empleados fantasmas\u201d. Clar\u00edn, a diferencia de La Naci\u00f3n, ni siquiera se preocup\u00f3 por desmentir el comunicado ap\u00f3crifo.<\/p>\n<p>Pero si en la carrera por deslegitimar la credibilidad de Severo un medio lleg\u00f3 demasiado lejos, \u00e9se es Clar\u00edn. Despoj\u00e1ndose de todo escr\u00fapulo y de todo principio de realidad, el medio crey\u00f3 ver en el secuestro de Severo \u201csospechosas similitudes\u201d con otro caso: el de Luis Gerez, que tras declarar en un juicio contra el represor Luis Patti, fue secuestrado entre el 27 y el 29 de diciembre de 2006. En esa ocasi\u00f3n, un discurso encendido del entonces presidente N\u00e9stor Kirchner, que asegur\u00f3 no permitir extorsiones de ning\u00fan tipo, gener\u00f3 tal presi\u00f3n a los captores de Gerez que decidieron liberarlo. Recu\u00e9rdese que Gerez ha denunciado a Patti por torturas en 1972, y su testimonio fue clave para impedir su asunci\u00f3n en el Congreso.<\/p>\n<p>Sin embargo, Clar\u00edn encuentra entre las coincidencias, la de la sospecha. As\u00ed, en la pieza publicada el pasado 6 de octubre titulada \u201cLas similitudes con otro episodio extra\u00f1o\u201d, se deja en claro que las semejanzas entre los dos secuestros giran en torno a las \u2018sospechas\u2019 generadas: \u201cEl \u2018secuestro\u2019 y posterior reaparici\u00f3n de Alfonso Severo, testigo en la causa del crimen de Mariano Ferreyra, hizo recordar al caso de otro testigo, Luis Gerez, quien hab\u00eda declarado en un juicio contra Luis Patti. Gerez estuvo dos d\u00edas \u2018desaparecido\u2019, a fines de 2006\u201d. El entrecomillado de la palabra secuestro junto al nombre de Severo es toda una posici\u00f3n al respecto. Y contin\u00faa: \u201clas sospechas tardaron unos d\u00edas en aparecer hasta que se vieron los hilos de la operaci\u00f3n medi\u00e1tica del Gobierno\u201d.<\/p>\n<p>Seg\u00fan el diario del multimedios, tanto la desaparici\u00f3n de Gerez como la de Severo fueron parte de una \u201coperaci\u00f3n medi\u00e1tica\u201d del gobierno. Tan delirante hip\u00f3tesis solo encuentra explicaci\u00f3n en una realidad \u201cvelada\u201d que deja entrever el medio: tanto con Gerez como con Severo, Clar\u00edn puso en marcha una operaci\u00f3n medi\u00e1tica tendiente a imponer la hip\u00f3tesis del autosecuestro, ya que las v\u00edctimas ten\u00edan en com\u00fan sus simpat\u00edas al gobierno nacional, archienemigo del Grupo Clar\u00edn, enfrentado a muerte por el art\u00edculo 161 de la Ley de Medios que la empresa se empe\u00f1a en incumplir. De hecho, otra de las \u201csimilitudes\u201d sospechosas halladas por Clar\u00edn es justamente la filiaci\u00f3n pol\u00edtica de ambos testigos. Pero no se detiene all\u00ed: las sospechas bordean el absurdo cuando asegura que resulta extra\u00f1o que \u201csi hay algo que la televisi\u00f3n p\u00fablica no tiene son primicias, pero tanto en 2006 como ahora los periodistas del canal fueron los primeros en tener la exclusiva con los \u2018secuestrados\u2019 \u201d Comillas otra vez. El delito de presentar una primicia por parte del canal p\u00fablico parece imperdonable.<\/p>\n<p>Por \u00faltimo, Clar\u00edn asegura que otra cosa en com\u00fan es \u201cla desmemoria\u201d ya que los testigos \u201cEn ambos casos s\u00f3lo relataron vaguedades.\u201d \u00bfC\u00f3mo puede un medio saber cu\u00e1les fueron las declaraciones hechas por Severo tras su secuestro, cuando se abstuvo de comunicarlas a la prensa? \u00bfPueden considerarse \u201cvaguedades\u201d los testimonios de ambos secuestrados, cuando uno permiti\u00f3 la individualizaci\u00f3n de involucrados en el asesinato de Ferreyra, y el otro dio datos sobre delitos de lesa humanidad cometidos por Patti que impidieron su asunci\u00f3n en el Congreso? Lo que s\u00ed resulta clara es la estrategia desplegada por Clar\u00edn: si una v\u00edctima de secuestro es kirchnerista, \u201cmiente\u201d, no es un caso de inseguridad sino pol\u00edtico y fue \u201carmado\u201d por el gobierno nacional.<\/p>\n<p>Aunque resulte incre\u00edble, en la nota de opini\u00f3n titulada \u201cEl intento de imponer una visi\u00f3n\u201d publicada el pasado 6 de octubre, Clar\u00edn acusa al gobierno nacional de \u201chaber perdido todo rumbo\u201d en su \u201caf\u00e1n por imponer su particular visi\u00f3n de la realidad\u201d. Tal es la indignaci\u00f3n tras las declaraciones del Ministro Alaksobre la vinculaci\u00f3n del secuestro de Severo con un intento de amedrentar a la Presidenta, en un contexto de fuertes pujas por la implementaci\u00f3n del art\u00edculo 161 de la Ley de Medios. Y prosigue: \u201cno s\u00f3lo realiza afirmaciones francamente rid\u00edculas, sino que, lo que es m\u00e1s grave, incurre en comportamientos re\u00f1idos con reglas b\u00e1sicas de una democracia constitucional.La vinculaci\u00f3n del hasta ahora no aclarado secuestro de Enrique Severo con el Grupo Clar\u00edn y con el m\u00edtico \u20187 D\u2019 es sencillamente absurda (\u2026) Resulta intolerable en una Rep\u00fablica la pertinaz ofensiva de propaganda (del Gobierno)\u201d.<\/p>\n<p>Claro es que para el matutino no resulta intolerable, rid\u00edculo ni re\u00f1ido con los preceptos democr\u00e1ticos el ocultar informaci\u00f3n, el estigmatizar a una v\u00edctima de secuestro y deslegitimar la veracidad de sus dichos por el \u00fanico motivo de ser Kirchnerista. La actitud deleznable de un medio que busca revictimizar a sus v\u00edctimas con el s\u00f3lo prop\u00f3sito de confrontar con un gobierno que no est\u00e1 dispuesto a consentir sus intereses monop\u00f3licos resulta francamente indignante. Claro que cuando las declaraciones de aquellas v\u00edctimas estigmatizadas son funcionales a la intencionalidad editorial del medio, vuelven a tener credibilidad.<\/p>\n<p>As\u00ed, tanto en el caso de Clar\u00edn como en el de La Naci\u00f3n, cuando Severo se desvincul\u00f3 de las declaraciones de Alak, asegurando que su secuestro no ten\u00eda relaci\u00f3n con la Ley de Medios, volvi\u00f3 a convertirse en una cre\u00edble v\u00edctima de secuestro. Ahora La Naci\u00f3n recordaba que \u201cAlfonso Severo no tiene paz. Despu\u00e9s de pasar un d\u00eda privado de su libertad y de soportar las dudas sobre su secuestro, ayer se le sum\u00f3 la vinculaci\u00f3n de su caso que intent\u00f3 hacer el ministro de Justicia, Julio Alak, con la implementaci\u00f3n de la ley de servicios de comunicaci\u00f3n audiovisual\u201d.Un oportunismo pol\u00edtico sin l\u00edmites al que Clar\u00edn tambi\u00e9n adscribi\u00f3:\u201cen menos de 48 horas, el funcionario(Julio Alak) minti\u00f3. Lo hizo primero al vincular el misterioso secuestro de Alfonso Severo con la Ley de medios. Y lo volvi\u00f3 a hacer cuando, al ser corregido por la propia v\u00edctima, dijo que \u00e9l no hab\u00eda dicho lo que si hab\u00eda dicho (\u2026) \u2018\u00bfLey de Medios? No s\u00e9 qu\u00e9 es\u2019, dijo el testigo que desapareci\u00f3 durante angustiosas horas la semana pasada. Ahora desaparecieron las comillas, ahora s\u00ed desapareci\u00f3 durante horas \u201cangustiosas\u201d.<\/p>\n<p>Frente a tanta manipulaci\u00f3n de la informaci\u00f3n, creaci\u00f3n de fant\u00e1sticas teor\u00edas conspirativas, y deleznable oportunismo pol\u00edtico, el \u00fanico medio de los analizados que trat\u00f3 el tema con seriedad fue el platense diario El D\u00eda, al que no se lo puede identificar ideol\u00f3gicamente con el Gobierno. Fue el \u00fanico capaz de no hacerse eco de comunicados ap\u00f3crifos, ni de sembrar dudas respecto del secuestro de Severo informando que la hip\u00f3tesis del autosecuestro \u201cera la m\u00e1s floja, ya que en el auto hallado al mediod\u00eda se encontraron las llaves puestas, los documentos y dinero de Severo\u201d. S\u00f3lo en El D\u00eda se inform\u00f3 que \u201cAlfonso Severo, se\u00f1al\u00f3 que pudo ver a uno de sus secuestradores y elabor\u00f3 un \u2018identikit\u2019 \u201d. Frente al derecho al acceso a la informaci\u00f3n de los pueblos, cabe reflexionar acerca de los fundamentos de un periodismo que sea ciertamente objetivo, pero cuya objetividad no signifique ocultar posicionamientos tras el velo de una mentirosa imparcialidad. Recordar que la informaci\u00f3n debe poder ser contrastada mediante diversas fuentes de informaci\u00f3n para ser ver\u00eddica hace al ejercicio del periodismo, requisito sin el cual cada vez resulta m\u00e1s dificultoso distinguir la diferencia entre una noticia y un aviso comercial.<\/p>\n","protected":false},"excerpt":{"rendered":"<p>El secuestro del ex ferroviario Alfonso Severo, testigo clave en la causa que investiga a los responsables del asesinato de Mariano Ferreyra, puso al descubierto la metodolog\u00eda de la llamada \u201ccadena privada e ilegal de mentiras\u201d.<\/p>\n","protected":false},"author":11,"featured_media":0,"comment_status":"open","ping_status":"open","sticky":false,"template":"","format":"standard","meta":{"_jetpack_newsletter_access":"","_jetpack_dont_email_post_to_subs":false,"_jetpack_newsletter_tier_id":0,"_jetpack_memberships_contains_paywalled_content":false,"_jetpack_memberships_contains_paid_content":false,"footnotes":""},"categories":[54],"tags":[],"class_list":["post-2166","post","type-post","status-publish","format-standard","hentry","category-medios"],"jetpack_featured_media_url":"","jetpack_shortlink":"https:\/\/wp.me\/p2JWE0-yW","jetpack-related-posts":[{"id":971,"url":"https:\/\/www.24baires.com\/?p=971","url_meta":{"origin":2166,"position":0},"title":"Misteriosa desaparici\u00f3n de testigo del crimen de Mariano Ferreyra","author":"AF","date":"04\/10\/2012","format":false,"excerpt":"Una fuerte preocupaci\u00f3n acoge a la familia de Alfonso Severo, ferroviario, testigo que debe declarar hoy jueves 4 a mediod\u00eda en el juicio que investiga el asesinato de Mariano Ferreyra. Desde anoche se desconoce su paradero. \u201cAnoche habl\u00f3 con la mam\u00e1 de mi hijo, que hab\u00eda sido operado, y le\u2026","rel":"","context":"En \u00abSociedad\u00bb","block_context":{"text":"Sociedad","link":"https:\/\/www.24baires.com\/?cat=1"},"img":{"alt_text":"","src":"","width":0,"height":0},"classes":[]},{"id":1160,"url":"https:\/\/www.24baires.com\/?p=1160","url_meta":{"origin":2166,"position":1},"title":"Ferrobaires niega haber calificado de \u00abmentiroso\u00bb a Severo","author":"AF","date":"06\/10\/2012","format":false,"excerpt":"El Gobierno bonaerense desminti\u00f3 que la empresa estatal Ferrobaires haya enviado un comunicado acusando de \u201cmentiroso\u201d al testigo Alfonso Severo, secuestrado durante 24 horas el d\u00eda en que deb\u00eda declarar en el juicio por la muerte de Mariano Ferreyra. La intervenci\u00f3n de la empresa, controlada por la Provincia desde principios\u2026","rel":"","context":"En \u00abSociedad\u00bb","block_context":{"text":"Sociedad","link":"https:\/\/www.24baires.com\/?cat=1"},"img":{"alt_text":"","src":"","width":0,"height":0},"classes":[]},{"id":1009,"url":"https:\/\/www.24baires.com\/?p=1009","url_meta":{"origin":2166,"position":2},"title":"Severo, el testigo clave del caso Ferreyra, fue hallado con vida en Avellaneda","author":"AF","date":"04\/10\/2012","format":false,"excerpt":"Alfonso Severo, testigo clave en el juicio por el crimen de Mariano Ferreyra, que desapareci\u00f3 en mi\u00e9rcoles a la noche, horas antes de presentarse en los tribunales, fue hallado con vida en Avellaneda. El Tribunal Oral en lo Criminal 24 inform\u00f3 este jueves que Alfonso Severo, testigo en el juicio\u2026","rel":"","context":"En \u00abSociedad\u00bb","block_context":{"text":"Sociedad","link":"https:\/\/www.24baires.com\/?cat=1"},"img":{"alt_text":"","src":"https:\/\/i0.wp.com\/www.24baires.com\/wp-content\/uploads\/2012\/10\/severo-300x225.jpg?resize=350%2C200","width":350,"height":200},"classes":[]},{"id":1113,"url":"https:\/\/www.24baires.com\/?p=1113","url_meta":{"origin":2166,"position":3},"title":"\u00abMe dijeron que ni los derechos humanos ni la Presidenta me iban a salvar\u00bb","author":"AF","date":"05\/10\/2012","format":false,"excerpt":"Alfonso Severo, testigo del caso Ferreyra, dio detalles de su secuestro al declarar hoy viernes \u00a0ante la Justicia. Dijo que dos hombres lo mantuvieron cautivo en una furgoneta hasta que el jueves a la noche lo liberaron en Gerli. Ratific\u00f3 que fue golpeado y maniatado con precintos de pl\u00e1stico. Severo\u2026","rel":"","context":"En \u00abSociedad\u00bb","block_context":{"text":"Sociedad","link":"https:\/\/www.24baires.com\/?cat=1"},"img":{"alt_text":"","src":"https:\/\/i0.wp.com\/www.24baires.com\/wp-content\/uploads\/2012\/10\/severook1.jpg?resize=350%2C200","width":350,"height":200,"srcset":"https:\/\/i0.wp.com\/www.24baires.com\/wp-content\/uploads\/2012\/10\/severook1.jpg?resize=350%2C200 1x, https:\/\/i0.wp.com\/www.24baires.com\/wp-content\/uploads\/2012\/10\/severook1.jpg?resize=525%2C300 1.5x"},"classes":[]},{"id":2348,"url":"https:\/\/www.24baires.com\/?p=2348","url_meta":{"origin":2166,"position":4},"title":"Severo finalmente declar\u00f3 por el asesinato de Ferreyra","author":"AF","date":"16\/10\/2012","format":false,"excerpt":"El testigo afirm\u00f3 que el detenido titular de la Uni\u00f3n Ferroviaria, Jos\u00e9 Pedraza, tuvo una actitud \"irresponsable\" cuando opt\u00f3 por convertirse en \"empresario\" y no defendi\u00f3 a miles de trabajadores ferroviarios en la d\u00e9cada del 90\".\u00a0En tanto, apunt\u00f3 a \"mafias enquistadas\" desde hace veinte a\u00f1os en la empresa Ferrobaires, a\u2026","rel":"","context":"En \u00abSociedad\u00bb","block_context":{"text":"Sociedad","link":"https:\/\/www.24baires.com\/?cat=1"},"img":{"alt_text":"","src":"","width":0,"height":0},"classes":[]},{"id":36121,"url":"https:\/\/www.24baires.com\/?p=36121","url_meta":{"origin":2166,"position":5},"title":"Un tornado azot\u00f3 a Chivilcoy","author":"GB","date":"02\/12\/2013","format":false,"excerpt":"Adem\u00e1s de varios heridos leves, se produjeron destrozos en casas. M\u00e1s de 50 familias fueron evacuadas. El fuerte temporal choc\u00f3 con fuerza en la ciudad de Chivilcoy, y adem\u00e1s de producir varios destrozos en casas y \u00e1rboles, hay varios heridos, seg\u00fan coment\u00f3 el intendente Anibal Pitelli. \"La ciudad qued\u00f3 devastada.\u2026","rel":"","context":"En \u00abLocales\u00bb","block_context":{"text":"Locales","link":"https:\/\/www.24baires.com\/?cat=38"},"img":{"alt_text":"chivilcoy tornado","src":"https:\/\/i0.wp.com\/www.24baires.com\/wp-content\/uploads\/2013\/12\/chivilcoy-tornado.jpg?resize=350%2C200","width":350,"height":200,"srcset":"https:\/\/i0.wp.com\/www.24baires.com\/wp-content\/uploads\/2013\/12\/chivilcoy-tornado.jpg?resize=350%2C200 1x, https:\/\/i0.wp.com\/www.24baires.com\/wp-content\/uploads\/2013\/12\/chivilcoy-tornado.jpg?resize=525%2C300 1.5x"},"classes":[]}],"jetpack_sharing_enabled":true,"jetpack_likes_enabled":true,"_links":{"self":[{"href":"https:\/\/www.24baires.com\/index.php?rest_route=\/wp\/v2\/posts\/2166","targetHints":{"allow":["GET"]}}],"collection":[{"href":"https:\/\/www.24baires.com\/index.php?rest_route=\/wp\/v2\/posts"}],"about":[{"href":"https:\/\/www.24baires.com\/index.php?rest_route=\/wp\/v2\/types\/post"}],"author":[{"embeddable":true,"href":"https:\/\/www.24baires.com\/index.php?rest_route=\/wp\/v2\/users\/11"}],"replies":[{"embeddable":true,"href":"https:\/\/www.24baires.com\/index.php?rest_route=%2Fwp%2Fv2%2Fcomments&post=2166"}],"version-history":[{"count":0,"href":"https:\/\/www.24baires.com\/index.php?rest_route=\/wp\/v2\/posts\/2166\/revisions"}],"wp:attachment":[{"href":"https:\/\/www.24baires.com\/index.php?rest_route=%2Fwp%2Fv2%2Fmedia&parent=2166"}],"wp:term":[{"taxonomy":"category","embeddable":true,"href":"https:\/\/www.24baires.com\/index.php?rest_route=%2Fwp%2Fv2%2Fcategories&post=2166"},{"taxonomy":"post_tag","embeddable":true,"href":"https:\/\/www.24baires.com\/index.php?rest_route=%2Fwp%2Fv2%2Ftags&post=2166"}],"curies":[{"name":"wp","href":"https:\/\/api.w.org\/{rel}","templated":true}]}}