{"id":21629,"date":"2013-04-22T18:00:30","date_gmt":"2013-04-22T21:00:30","guid":{"rendered":"http:\/\/www.24baires.com\/?p=21629"},"modified":"2013-04-22T14:21:24","modified_gmt":"2013-04-22T17:21:24","slug":"la-senora-que-amaba-a-la-republica","status":"publish","type":"post","link":"https:\/\/www.24baires.com\/?p=21629","title":{"rendered":"La se\u00f1ora que amaba a la Rep\u00fablica"},"content":{"rendered":"<p><img data-recalc-dims=\"1\" loading=\"lazy\" decoding=\"async\" class=\"aligncenter size-full wp-image-2388\" alt=\"carrio\" src=\"https:\/\/i0.wp.com\/www.24baires.com\/wp-content\/uploads\/2012\/10\/carrio.jpg?resize=560%2C248\" width=\"560\" height=\"248\" srcset=\"https:\/\/i0.wp.com\/www.24baires.com\/wp-content\/uploads\/2012\/10\/carrio.jpg?w=560&amp;ssl=1 560w, https:\/\/i0.wp.com\/www.24baires.com\/wp-content\/uploads\/2012\/10\/carrio.jpg?resize=300%2C132&amp;ssl=1 300w\" sizes=\"auto, (max-width: 560px) 100vw, 560px\" \/>\u201c\u00bfTe acord\u00e1s, hermano, qu\u00e9 tiempos aqu\u00e9llos?\u201d, pregunta el tango. Y qu\u00e9 tiempos eran esos, cuando en \u00e9poca de crisis Elisa Carri\u00f3 bregaba por la consolidaci\u00f3n de las instituciones, cuando dec\u00eda ser la defensora de la Rep\u00fablica, cuando, justamente, se arrogaba para s\u00ed el t\u00edtulo de republicana y hasta publicaba libros sobre eso.<!--more--><\/p>\n<p>Escribir sobre Carri\u00f3 es como la tentaci\u00f3n de la dieta, cuando ven\u00eds bien, y sab\u00e9s que no ten\u00e9s que comer eso y caes en el descuido de salirte de la abstinencia, aunque te hab\u00edas prometido no hacerlo. Con la controversial Lilita pasa as\u00ed, sab\u00e9s que te va a hacer mal, pero igual la le\u00e9s y escuch\u00e1s. Y es que ella sabe c\u00f3mo ser noticia. Como ahora, que convoca a las masas caceroleras a \u201cimpedir\u201d, -as\u00ed lo llama ella-, la sesi\u00f3n de este mi\u00e9rcoles en el Congreso de la Naci\u00f3n.<br \/>\nEn este llamado secesioncita, Carri\u00f3 no s\u00f3lo borra a manotazos lo que anta\u00f1o fue su discurso sacramental, cuando hablaba de la Rep\u00fablica y de la importancia de las instituciones, sino que est\u00e1 al borde \u2013si es que no lo transgredi\u00f3 tambi\u00e9n- de la ilegalidad al pedir p\u00fablicamente que se impida una sesi\u00f3n. Ni hace falta mencionar lo que cost\u00f3 volver a tener el Congreso en funciones cuando otros, los peores, golpearon la democracia e hicieron lo que quisieron con sus instituciones all\u00e1 por el \u201976. Ya lo vivimos, decimos no gracias y nos preparamos para defender las sesiones donde se debaten las leyes, se discuten, se modifican, se votan.<br \/>\nCarri\u00f3 hace este llamado y de seguro lo ampl\u00eda m\u00e1s all\u00e1 de su electorado que alcanz\u00f3 el escas\u00edsimo 1,8% las elecciones pasadas, y da otro paso m\u00e1s en ese camino sin retorno que ella misma quiso empezar a transitar desde hace a\u00f1os, cuando pas\u00f3 de cantar Hasta Siempre Comandante vestida de poncho y a cara lavada a parecer un ladrillo reci\u00e9n cocido, vistiendo ropas mejores, maquillajes severos y veraneando en Punta. Lo de afuera, como ella se vea, en realidad no importa, pero sirve para denotar su volantazo ideol\u00f3gico que, en realidad, demostr\u00f3 algo mucho m\u00e1s peligroso que un cambio de ideas y pareceres, expuso su falta total de ideolog\u00eda.<br \/>\nM\u00e1s all\u00e1 del repudio generalizado que provoc\u00f3 tanto en el oficialismo y la oposici\u00f3n su pedido de \u201cimpedir la votaci\u00f3n\u201d y su deseo de ser ella quien convoca al pueblo (o su versi\u00f3n del pueblo) a la calle, Carri\u00f3 se ha superado a si misma una vez m\u00e1s, porque s\u00f3lo Lilita puede superar a Lilita en ese af\u00e1n c\u00ednico de destruir todo lo que ella no puede manejar, como por ejemplo el Ejecutivo nacional. Aunque ella es tambi\u00e9n el Estado que quiere socavar, porque ella es diputada, fue electa por ese sistema democr\u00e1tico que anta\u00f1o parec\u00eda amar y que hoy no tiene reparos en querer impedir su correcto funcionamiento. El tiempo pasa y nos vamos poniendo derechos.<\/p>\n","protected":false},"excerpt":{"rendered":"<p>\u201c\u00bfTe acord\u00e1s, hermano, qu\u00e9 tiempos aqu\u00e9llos?\u201d, pregunta el tango. Y qu\u00e9 tiempos eran esos, cuando en \u00e9poca de crisis Elisa Carri\u00f3 bregaba por la consolidaci\u00f3n de las instituciones, cuando dec\u00eda ser la defensora de la Rep\u00fablica, cuando, justamente, se arrogaba para s\u00ed el t\u00edtulo de republicana y hasta publicaba libros sobre eso.<\/p>\n","protected":false},"author":4,"featured_media":0,"comment_status":"open","ping_status":"open","sticky":false,"template":"","format":"standard","meta":{"_jetpack_newsletter_access":"","_jetpack_dont_email_post_to_subs":false,"_jetpack_newsletter_tier_id":0,"_jetpack_memberships_contains_paywalled_content":false,"_jetpack_memberships_contains_paid_content":false,"footnotes":""},"categories":[64],"tags":[],"class_list":["post-21629","post","type-post","status-publish","format-standard","hentry","category-opinion"],"jetpack_featured_media_url":"","jetpack_shortlink":"https:\/\/wp.me\/p2JWE0-5CR","jetpack-related-posts":[{"id":112755,"url":"https:\/\/www.24baires.com\/?p=112755","url_meta":{"origin":21629,"position":0},"title":"Carri\u00f3 anunci\u00f3 su retiro de la pol\u00edtica","author":"AF","date":"28\/10\/2019","format":false,"excerpt":"Elisa Carri\u00f3 asisti\u00f3 al encuentro de la Mesa de Acci\u00f3n Pol\u00edtica de Juntos por el Cambio posterior a la elecci\u00f3n. Ya de por s\u00ed era una conversaci\u00f3n dif\u00edcil y cargada de derrota. Pero la dirigente eligi\u00f3 ese momento para tirar una bomba y luego se retir\u00f3 temprano. \"El a\u00f1o que\u2026","rel":"","context":"En \u00abPol\u00edtica\u00bb","block_context":{"text":"Pol\u00edtica","link":"https:\/\/www.24baires.com\/?cat=51"},"img":{"alt_text":"","src":"https:\/\/i0.wp.com\/www.24baires.com\/wp-content\/uploads\/2018\/07\/carri%C3%B3.jpg?resize=350%2C200","width":350,"height":200,"srcset":"https:\/\/i0.wp.com\/www.24baires.com\/wp-content\/uploads\/2018\/07\/carri%C3%B3.jpg?resize=350%2C200 1x, https:\/\/i0.wp.com\/www.24baires.com\/wp-content\/uploads\/2018\/07\/carri%C3%B3.jpg?resize=525%2C300 1.5x"},"classes":[]},{"id":108185,"url":"https:\/\/www.24baires.com\/?p=108185","url_meta":{"origin":21629,"position":1},"title":"Cambiemos al rojo vivo: cruces violentos entre Carri\u00f3 y Marcos Pe\u00f1a","author":"AF","date":"15\/05\/2019","format":false,"excerpt":"La diputada cuestion\u00f3 con dureza a Frigerio y Bullrich tras la derrota en C\u00f3rdoba. Solo reconoci\u00f3 a Rodr\u00edguez Larreta y Vidal. En Cambiemos siguieron comiendo facturas. Pases de factura. La l\u00edder de la Coalici\u00f3n C\u00edvica, Elisa Carri\u00f3, respondi\u00f3 al Gobierno por el malestar con sus cr\u00edticas tras la elecci\u00f3n de\u2026","rel":"","context":"En \u00abPol\u00edtica\u00bb","block_context":{"text":"Pol\u00edtica","link":"https:\/\/www.24baires.com\/?cat=51"},"img":{"alt_text":"","src":"https:\/\/i0.wp.com\/www.24baires.com\/wp-content\/uploads\/2019\/05\/carrio-pe%C3%B1a.jpg?resize=350%2C200","width":350,"height":200,"srcset":"https:\/\/i0.wp.com\/www.24baires.com\/wp-content\/uploads\/2019\/05\/carrio-pe%C3%B1a.jpg?resize=350%2C200 1x, https:\/\/i0.wp.com\/www.24baires.com\/wp-content\/uploads\/2019\/05\/carrio-pe%C3%B1a.jpg?resize=525%2C300 1.5x"},"classes":[]},{"id":63340,"url":"https:\/\/www.24baires.com\/?p=63340","url_meta":{"origin":21629,"position":2},"title":"Carri\u00f3: \u00abA diferencia de Macri y del radicalismo yo no me financio con grandes empresarios\u00bb","author":"AF","date":"18\/03\/2015","format":false,"excerpt":"La diputada nacional por la Coalici\u00f3n C\u00edvica-ARI (CC-ARI) y precandidata presidencial, Elisa Carri\u00f3, dispar\u00f3 contra el radicalismo y el l\u00edder del PRO, Mauricio Macri. \"La gente me pidi\u00f3 Rep\u00fablica, ya est\u00e1 la posibilidad de la Rep\u00fablica; ahora guarda con lo que van a elegir porque la libertad y la responsabilidad\u2026","rel":"","context":"En \u00abElecciones 2015\u00bb","block_context":{"text":"Elecciones 2015","link":"https:\/\/www.24baires.com\/?cat=74"},"img":{"alt_text":"carri\u00f3","src":"https:\/\/i0.wp.com\/www.24baires.com\/wp-content\/uploads\/2014\/04\/carri%C3%B3.jpg?resize=350%2C200","width":350,"height":200,"srcset":"https:\/\/i0.wp.com\/www.24baires.com\/wp-content\/uploads\/2014\/04\/carri%C3%B3.jpg?resize=350%2C200 1x, https:\/\/i0.wp.com\/www.24baires.com\/wp-content\/uploads\/2014\/04\/carri%C3%B3.jpg?resize=525%2C300 1.5x"},"classes":[]},{"id":61046,"url":"https:\/\/www.24baires.com\/?p=61046","url_meta":{"origin":21629,"position":3},"title":"Macri-Carri\u00f3, la alianza que \u00abtodos\u00bb esperaban","author":"Grupo Sierra","date":"31\/01\/2015","format":false,"excerpt":"El jefe de Gobierno porte\u00f1o y l\u00edder del PRO, Mauricio Macri, anunci\u00f3 hoy un acuerdo con la diputada nacional de la Coalici\u00f3n C\u00edvica, Elisa Carri\u00f3, para las elecciones primarias y abiertas para competir por la candidatura presidencial de este a\u00f1o. A trav\u00e9s de su cuenta de Twitter y Facebook, Macri\u2026","rel":"","context":"En \u00abElecciones 2015\u00bb","block_context":{"text":"Elecciones 2015","link":"https:\/\/www.24baires.com\/?cat=74"},"img":{"alt_text":"macri carri\u00f3","src":"https:\/\/i0.wp.com\/www.24baires.com\/wp-content\/uploads\/2014\/08\/macri-carri%C3%B3.jpg?resize=350%2C200","width":350,"height":200,"srcset":"https:\/\/i0.wp.com\/www.24baires.com\/wp-content\/uploads\/2014\/08\/macri-carri%C3%B3.jpg?resize=350%2C200 1x, https:\/\/i0.wp.com\/www.24baires.com\/wp-content\/uploads\/2014\/08\/macri-carri%C3%B3.jpg?resize=525%2C300 1.5x"},"classes":[]},{"id":104815,"url":"https:\/\/www.24baires.com\/?p=104815","url_meta":{"origin":21629,"position":4},"title":"Carri\u00f3: \u00abPerd\u00ed la confianza en el Presidente\u00bb","author":"AF","date":"07\/10\/2018","format":false,"excerpt":"La principal socia pol\u00edtica de la alianza gobernante le apunt\u00f3 por primera vez al presidente Mauricio Macri. Luego de sus cruces con el ministro de Justicia, Germ\u00e1n Garavano, y su enojo por la salida de la AFIP de tres funcionarios que ten\u00edan su \"apoyo\", la l\u00edder de la Coalici\u00f3n C\u00edvica\u2026","rel":"","context":"En \u00abPol\u00edtica\u00bb","block_context":{"text":"Pol\u00edtica","link":"https:\/\/www.24baires.com\/?cat=51"},"img":{"alt_text":"","src":"https:\/\/i0.wp.com\/www.24baires.com\/wp-content\/uploads\/2018\/07\/carri%C3%B3.jpg?resize=350%2C200","width":350,"height":200,"srcset":"https:\/\/i0.wp.com\/www.24baires.com\/wp-content\/uploads\/2018\/07\/carri%C3%B3.jpg?resize=350%2C200 1x, https:\/\/i0.wp.com\/www.24baires.com\/wp-content\/uploads\/2018\/07\/carri%C3%B3.jpg?resize=525%2C300 1.5x"},"classes":[]},{"id":85579,"url":"https:\/\/www.24baires.com\/?p=85579","url_meta":{"origin":21629,"position":5},"title":"\u00abEspero que con Carri\u00f3 sigamos trabajando juntas mucho tiempo m\u00e1s\u00bb","author":"AF","date":"28\/07\/2016","format":false,"excerpt":"Tras la cena en Exaltaci\u00f3n de la Cruz, la gobernadora de Buenos Aires dijo que el de anoche no fue el primer encuentro que mantiene con la diputada y asegur\u00f3 que tienen \"una excelente relaci\u00f3n\". La gobernadora de la provincia de Buenos Aires, Mar\u00eda Eugenia Vidal, dijo que el de\u2026","rel":"","context":"En \u00abPol\u00edtica\u00bb","block_context":{"text":"Pol\u00edtica","link":"https:\/\/www.24baires.com\/?cat=51"},"img":{"alt_text":"carri\u00f3 vidal","src":"https:\/\/i0.wp.com\/www.24baires.com\/wp-content\/uploads\/2016\/07\/carri%C3%B3-vidal.jpg?resize=350%2C200","width":350,"height":200,"srcset":"https:\/\/i0.wp.com\/www.24baires.com\/wp-content\/uploads\/2016\/07\/carri%C3%B3-vidal.jpg?resize=350%2C200 1x, https:\/\/i0.wp.com\/www.24baires.com\/wp-content\/uploads\/2016\/07\/carri%C3%B3-vidal.jpg?resize=525%2C300 1.5x"},"classes":[]}],"jetpack_sharing_enabled":true,"jetpack_likes_enabled":true,"_links":{"self":[{"href":"https:\/\/www.24baires.com\/index.php?rest_route=\/wp\/v2\/posts\/21629","targetHints":{"allow":["GET"]}}],"collection":[{"href":"https:\/\/www.24baires.com\/index.php?rest_route=\/wp\/v2\/posts"}],"about":[{"href":"https:\/\/www.24baires.com\/index.php?rest_route=\/wp\/v2\/types\/post"}],"author":[{"embeddable":true,"href":"https:\/\/www.24baires.com\/index.php?rest_route=\/wp\/v2\/users\/4"}],"replies":[{"embeddable":true,"href":"https:\/\/www.24baires.com\/index.php?rest_route=%2Fwp%2Fv2%2Fcomments&post=21629"}],"version-history":[{"count":1,"href":"https:\/\/www.24baires.com\/index.php?rest_route=\/wp\/v2\/posts\/21629\/revisions"}],"predecessor-version":[{"id":21630,"href":"https:\/\/www.24baires.com\/index.php?rest_route=\/wp\/v2\/posts\/21629\/revisions\/21630"}],"wp:attachment":[{"href":"https:\/\/www.24baires.com\/index.php?rest_route=%2Fwp%2Fv2%2Fmedia&parent=21629"}],"wp:term":[{"taxonomy":"category","embeddable":true,"href":"https:\/\/www.24baires.com\/index.php?rest_route=%2Fwp%2Fv2%2Fcategories&post=21629"},{"taxonomy":"post_tag","embeddable":true,"href":"https:\/\/www.24baires.com\/index.php?rest_route=%2Fwp%2Fv2%2Ftags&post=21629"}],"curies":[{"name":"wp","href":"https:\/\/api.w.org\/{rel}","templated":true}]}}